{"id":59156,"date":"2025-09-13T13:02:48","date_gmt":"2025-09-13T16:02:48","guid":{"rendered":"https:\/\/radiorevelacionfm.cl\/?p=59156"},"modified":"2025-09-13T13:02:48","modified_gmt":"2025-09-13T16:02:48","slug":"region-de-aysen-con-la-implementacion-de-la-reforma-de-pensiones-a-partir-de-septiembre-mas-de-1-960-personas-recibiran-250-000-de-pgu","status":"publish","type":"post","link":"https:\/\/radiorevelacionfm.cl\/?p=59156","title":{"rendered":"Regi\u00f3n de Ays\u00e9n: con la implementaci\u00f3n de la Reforma de Pensiones a partir de septiembre m\u00e1s de 1.960 personas recibir\u00e1n $250.000 de PGU"},"content":{"rendered":"<div class=\"flex_column av_one_full  flex_column_div av-zero-column-padding first  avia-builder-el-0  el_before_av_one_full  avia-builder-el-first  \" style='border-radius:0px; '><div  class='avia-image-container  av-styling-    avia-builder-el-1  avia-builder-el-no-sibling  avia-align-center '  itemprop=\"image\" itemscope=\"itemscope\" itemtype=\"https:\/\/schema.org\/ImageObject\"  ><div class='avia-image-container-inner'><div class='avia-image-overlay-wrap'><img decoding=\"async\" class='wp-image-59157 avia-img-lazy-loading-not-59157 avia_image' src=\"https:\/\/radiorevelacionfm.cl\/wp-content\/uploads\/2025\/09\/Charla_AumentoPGUyReforma_sept-2-1-1.jpeg\" alt='' title='Charla_AumentoPGUyReforma_sept (2) (1) (1)' height=\"600\" width=\"800\"  itemprop=\"thumbnailUrl\" srcset=\"https:\/\/radiorevelacionfm.cl\/wp-content\/uploads\/2025\/09\/Charla_AumentoPGUyReforma_sept-2-1-1.jpeg 800w, https:\/\/radiorevelacionfm.cl\/wp-content\/uploads\/2025\/09\/Charla_AumentoPGUyReforma_sept-2-1-1-300x225.jpeg 300w, https:\/\/radiorevelacionfm.cl\/wp-content\/uploads\/2025\/09\/Charla_AumentoPGUyReforma_sept-2-1-1-768x576.jpeg 768w, https:\/\/radiorevelacionfm.cl\/wp-content\/uploads\/2025\/09\/Charla_AumentoPGUyReforma_sept-2-1-1-705x529.jpeg 705w, https:\/\/radiorevelacionfm.cl\/wp-content\/uploads\/2025\/09\/Charla_AumentoPGUyReforma_sept-2-1-1-450x338.jpeg 450w, https:\/\/radiorevelacionfm.cl\/wp-content\/uploads\/2025\/09\/Charla_AumentoPGUyReforma_sept-2-1-1-600x450.jpeg 600w\" sizes=\"(max-width: 800px) 100vw, 800px\" \/><\/div><\/div><\/div><\/div><div class=\"flex_column av_one_full  flex_column_div av-zero-column-padding first  avia-builder-el-2  el_after_av_one_full  el_before_av_one_full  column-top-margin\" style='border-radius:0px; '><section class=\"av_textblock_section \"  itemscope=\"itemscope\" itemtype=\"https:\/\/schema.org\/BlogPosting\" itemprop=\"blogPost\" ><div class='avia_textblock  '   itemprop=\"text\" ><p style=\"text-align: center;\"><span style=\"font-size: 18pt;\"><b>Regi\u00f3n de Ays\u00e9n: con la implementaci\u00f3n de la Reforma de Pensiones a partir de septiembre m\u00e1s de 1.960 personas recibir\u00e1n $250.000 de PGU<\/b><\/span><\/p>\n<div id=\"gtx-trans\" style=\"position: absolute; left: -50px; top: 4.31534px;\">\n<div class=\"gtx-trans-icon\"><\/div>\n<\/div>\n<\/div><\/section><\/div><div class=\"flex_column av_one_full  flex_column_div av-zero-column-padding first  avia-builder-el-4  el_after_av_one_full  el_before_av_hr  column-top-margin\" style='border-radius:0px; '><section class=\"av_textblock_section \"  itemscope=\"itemscope\" itemtype=\"https:\/\/schema.org\/BlogPosting\" itemprop=\"blogPost\" ><div class='avia_textblock  '   itemprop=\"text\" ><p style=\"font-weight: 400; text-align: justify;\"><em>Con\u00a0<\/em><em>la nueva Reforma de Pensiones, las personas de 82 y m\u00e1s a\u00f1os recibir\u00e1n aumentada su Pensi\u00f3n Garantizada Universal, PGU, junto a su pensi\u00f3n de este mes, de manera autom\u00e1tica, sin hacer ning\u00fan tr\u00e1mite.<\/em><\/p>\n<p style=\"font-weight: 400; text-align: justify;\">La Reforma de Pensiones contin\u00faa avanzando, con uno de sus grandes hitos, con el inicio del pago del aumento de la PGU a $250 mil pesos para personas de 82 a\u00f1os o m\u00e1s. Es por esto que el Seremi(s) de Trabajo y Previsi\u00f3n Social, Rodrigo D\u00edaz junto a la Seremi de Gobierno, \u00darsula Mix, los directores regionales de Senama, Claudia Andaur y subrogante del Instituto de Previsi\u00f3n Social, IPS ChileAtiende, Maximiliano \u00c1lvarez, acompa\u00f1ados del Seremi de Transportes Hans Zimmerman en representaci\u00f3n del delegado presidencial regional, compartieron una jornada informativa junto a personas mayores, explicando cada una de las etapas de la implementaci\u00f3n de la reforma previsional, aclarando dudas y revisando los casos particulares de los asistentes.<\/p>\n<p style=\"font-weight: 400; text-align: justify;\">A partir del 2 de septiembre, quienes tienen 82 a\u00f1os o m\u00e1s recibir\u00e1n autom\u00e1ticamente este aumento de $250 mil pesos que, en total, beneficiar\u00e1 a cerca de 386 mil personas en nuestro pa\u00eds, en su mayor\u00eda mujeres. Adem\u00e1s, podr\u00e1n acceder a la PGU por primera vez las personas beneficiarias de leyes de reparaci\u00f3n que tengan 82 a\u00f1os o m\u00e1s al 1 de septiembre de 2025 y cumplen con los requisitos.<\/p>\n<p style=\"font-weight: 400; text-align: justify;\">\u201cInformar a nuestras personas mayores sobre la Reforma de Pensiones es un compromiso profundamente humano. Ellas y ellos merecen entender con claridad c\u00f3mo cambia el sistema que asegurar\u00e1 su bienestar, en una regi\u00f3n como Ays\u00e9n donde las distancias y las particularidades del territorio presentan desaf\u00edos \u00fanicos. Este trabajo solo es posible a trav\u00e9s de la coordinaci\u00f3n efectiva y comprometida entre los diferentes servicios p\u00fablicos. Juntos tenemos la responsabilidad de llegar a cada rinc\u00f3n, escuchar, orientar y acompa\u00f1ar para que nadie quede sin la informaci\u00f3n que necesita, para enfrentar su futuro con tranquilidad y dignidad\u201d, afirm\u00f3 la Seremi de Gobierno, \u00darsula Mix Jimenez.<\/p>\n<p style=\"font-weight: 400; text-align: justify;\">Sobre la instancia en la cual \u00e9l expuso junto a su par de Gobierno, el Seremi(s) de Trabajo y Previsi\u00f3n Social, Rodrigo D\u00edaz Cordaro, explic\u00f3, \u201cHablamos de la Reforma de Pensiones y de los beneficios que ella inclu\u00eda explicando la gradualidad y los diferentes beneficios que va incorporando. En la audiencia tuvimos personas de 82 a\u00f1os y m\u00e1s que ahora recibir\u00e1n esta pensi\u00f3n de $250.000 pesos, lo que fue muy valorado y tambi\u00e9n dentro p\u00fablico hay personas que la van a recibir el pr\u00f3ximo a\u00f1o o en el 2027 y todos reconocen el aporte que significa esta mejora, como un hito fundamental para mejorar en concreto sus pensiones\u201d.<\/p>\n<p style=\"font-weight: 400; text-align: justify;\">Tal como mencion\u00f3 el seremi D\u00edaz Cordaro, la Reforma de Pensiones, promulgada en marzo de 2025, contempl\u00f3 el aumento de la PGU de $214.296 a $224.004 desde el 1 de febrero, para llegar a los $250.000 actualmente. Este aumento se realizar\u00e1 en tres tramos, seg\u00fan la edad de las y los beneficiarios:<\/p>\n<p style=\"font-weight: 400; text-align: justify;\">\u00d8\u00a0\u00a0A 6 meses de publicada la ley, para beneficiarias y beneficiarios de la PGU de 82 a\u00f1os o m\u00e1s: septiembre 2025<\/p>\n<p style=\"font-weight: 400; text-align: justify;\">\u00d8\u00a0\u00a0En los 12 meses siguientes, para beneficiarias y beneficiarios de la PGU de 75 a\u00f1os o m\u00e1s: septiembre 2026.<\/p>\n<p style=\"font-weight: 400; text-align: justify;\">\u00d8\u00a0\u00a0En los 24 meses siguientes, para beneficiarias y beneficiarios de la PGU de 65 a\u00f1os o m\u00e1s: septiembre 2027.<\/p>\n<p style=\"font-weight: 400; text-align: justify;\">El Ministerio de Trabajo y Previsi\u00f3n Social a trav\u00e9s del Instituto de Previsi\u00f3n Social est\u00e1 jugando un rol fundamental en la implementaci\u00f3n de esta reforma, su director(s) regional, Maximiliano \u00c1lvarez, se refiri\u00f3 a la cantidad de beneficiarios regionales, \u201cA partir de este mes de septiembre se cumple un hito muy importante, donde los mayores de 82 a\u00f1os se ven beneficiados con el aumento de su pensi\u00f3n, de $224.000 pesos a $250.000 pesos, lo cual ac\u00e1, directamente en la Regi\u00f3n de Ays\u00e9n, son m\u00e1s de 1.960 los pensionados de la PGU que tendr\u00edan ese aumento\u201d.<\/p>\n<p style=\"font-weight: 400; text-align: justify;\">Juvenal C\u00e1rcamo del Taller Sonia Navarro fue uno de los dirigentes asistentes, quien coment\u00f3, \u201cLa reforma de pensiones, evidentemente trae excelentes noticias, principalmente ahora que los que reciben sus primeros pagos, van a tener un porcentaje m\u00e1s para poder sobrevivir en este mundo. Quedamos claro con respecto a la PGU, que \u00e9ste es un avance para cada uno de los pensionados que est\u00e1n en este momento. Damos las gracias infinitas y agradecer a las autoridades, a los seremis y a las personas que trabajaron y que se dieron el tiempo para poder explicar\u201d.<\/p>\n<p style=\"font-weight: 400; text-align: justify;\">Otro de los asistentes, quien se fue muy entusiasmado ya que su pareja podr\u00eda acceder a la PGU y lo desconoc\u00eda, fue Adolfo Z\u00fa\u00f1iga, \u201cYo ten\u00eda mucho desconocimiento de lo que se inform\u00f3 hoy d\u00eda, me voy muy bien orientado y voy a saber hacer el tr\u00e1mite e inclusive ayudar a mi compa\u00f1era que cumpli\u00f3 65 a\u00f1os y no tiene ninguna pensi\u00f3n, no tiene nada. Muy buena noticia, muy agradecido, muy bien explicado de todos los funcionarios y las autoridades que han estado hoy\u201d.<\/p>\n<p style=\"font-weight: 400; text-align: justify;\"><strong><u>Requisitos para obtener la PGU y otros beneficios de la Reforma de Pensiones\u00a0<\/u><\/strong><\/p>\n<p style=\"font-weight: 400; text-align: justify;\">Otros de los beneficios que contempla la reforma, y que estar\u00e1 en marcha prontamente, incluye un beneficio por a\u00f1os cotizados, cuyo monto ser\u00e1 de 0,1 UF por cada a\u00f1o cotizado al sistema de pensiones, con un m\u00e1ximo de 2,5 UF. Para esto, se exigir\u00e1 un m\u00ednimo inicial de 10 a\u00f1os cotizados para las mujeres y 20 a\u00f1os para los hombres. Asimismo, contempla una compensaci\u00f3n por diferencias de expectativas de vida, cuyo monto se determina de tal forma que una mujer y un hombre que se jubilan a los 65 a\u00f1os con el mismo ahorro e igual grupo familiar, obtengan la misma pensi\u00f3n con un valor m\u00ednimo de 0,25 UF mensuales.<\/p>\n<p style=\"font-weight: 400; text-align: justify;\">Adem\u00e1s, la Reforma de Pensiones ampli\u00f3 la cobertura del Seguro de Lagunas Previsionales de la Ley 19.728, que permitir\u00e1 cubrir las cotizaciones en per\u00edodos de cesant\u00eda con cargo a sus cuentas individuales del Seguro de Cesant\u00eda. La Reforma de Pensiones tambi\u00e9n incluye un incremento del pago de cotizaciones, recuper\u00e1ndose el pago que anteriormente realizaban los empleadores, aportando al sistema de pensiones, el cual es gradual y progresivo, comenzando con un 1% en las remuneraciones del mes de agosto, que se pagan hasta el 13 de septiembre de manera electr\u00f3nica, v\u00eda Previred.<\/p>\n<p style=\"font-weight: 400; text-align: justify;\">Para obtener la Pensi\u00f3n Garantizada Universal, PGU, se deben cumplir algunos requisitos. Los principales son: tener 65 a\u00f1os o m\u00e1s; no integrar un grupo familiar del 10 % m\u00e1s rico de la poblaci\u00f3n del pa\u00eds (esto se determina en el IPS); tener una pensi\u00f3n base menor o igual a $1.210.828; y acreditar al menos 20 a\u00f1os de residencia en Chile desde los 20 a\u00f1os de edad, y 4 de los \u00faltimos 5 a\u00f1os anteriores a la fecha de la solicitud.<\/p>\n<p style=\"font-weight: 400; text-align: justify;\">\u00a0\u00a0\u00bfD\u00f3nde se solicita la PGU?<\/p>\n<ul style=\"font-weight: 400; text-align: justify;\">\n<li>En sucursales ChileAtiende del Instituto de Previsi\u00f3n Social.<\/li>\n<\/ul>\n<ul style=\"font-weight: 400; text-align: justify;\">\n<li>Por Internet: en\u00a0<a href=\"http:\/\/www.chileatiende.cl\/\" data-saferedirecturl=\"https:\/\/www.google.com\/url?q=http:\/\/www.chileatiende.cl&amp;source=gmail&amp;ust=1757860435814000&amp;usg=AOvVaw3A0o2rcE2E9cH2zQ7ooq_0\">www.chileatiende.cl<\/a>\u00a0con Clave\u00danica.<\/li>\n<\/ul>\n<ul style=\"font-weight: 400; text-align: justify;\">\n<li>Por Videoatenci\u00f3n: conectando con un ejecutivo en\u00a0<a href=\"http:\/\/www.chileatiende.cl\/\" data-saferedirecturl=\"https:\/\/www.google.com\/url?q=http:\/\/www.chileatiende.cl&amp;source=gmail&amp;ust=1757860435814000&amp;usg=AOvVaw3A0o2rcE2E9cH2zQ7ooq_0\">www.chileatiende.cl<\/a>\u00a0mediante una videollamada a trav\u00e9s del tel\u00e9fono o computador.<\/li>\n<\/ul>\n<p style=\"font-weight: 400; text-align: justify;\">Para mayor orientaci\u00f3n, se puede llamar al tel\u00e9fono 101, al 600 440 0040, escribir a las redes sociales @chileatiende o visitar sus sucursales de Puerto Cisnes, Puerto Ays\u00e9n, Chile Chico, Cochrane o Coyhaique. Para tener mayor informaci\u00f3n sobre la Reforma de Pensiones, se puede visitar el sitio web\u00a0<a href=\"http:\/\/www.lareformadepensiones.cl\/\" data-saferedirecturl=\"https:\/\/www.google.com\/url?q=http:\/\/www.lareformadepensiones.cl&amp;source=gmail&amp;ust=1757860435814000&amp;usg=AOvVaw2ZDF0t0gO4cZp4duYSz27e\">www.lareformadepensiones.cl<\/a>.<\/p>\n<\/div><\/section><\/div><div  style='height:50px' class='hr hr-invisible   avia-builder-el-6  el_after_av_one_full  el_before_av_social_share '><span class='hr-inner ' ><span class='hr-inner-style'><\/span><\/span><\/div><\/p>\n<div  class='av-social-sharing-box  avia-builder-el-7  el_after_av_hr  el_before_av_hr  '><div class='av-share-box'><h5 class='av-share-link-description av-no-toc '>Compartir esta noticia<\/h5><ul class='av-share-box-list noLightbox'><li class='av-share-link av-social-link-facebook' ><a target=\"_blank\" aria-label=\"Compartir en Facebook\" href='https:\/\/www.facebook.com\/sharer.php?u=https:\/\/radiorevelacionfm.cl\/?p=59156&#038;t=Regi%C3%B3n%20de%20Ays%C3%A9n%3A%20con%20la%20implementaci%C3%B3n%20de%20la%20Reforma%20de%20Pensiones%20a%20partir%20de%20septiembre%20m%C3%A1s%20de%201.960%20personas%20recibir%C3%A1n%20%24250.000%20de%20PGU' aria-hidden='false' data-av_icon='\ue8f3' data-av_iconfont='entypo-fontello' title='' data-avia-related-tooltip='Compartir en Facebook' rel=\"noopener\"><span class='avia_hidden_link_text'>Compartir en Facebook<\/span><\/a><\/li><li class='av-share-link av-social-link-twitter' ><a target=\"_blank\" aria-label=\"Compartir en Twitter\" href='https:\/\/twitter.com\/share?text=Regi%C3%B3n%20de%20Ays%C3%A9n%3A%20con%20la%20implementaci%C3%B3n%20de%20la%20Reforma%20de%20Pensiones%20a%20partir%20de%20septiembre%20m%C3%A1s%20de%201.960%20personas%20recibir%C3%A1n%20%24250.000%20de%20PGU&#038;url=https:\/\/radiorevelacionfm.cl\/?p=59156' aria-hidden='false' data-av_icon='\ue8f1' data-av_iconfont='entypo-fontello' title='' data-avia-related-tooltip='Compartir en Twitter' rel=\"noopener\"><span class='avia_hidden_link_text'>Compartir en Twitter<\/span><\/a><\/li><li class='av-share-link av-social-link-whatsapp' ><a target=\"_blank\" aria-label=\"Compartir en Whatsapp\" href='https:\/\/api.whatsapp.com\/send?text=https:\/\/radiorevelacionfm.cl\/?p=59156' aria-hidden='false' data-av_icon='\uf232' data-av_iconfont='entypo-fontello' title='' data-avia-related-tooltip='Compartir en Whatsapp' rel=\"noopener\"><span class='avia_hidden_link_text'>Compartir en Whatsapp<\/span><\/a><\/li><li class='av-share-link av-social-link-linkedin' ><a target=\"_blank\" aria-label=\"Compartir en LinkedIn\" href='https:\/\/linkedin.com\/shareArticle?mini=true&#038;title=Regi%C3%B3n%20de%20Ays%C3%A9n%3A%20con%20la%20implementaci%C3%B3n%20de%20la%20Reforma%20de%20Pensiones%20a%20partir%20de%20septiembre%20m%C3%A1s%20de%201.960%20personas%20recibir%C3%A1n%20%24250.000%20de%20PGU&#038;url=https:\/\/radiorevelacionfm.cl\/?p=59156' aria-hidden='false' data-av_icon='\ue8fc' data-av_iconfont='entypo-fontello' title='' data-avia-related-tooltip='Compartir en LinkedIn' rel=\"noopener\"><span class='avia_hidden_link_text'>Compartir en LinkedIn<\/span><\/a><\/li><li class='av-share-link av-social-link-mail' ><a  aria-label=\"Compartir por correo\" href='mailto:?subject=Regi%C3%B3n%20de%20Ays%C3%A9n%3A%20con%20la%20implementaci%C3%B3n%20de%20la%20Reforma%20de%20Pensiones%20a%20partir%20de%20septiembre%20m%C3%A1s%20de%201.960%20personas%20recibir%C3%A1n%20%24250.000%20de%20PGU&#038;body=https:\/\/radiorevelacionfm.cl\/?p=59156' aria-hidden='false' data-av_icon='\ue805' data-av_iconfont='entypo-fontello' title='' data-avia-related-tooltip='Compartir por correo'><span class='avia_hidden_link_text'>Compartir por correo<\/span><\/a><\/li><\/ul><\/div><\/div>\n<div  style='height:50px' class='hr hr-invisible   avia-builder-el-8  el_after_av_social_share  el_before_av_comments_list '><span class='hr-inner ' ><span class='hr-inner-style'><\/span><\/span><\/div>\n<div  class='av-buildercomment  av-blog-meta-html-info-disabled av-blog-meta-tag-disabled  '><\/div>\n","protected":false},"excerpt":{"rendered":"","protected":false},"author":1,"featured_media":59157,"comment_status":"closed","ping_status":"closed","sticky":false,"template":"","format":"standard","meta":{"footnotes":""},"categories":[38],"tags":[],"class_list":["post-59156","post","type-post","status-publish","format-standard","has-post-thumbnail","hentry","category-regional"],"jetpack_featured_media_url":"https:\/\/radiorevelacionfm.cl\/wp-content\/uploads\/2025\/09\/Charla_AumentoPGUyReforma_sept-2-1-1.jpeg","_links":{"self":[{"href":"https:\/\/radiorevelacionfm.cl\/index.php?rest_route=\/wp\/v2\/posts\/59156","targetHints":{"allow":["GET"]}}],"collection":[{"href":"https:\/\/radiorevelacionfm.cl\/index.php?rest_route=\/wp\/v2\/posts"}],"about":[{"href":"https:\/\/radiorevelacionfm.cl\/index.php?rest_route=\/wp\/v2\/types\/post"}],"author":[{"embeddable":true,"href":"https:\/\/radiorevelacionfm.cl\/index.php?rest_route=\/wp\/v2\/users\/1"}],"replies":[{"embeddable":true,"href":"https:\/\/radiorevelacionfm.cl\/index.php?rest_route=%2Fwp%2Fv2%2Fcomments&post=59156"}],"version-history":[{"count":2,"href":"https:\/\/radiorevelacionfm.cl\/index.php?rest_route=\/wp\/v2\/posts\/59156\/revisions"}],"predecessor-version":[{"id":59159,"href":"https:\/\/radiorevelacionfm.cl\/index.php?rest_route=\/wp\/v2\/posts\/59156\/revisions\/59159"}],"wp:featuredmedia":[{"embeddable":true,"href":"https:\/\/radiorevelacionfm.cl\/index.php?rest_route=\/wp\/v2\/media\/59157"}],"wp:attachment":[{"href":"https:\/\/radiorevelacionfm.cl\/index.php?rest_route=%2Fwp%2Fv2%2Fmedia&parent=59156"}],"wp:term":[{"taxonomy":"category","embeddable":true,"href":"https:\/\/radiorevelacionfm.cl\/index.php?rest_route=%2Fwp%2Fv2%2Fcategories&post=59156"},{"taxonomy":"post_tag","embeddable":true,"href":"https:\/\/radiorevelacionfm.cl\/index.php?rest_route=%2Fwp%2Fv2%2Ftags&post=59156"}],"curies":[{"name":"wp","href":"https:\/\/api.w.org\/{rel}","templated":true}]}}