{"id":59152,"date":"2025-09-12T21:09:01","date_gmt":"2025-09-13T00:09:01","guid":{"rendered":"https:\/\/radiorevelacionfm.cl\/?p=59152"},"modified":"2025-09-12T21:09:01","modified_gmt":"2025-09-13T00:09:01","slug":"gobierno-llama-a-la-responsabilidad-y-al-autocuidado-con-fonda-preventiva-por-un-18-seguro","status":"publish","type":"post","link":"https:\/\/radiorevelacionfm.cl\/?p=59152","title":{"rendered":"Gobierno llama a la responsabilidad y al autocuidado con Fonda Preventiva \u201cPor un 18 Seguro\u201d"},"content":{"rendered":"<div class=\"flex_column av_one_full  flex_column_div av-zero-column-padding first  avia-builder-el-0  el_before_av_one_full  avia-builder-el-first  \" style='border-radius:0px; '><div  class='avia-image-container  av-styling-    avia-builder-el-1  avia-builder-el-no-sibling  avia-align-center '  itemprop=\"image\" itemscope=\"itemscope\" itemtype=\"https:\/\/schema.org\/ImageObject\"  ><div class='avia-image-container-inner'><div class='avia-image-overlay-wrap'><img decoding=\"async\" class='wp-image-59153 avia-img-lazy-loading-not-59153 avia_image' src=\"https:\/\/radiorevelacionfm.cl\/wp-content\/uploads\/2025\/09\/whatsapp-image-2025-09-12-at-17_optimized.17.54-3-1-1.jpeg\" alt='' title='whatsapp-image-2025-09-12-at-17_optimized.17.54-(3)-(1) (1)' height=\"600\" width=\"800\"  itemprop=\"thumbnailUrl\" srcset=\"https:\/\/radiorevelacionfm.cl\/wp-content\/uploads\/2025\/09\/whatsapp-image-2025-09-12-at-17_optimized.17.54-3-1-1.jpeg 800w, https:\/\/radiorevelacionfm.cl\/wp-content\/uploads\/2025\/09\/whatsapp-image-2025-09-12-at-17_optimized.17.54-3-1-1-300x225.jpeg 300w, https:\/\/radiorevelacionfm.cl\/wp-content\/uploads\/2025\/09\/whatsapp-image-2025-09-12-at-17_optimized.17.54-3-1-1-768x576.jpeg 768w, https:\/\/radiorevelacionfm.cl\/wp-content\/uploads\/2025\/09\/whatsapp-image-2025-09-12-at-17_optimized.17.54-3-1-1-705x529.jpeg 705w, https:\/\/radiorevelacionfm.cl\/wp-content\/uploads\/2025\/09\/whatsapp-image-2025-09-12-at-17_optimized.17.54-3-1-1-450x338.jpeg 450w, https:\/\/radiorevelacionfm.cl\/wp-content\/uploads\/2025\/09\/whatsapp-image-2025-09-12-at-17_optimized.17.54-3-1-1-600x450.jpeg 600w\" sizes=\"(max-width: 800px) 100vw, 800px\" \/><\/div><\/div><\/div><\/div><div class=\"flex_column av_one_full  flex_column_div av-zero-column-padding first  avia-builder-el-2  el_after_av_one_full  el_before_av_one_full  column-top-margin\" style='border-radius:0px; '><section class=\"av_textblock_section \"  itemscope=\"itemscope\" itemtype=\"https:\/\/schema.org\/BlogPosting\" itemprop=\"blogPost\" ><div class='avia_textblock  '   itemprop=\"text\" ><p style=\"text-align: center;\"><span style=\"font-size: 18pt;\"><b>Gobierno llama a la responsabilidad y al autocuidado con Fonda Preventiva \u201cPor un 18 Seguro\u201d<\/b><\/span><\/p>\n<div id=\"gtx-trans\" style=\"position: absolute; left: -50px; top: 4.31534px;\">\n<div class=\"gtx-trans-icon\"><\/div>\n<\/div>\n<\/div><\/section><\/div><div class=\"flex_column av_one_full  flex_column_div av-zero-column-padding first  avia-builder-el-4  el_after_av_one_full  el_before_av_hr  column-top-margin\" style='border-radius:0px; '><section class=\"av_textblock_section \"  itemscope=\"itemscope\" itemtype=\"https:\/\/schema.org\/BlogPosting\" itemprop=\"blogPost\" ><div class='avia_textblock  '   itemprop=\"text\" ><p style=\"font-weight: 400; text-align: justify;\">El Gobierno y el Estado en su conjunto est\u00e1n trabajando en terreno, coordinando esfuerzos en \u00e1reas clave como seguridad, transportes, carreteras, fiscalizaci\u00f3n de alimentos y salud, para que las familias disfruten estas Fiestas Patrias de forma segura.<\/p>\n<p style=\"font-weight: 400; text-align: justify;\">Entre las acciones destacan la Fonda Preventiva Por un 18 Seguro, del programa Gobierno en Terreno, instalada este viernes en la plaza de Coyhaique, por la Delegaci\u00f3n Presidencial Regional, junto a m\u00e1s de 20 instituciones p\u00fablicas y privadas pertinentes<\/p>\n<p style=\"font-weight: 400; text-align: justify;\">\u201cTodos los servicios de nuestro gobierno van a estar desplegados este fin de semana y el pr\u00f3ximo para que la gente tenga fiestas patrias seguras. Lo fundamental aqu\u00ed es el autocuidado, por lo que nuestra recomendaci\u00f3n es que cada uno se haga cargo de s\u00ed mismo, de su familia y todos disfrutemos de la manera m\u00e1s sana posible\u201d, indic\u00f3 el Delegado Presidencial Regional, Jorge D\u00edaz Guzm\u00e1n, al instar a la ciudadan\u00eda a la responsabilidad y al autocuidado.<\/p>\n<p style=\"font-weight: 400; text-align: justify;\">Este mensaje fue reforzado por las autoridades y servicios presentes en el despliegue, entre ellos, los seremis del Trabajo y Previsi\u00f3n Social (s), Rodrigo D\u00edaz; de la Mujer y Equidad de G\u00e9nero, Isidora Gacit\u00faa; de Salud, Gloria \u00c1guila; y de Gobierno, \u00darsula Mix.<\/p>\n<p style=\"font-weight: 400; text-align: justify;\"><strong>Seguridad P\u00fablica<\/strong><\/p>\n<p style=\"font-weight: 400; text-align: justify;\">En materia de seguridad se contempla refuerzo policial de Carabineros para proteger y prevenir delitos en lugares con alta afluencia de p\u00fablico; instalaci\u00f3n de cuarteles temporales para prevenir delitos y reforzar control; control de comercio ambulante y rutas por robo de veh\u00edculos de transporte de productos y alimentos; programa Apoyo a V\u00edctimas ampliar\u00e1 horario de atenci\u00f3n a nivel nacional; Denuncia seguro *4242 con operadores y profesionales que trabajar\u00e1n 24\/7; control y fiscalizaci\u00f3n en barrios comerciales, con fiscalizaci\u00f3n de alimentos, alcohol y estacionamientos irregulares, control de cuidadores ilegales y operativos SENDA; y Punto Morado presente en fondas y ramadas para orientaci\u00f3n y acompa\u00f1amiento a v\u00edctimas de violencia de g\u00e9nero.<\/p>\n<p style=\"font-weight: 400; text-align: justify;\"><strong>Trabajo<\/strong><\/p>\n<p style=\"font-weight: 400; text-align: justify;\">En el \u00e1mbito laboral, se contempla fiscalizaci\u00f3n al cumplimiento de los feriados obligatorios e irrenunciables del 18 y 19 de septiembre. Quedan exceptuados de este feriado los trabajadores de clubes, cines, restaurantes, discotecas, pubs, farmacias de turno y servicentros. Adem\u00e1s de locales atendidos por sus propios due\u00f1os y\/o familiares.<\/p>\n<p style=\"font-weight: 400; text-align: justify;\">Existen multas por trabajador entre 5 UTM ($346.325) para microempresas a 20 UTM ($1.385.300) a grandes empresas; y habr\u00e1 fiscalizaciones en terminales de buses por tiempos m\u00e1ximos de conducci\u00f3n de 5 horas.<\/p>\n<p style=\"font-weight: 400; text-align: justify;\"><strong>Salud<\/strong><\/p>\n<p style=\"font-weight: 400; text-align: justify;\">Desde agosto se han desplegado fiscalizaciones en coordinaci\u00f3n con SAG, Municipios, Carabineros y Delegaciones a carnicer\u00edas, veh\u00edculos de transporte de alimentos refrigerados y congelados; restaurantes, elaboradoras de empanadas y cecinas y supermercados.<\/p>\n<p style=\"font-weight: 400; text-align: justify;\">El llamado es a preferir consumir alimentos en lugares establecidos, limpios y sin presencia de basura. Igualmente, lavar las manos antes de cocinar y comer.<\/p>\n<p style=\"font-weight: 400; text-align: justify;\">Se considera apoyo 24\/7 en Salud Mental con operadores y profesionales al Fono *4141 y preferir establecimientos de atenci\u00f3n primaria (SAPU o SAR) para una atenci\u00f3n m\u00e1s fluida.<\/p>\n<\/div><\/section><\/div><div  style='height:50px' class='hr hr-invisible   avia-builder-el-6  el_after_av_one_full  el_before_av_social_share '><span class='hr-inner ' ><span class='hr-inner-style'><\/span><\/span><\/div><\/p>\n<div  class='av-social-sharing-box  avia-builder-el-7  el_after_av_hr  el_before_av_hr  '><div class='av-share-box'><h5 class='av-share-link-description av-no-toc '>Compartir esta noticia<\/h5><ul class='av-share-box-list noLightbox'><li class='av-share-link av-social-link-facebook' ><a target=\"_blank\" aria-label=\"Compartir en Facebook\" href='https:\/\/www.facebook.com\/sharer.php?u=https:\/\/radiorevelacionfm.cl\/?p=59152&#038;t=Gobierno%20llama%20a%20la%20responsabilidad%20y%20al%20autocuidado%20con%20Fonda%20Preventiva%20%E2%80%9CPor%20un%2018%20Seguro%E2%80%9D' aria-hidden='false' data-av_icon='\ue8f3' data-av_iconfont='entypo-fontello' title='' data-avia-related-tooltip='Compartir en Facebook' rel=\"noopener\"><span class='avia_hidden_link_text'>Compartir en Facebook<\/span><\/a><\/li><li class='av-share-link av-social-link-twitter' ><a target=\"_blank\" aria-label=\"Compartir en Twitter\" href='https:\/\/twitter.com\/share?text=Gobierno%20llama%20a%20la%20responsabilidad%20y%20al%20autocuidado%20con%20Fonda%20Preventiva%20%E2%80%9CPor%20un%2018%20Seguro%E2%80%9D&#038;url=https:\/\/radiorevelacionfm.cl\/?p=59152' aria-hidden='false' data-av_icon='\ue8f1' data-av_iconfont='entypo-fontello' title='' data-avia-related-tooltip='Compartir en Twitter' rel=\"noopener\"><span class='avia_hidden_link_text'>Compartir en Twitter<\/span><\/a><\/li><li class='av-share-link av-social-link-whatsapp' ><a target=\"_blank\" aria-label=\"Compartir en Whatsapp\" href='https:\/\/api.whatsapp.com\/send?text=https:\/\/radiorevelacionfm.cl\/?p=59152' aria-hidden='false' data-av_icon='\uf232' data-av_iconfont='entypo-fontello' title='' data-avia-related-tooltip='Compartir en Whatsapp' rel=\"noopener\"><span class='avia_hidden_link_text'>Compartir en Whatsapp<\/span><\/a><\/li><li class='av-share-link av-social-link-linkedin' ><a target=\"_blank\" aria-label=\"Compartir en LinkedIn\" href='https:\/\/linkedin.com\/shareArticle?mini=true&#038;title=Gobierno%20llama%20a%20la%20responsabilidad%20y%20al%20autocuidado%20con%20Fonda%20Preventiva%20%E2%80%9CPor%20un%2018%20Seguro%E2%80%9D&#038;url=https:\/\/radiorevelacionfm.cl\/?p=59152' aria-hidden='false' data-av_icon='\ue8fc' data-av_iconfont='entypo-fontello' title='' data-avia-related-tooltip='Compartir en LinkedIn' rel=\"noopener\"><span class='avia_hidden_link_text'>Compartir en LinkedIn<\/span><\/a><\/li><li class='av-share-link av-social-link-mail' ><a  aria-label=\"Compartir por correo\" href='mailto:?subject=Gobierno%20llama%20a%20la%20responsabilidad%20y%20al%20autocuidado%20con%20Fonda%20Preventiva%20%E2%80%9CPor%20un%2018%20Seguro%E2%80%9D&#038;body=https:\/\/radiorevelacionfm.cl\/?p=59152' aria-hidden='false' data-av_icon='\ue805' data-av_iconfont='entypo-fontello' title='' data-avia-related-tooltip='Compartir por correo'><span class='avia_hidden_link_text'>Compartir por correo<\/span><\/a><\/li><\/ul><\/div><\/div>\n<div  style='height:50px' class='hr hr-invisible   avia-builder-el-8  el_after_av_social_share  el_before_av_comments_list '><span class='hr-inner ' ><span class='hr-inner-style'><\/span><\/span><\/div>\n<div  class='av-buildercomment  av-blog-meta-html-info-disabled av-blog-meta-tag-disabled  '><\/div>\n","protected":false},"excerpt":{"rendered":"","protected":false},"author":1,"featured_media":59153,"comment_status":"closed","ping_status":"closed","sticky":false,"template":"","format":"standard","meta":{"footnotes":""},"categories":[38],"tags":[],"class_list":["post-59152","post","type-post","status-publish","format-standard","has-post-thumbnail","hentry","category-regional"],"jetpack_featured_media_url":"https:\/\/radiorevelacionfm.cl\/wp-content\/uploads\/2025\/09\/whatsapp-image-2025-09-12-at-17_optimized.17.54-3-1-1.jpeg","_links":{"self":[{"href":"https:\/\/radiorevelacionfm.cl\/index.php?rest_route=\/wp\/v2\/posts\/59152","targetHints":{"allow":["GET"]}}],"collection":[{"href":"https:\/\/radiorevelacionfm.cl\/index.php?rest_route=\/wp\/v2\/posts"}],"about":[{"href":"https:\/\/radiorevelacionfm.cl\/index.php?rest_route=\/wp\/v2\/types\/post"}],"author":[{"embeddable":true,"href":"https:\/\/radiorevelacionfm.cl\/index.php?rest_route=\/wp\/v2\/users\/1"}],"replies":[{"embeddable":true,"href":"https:\/\/radiorevelacionfm.cl\/index.php?rest_route=%2Fwp%2Fv2%2Fcomments&post=59152"}],"version-history":[{"count":2,"href":"https:\/\/radiorevelacionfm.cl\/index.php?rest_route=\/wp\/v2\/posts\/59152\/revisions"}],"predecessor-version":[{"id":59155,"href":"https:\/\/radiorevelacionfm.cl\/index.php?rest_route=\/wp\/v2\/posts\/59152\/revisions\/59155"}],"wp:featuredmedia":[{"embeddable":true,"href":"https:\/\/radiorevelacionfm.cl\/index.php?rest_route=\/wp\/v2\/media\/59153"}],"wp:attachment":[{"href":"https:\/\/radiorevelacionfm.cl\/index.php?rest_route=%2Fwp%2Fv2%2Fmedia&parent=59152"}],"wp:term":[{"taxonomy":"category","embeddable":true,"href":"https:\/\/radiorevelacionfm.cl\/index.php?rest_route=%2Fwp%2Fv2%2Fcategories&post=59152"},{"taxonomy":"post_tag","embeddable":true,"href":"https:\/\/radiorevelacionfm.cl\/index.php?rest_route=%2Fwp%2Fv2%2Ftags&post=59152"}],"curies":[{"name":"wp","href":"https:\/\/api.w.org\/{rel}","templated":true}]}}