{"id":59140,"date":"2025-09-12T16:38:21","date_gmt":"2025-09-12T19:38:21","guid":{"rendered":"https:\/\/radiorevelacionfm.cl\/?p=59140"},"modified":"2025-09-12T16:38:21","modified_gmt":"2025-09-12T19:38:21","slug":"campus-patagonia-conmemoro-71-anos-de-la-universidad-austral-de-chile","status":"publish","type":"post","link":"https:\/\/radiorevelacionfm.cl\/?p=59140","title":{"rendered":"Campus Patagonia conmemor\u00f3 71 a\u00f1os de la Universidad Austral de Chile"},"content":{"rendered":"<div class=\"flex_column av_one_full  flex_column_div av-zero-column-padding first  avia-builder-el-0  el_before_av_one_full  avia-builder-el-first  \" style='border-radius:0px; '><div  class='avia-image-container  av-styling-    avia-builder-el-1  avia-builder-el-no-sibling  avia-align-center '  itemprop=\"image\" itemscope=\"itemscope\" itemtype=\"https:\/\/schema.org\/ImageObject\"  ><div class='avia-image-container-inner'><div class='avia-image-overlay-wrap'><img decoding=\"async\" class='wp-image-59141 avia-img-lazy-loading-not-59141 avia_image' src=\"https:\/\/radiorevelacionfm.cl\/wp-content\/uploads\/2025\/09\/aniversario-uach-patagonia8-1_optimized-1.jpeg\" alt='' title='aniversario-uach-patagonia8-(1)_optimized (1)' height=\"600\" width=\"800\"  itemprop=\"thumbnailUrl\" srcset=\"https:\/\/radiorevelacionfm.cl\/wp-content\/uploads\/2025\/09\/aniversario-uach-patagonia8-1_optimized-1.jpeg 800w, https:\/\/radiorevelacionfm.cl\/wp-content\/uploads\/2025\/09\/aniversario-uach-patagonia8-1_optimized-1-300x225.jpeg 300w, https:\/\/radiorevelacionfm.cl\/wp-content\/uploads\/2025\/09\/aniversario-uach-patagonia8-1_optimized-1-768x576.jpeg 768w, https:\/\/radiorevelacionfm.cl\/wp-content\/uploads\/2025\/09\/aniversario-uach-patagonia8-1_optimized-1-705x529.jpeg 705w, https:\/\/radiorevelacionfm.cl\/wp-content\/uploads\/2025\/09\/aniversario-uach-patagonia8-1_optimized-1-450x338.jpeg 450w, https:\/\/radiorevelacionfm.cl\/wp-content\/uploads\/2025\/09\/aniversario-uach-patagonia8-1_optimized-1-600x450.jpeg 600w\" sizes=\"(max-width: 800px) 100vw, 800px\" \/><\/div><\/div><\/div><\/div><div class=\"flex_column av_one_full  flex_column_div av-zero-column-padding first  avia-builder-el-2  el_after_av_one_full  el_before_av_one_full  column-top-margin\" style='border-radius:0px; '><section class=\"av_textblock_section \"  itemscope=\"itemscope\" itemtype=\"https:\/\/schema.org\/BlogPosting\" itemprop=\"blogPost\" ><div class='avia_textblock  '   itemprop=\"text\" ><p style=\"text-align: center;\"><strong><span style=\"font-size: 18pt;\">Campus Patagonia conmemor\u00f3 71 a\u00f1os de la Universidad Austral de Chile<\/span><\/strong><\/p>\n<div id=\"gtx-trans\" style=\"position: absolute; left: -50px; top: 4.31534px;\">\n<div class=\"gtx-trans-icon\"><\/div>\n<\/div>\n<\/div><\/section><\/div><div class=\"flex_column av_one_full  flex_column_div av-zero-column-padding first  avia-builder-el-4  el_after_av_one_full  el_before_av_hr  column-top-margin\" style='border-radius:0px; '><section class=\"av_textblock_section \"  itemscope=\"itemscope\" itemtype=\"https:\/\/schema.org\/BlogPosting\" itemprop=\"blogPost\" ><div class='avia_textblock  '   itemprop=\"text\" ><p style=\"text-align: justify;\"><em>En la actividad participaron autoridades regionales, integrantes de la comunidad universitaria e invitados especiales de instituciones p\u00fablicas y privadas.<\/em><\/p>\n<p style=\"text-align: justify;\">Con una solemne ceremonia realizada en el Campus Patagonia de la UACh, se conmemor\u00f3 el septuag\u00e9simo primer aniversario de la Universidad Austral de Chile.<\/p>\n<p style=\"text-align: justify;\">En la ocasi\u00f3n se cont\u00f3 con la presencia de las principales autoridades de Ays\u00e9n, tales como el Gobernador y el Delegado Regional, la Seremi de Educaci\u00f3n, directores de servicios p\u00fablicos, autoridades eclesi\u00e1sticas, representantes de organizaciones gremiales, instituciones de educaci\u00f3n superior, centros de investigaci\u00f3n, empresas privadas e integrantes de toda la comunidad del Campus. En forma especial asisti\u00f3 el Director de Postgrado UACh, Dr. Marcelo G\u00f3mez, quien trajo consigo el saludo institucional del Rector Dr. Egon Montecinos.<\/p>\n<p style=\"text-align: justify;\">Al dar la bienvenida a la actividad, el Director del Campus Patagonia, Prof. Juan Carlos Miranda, valor\u00f3 la presencia universitaria en la zona, haciendo un recorrido por los principales hitos que marcaron la historia de la instituci\u00f3n en Ays\u00e9n y destacando que el proceso de reorientaci\u00f3n que enfrenta la macrounidad es un desaf\u00edo muy relevante para toda la comunidad universitaria. \u201cEl Campus Patagonia mantiene la impronta fundadora de la universidad en el sur austral, as\u00ed como la capacidad de trabajo y compromiso de sus equipos. La presencia de la universidad en todo el territorio regional se mantendr\u00e1 activa. Hagamos, entre todos y todas, ese brillante camino, que se abre ante nosotros. \u00c9ste es el momento preciso para dar un vuelco a lo que habitualmente hacemos, los invito a innovar, crear y so\u00f1ar, hagamos progresar nuestro Campus Patagonia, con el m\u00e1ximo rigor, seriedad y valores universitarios\u201d.<\/p>\n<p style=\"text-align: justify;\">Por su parte, el Director de Postgrado de la UACh, Dr. Marcelo G\u00f3mez, quien entreg\u00f3 el saludo institucional, destac\u00f3 la excelente participaci\u00f3n de autoridades y la comunidad en la ceremonia. \u201cFue una ceremonia muy emocionante, donde conmemoramos los 71 a\u00f1os de nuestra casa de estudios, con una concurrencia muy importante, con autoridades locales y, donde junto al director de Campus, reforzamos nuestro apoyo a la comunidad acad\u00e9mica, funcionarios y estudiantes. Seguiremos apoyando esta reorientaci\u00f3n del Campus, ya que como universidad siempre estaremos presentes ac\u00e1 en la Patagonia y la zona sur de Chile\u201d.<\/p>\n<p style=\"text-align: justify;\">Posteriormente, el Gobernador Regional de Ays\u00e9n(S), Sr. N\u00e9stor Mera, valor\u00f3 la hist\u00f3rica presencia de la universidad en el territorio, aportando no solo con la formaci\u00f3n de cientos de profesionales y t\u00e9cnicos que se desempe\u00f1an a lo largo de toda la regi\u00f3n, sino tambi\u00e9n a trav\u00e9s del desarrollo de iniciativas y proyectos de investigaci\u00f3n que contribuyen al avance de Ays\u00e9n.<\/p>\n<p style=\"text-align: justify;\">Otro momentos significativo se vivi\u00f3 con la entrega de un galvano en nombre de la Municipalidad de Coyhaique, destacando la importancia de la Universidad Austral de Chile en la comuna, a trav\u00e9s de sus proyectos y profesionales que se han destacado por su compromiso con el territorio. Hizo entrega del reconocimiento el Sr. Boris Romero, a nombre del Alcalde Carlos Gatica y su Honorable Concejo Comunal.<\/p>\n<p style=\"text-align: justify;\">Previo a culminar la ceremonia, se present\u00f3 el grupo \u201cCantos, Quinchas y Tradiciones\u201d dirigido por el estudiante Benjam\u00edn Saavedra, quien junto a su hermano El\u00edas, entonaron tradicionales temas folkl\u00f3ricos en arpa y guitarra, como homenaje a las fiestas patrias y al aniversario de la universidad.<\/p>\n<\/div><\/section><\/div><div  style='height:50px' class='hr hr-invisible   avia-builder-el-6  el_after_av_one_full  el_before_av_social_share '><span class='hr-inner ' ><span class='hr-inner-style'><\/span><\/span><\/div><\/p>\n<div  class='av-social-sharing-box  avia-builder-el-7  el_after_av_hr  el_before_av_hr  '><div class='av-share-box'><h5 class='av-share-link-description av-no-toc '>Compartir esta noticia<\/h5><ul class='av-share-box-list noLightbox'><li class='av-share-link av-social-link-facebook' ><a target=\"_blank\" aria-label=\"Compartir en Facebook\" href='https:\/\/www.facebook.com\/sharer.php?u=https:\/\/radiorevelacionfm.cl\/?p=59140&#038;t=Campus%20Patagonia%20conmemor%C3%B3%2071%20a%C3%B1os%20de%20la%20Universidad%20Austral%20de%20Chile' aria-hidden='false' data-av_icon='\ue8f3' data-av_iconfont='entypo-fontello' title='' data-avia-related-tooltip='Compartir en Facebook' rel=\"noopener\"><span class='avia_hidden_link_text'>Compartir en Facebook<\/span><\/a><\/li><li class='av-share-link av-social-link-twitter' ><a target=\"_blank\" aria-label=\"Compartir en Twitter\" href='https:\/\/twitter.com\/share?text=Campus%20Patagonia%20conmemor%C3%B3%2071%20a%C3%B1os%20de%20la%20Universidad%20Austral%20de%20Chile&#038;url=https:\/\/radiorevelacionfm.cl\/?p=59140' aria-hidden='false' data-av_icon='\ue8f1' data-av_iconfont='entypo-fontello' title='' data-avia-related-tooltip='Compartir en Twitter' rel=\"noopener\"><span class='avia_hidden_link_text'>Compartir en Twitter<\/span><\/a><\/li><li class='av-share-link av-social-link-whatsapp' ><a target=\"_blank\" aria-label=\"Compartir en Whatsapp\" href='https:\/\/api.whatsapp.com\/send?text=https:\/\/radiorevelacionfm.cl\/?p=59140' aria-hidden='false' data-av_icon='\uf232' data-av_iconfont='entypo-fontello' title='' data-avia-related-tooltip='Compartir en Whatsapp' rel=\"noopener\"><span class='avia_hidden_link_text'>Compartir en Whatsapp<\/span><\/a><\/li><li class='av-share-link av-social-link-linkedin' ><a target=\"_blank\" aria-label=\"Compartir en LinkedIn\" href='https:\/\/linkedin.com\/shareArticle?mini=true&#038;title=Campus%20Patagonia%20conmemor%C3%B3%2071%20a%C3%B1os%20de%20la%20Universidad%20Austral%20de%20Chile&#038;url=https:\/\/radiorevelacionfm.cl\/?p=59140' aria-hidden='false' data-av_icon='\ue8fc' data-av_iconfont='entypo-fontello' title='' data-avia-related-tooltip='Compartir en LinkedIn' rel=\"noopener\"><span class='avia_hidden_link_text'>Compartir en LinkedIn<\/span><\/a><\/li><li class='av-share-link av-social-link-mail' ><a  aria-label=\"Compartir por correo\" href='mailto:?subject=Campus%20Patagonia%20conmemor%C3%B3%2071%20a%C3%B1os%20de%20la%20Universidad%20Austral%20de%20Chile&#038;body=https:\/\/radiorevelacionfm.cl\/?p=59140' aria-hidden='false' data-av_icon='\ue805' data-av_iconfont='entypo-fontello' title='' data-avia-related-tooltip='Compartir por correo'><span class='avia_hidden_link_text'>Compartir por correo<\/span><\/a><\/li><\/ul><\/div><\/div>\n<div  style='height:50px' class='hr hr-invisible   avia-builder-el-8  el_after_av_social_share  el_before_av_comments_list '><span class='hr-inner ' ><span class='hr-inner-style'><\/span><\/span><\/div>\n<div  class='av-buildercomment  av-blog-meta-html-info-disabled av-blog-meta-tag-disabled  '><\/div>\n","protected":false},"excerpt":{"rendered":"","protected":false},"author":1,"featured_media":59141,"comment_status":"closed","ping_status":"closed","sticky":false,"template":"","format":"standard","meta":{"footnotes":""},"categories":[49],"tags":[],"class_list":["post-59140","post","type-post","status-publish","format-standard","has-post-thumbnail","hentry","category-educacion"],"jetpack_featured_media_url":"https:\/\/radiorevelacionfm.cl\/wp-content\/uploads\/2025\/09\/aniversario-uach-patagonia8-1_optimized-1.jpeg","_links":{"self":[{"href":"https:\/\/radiorevelacionfm.cl\/index.php?rest_route=\/wp\/v2\/posts\/59140","targetHints":{"allow":["GET"]}}],"collection":[{"href":"https:\/\/radiorevelacionfm.cl\/index.php?rest_route=\/wp\/v2\/posts"}],"about":[{"href":"https:\/\/radiorevelacionfm.cl\/index.php?rest_route=\/wp\/v2\/types\/post"}],"author":[{"embeddable":true,"href":"https:\/\/radiorevelacionfm.cl\/index.php?rest_route=\/wp\/v2\/users\/1"}],"replies":[{"embeddable":true,"href":"https:\/\/radiorevelacionfm.cl\/index.php?rest_route=%2Fwp%2Fv2%2Fcomments&post=59140"}],"version-history":[{"count":2,"href":"https:\/\/radiorevelacionfm.cl\/index.php?rest_route=\/wp\/v2\/posts\/59140\/revisions"}],"predecessor-version":[{"id":59143,"href":"https:\/\/radiorevelacionfm.cl\/index.php?rest_route=\/wp\/v2\/posts\/59140\/revisions\/59143"}],"wp:featuredmedia":[{"embeddable":true,"href":"https:\/\/radiorevelacionfm.cl\/index.php?rest_route=\/wp\/v2\/media\/59141"}],"wp:attachment":[{"href":"https:\/\/radiorevelacionfm.cl\/index.php?rest_route=%2Fwp%2Fv2%2Fmedia&parent=59140"}],"wp:term":[{"taxonomy":"category","embeddable":true,"href":"https:\/\/radiorevelacionfm.cl\/index.php?rest_route=%2Fwp%2Fv2%2Fcategories&post=59140"},{"taxonomy":"post_tag","embeddable":true,"href":"https:\/\/radiorevelacionfm.cl\/index.php?rest_route=%2Fwp%2Fv2%2Ftags&post=59140"}],"curies":[{"name":"wp","href":"https:\/\/api.w.org\/{rel}","templated":true}]}}