{"id":59131,"date":"2025-09-12T14:45:54","date_gmt":"2025-09-12T17:45:54","guid":{"rendered":"https:\/\/radiorevelacionfm.cl\/?p=59131"},"modified":"2025-09-12T14:45:54","modified_gmt":"2025-09-12T17:45:54","slug":"empresa-pesquera-debera-pagar-mas-de-300-millones-por-descarte-no-autorizado-durante-faenas-de-pesca","status":"publish","type":"post","link":"https:\/\/radiorevelacionfm.cl\/?p=59131","title":{"rendered":"Empresa pesquera deber\u00e1 pagar m\u00e1s de 300 millones por descarte no autorizado durante faenas de pesca"},"content":{"rendered":"<div class=\"flex_column av_one_full  flex_column_div av-zero-column-padding first  avia-builder-el-0  el_before_av_one_full  avia-builder-el-first  \" style='border-radius:0px; '><div  class='avia-image-container  av-styling-    avia-builder-el-1  avia-builder-el-no-sibling  avia-align-center '  itemprop=\"image\" itemscope=\"itemscope\" itemtype=\"https:\/\/schema.org\/ImageObject\"  ><div class='avia-image-container-inner'><div class='avia-image-overlay-wrap'><img decoding=\"async\" class='wp-image-59132 avia-img-lazy-loading-not-59132 avia_image' src=\"https:\/\/radiorevelacionfm.cl\/wp-content\/uploads\/2025\/09\/22-5-1-1.jpg\" alt='' title='22 (5) (1) (1)' height=\"600\" width=\"800\"  itemprop=\"thumbnailUrl\" srcset=\"https:\/\/radiorevelacionfm.cl\/wp-content\/uploads\/2025\/09\/22-5-1-1.jpg 800w, https:\/\/radiorevelacionfm.cl\/wp-content\/uploads\/2025\/09\/22-5-1-1-300x225.jpg 300w, https:\/\/radiorevelacionfm.cl\/wp-content\/uploads\/2025\/09\/22-5-1-1-768x576.jpg 768w, https:\/\/radiorevelacionfm.cl\/wp-content\/uploads\/2025\/09\/22-5-1-1-705x529.jpg 705w, https:\/\/radiorevelacionfm.cl\/wp-content\/uploads\/2025\/09\/22-5-1-1-450x338.jpg 450w, https:\/\/radiorevelacionfm.cl\/wp-content\/uploads\/2025\/09\/22-5-1-1-600x450.jpg 600w\" sizes=\"(max-width: 800px) 100vw, 800px\" \/><\/div><\/div><\/div><\/div><div class=\"flex_column av_one_full  flex_column_div av-zero-column-padding first  avia-builder-el-2  el_after_av_one_full  el_before_av_one_full  column-top-margin\" style='border-radius:0px; '><section class=\"av_textblock_section \"  itemscope=\"itemscope\" itemtype=\"https:\/\/schema.org\/BlogPosting\" itemprop=\"blogPost\" ><div class='avia_textblock  '   itemprop=\"text\" ><p style=\"text-align: center;\"><span style=\"font-size: 18pt;\"><b>Empresa pesquera deber\u00e1 pagar m\u00e1s de 300 millones por descarte no autorizado durante faenas de pesca<\/b><\/span><\/p>\n<div id=\"gtx-trans\" style=\"position: absolute; left: -50px; top: 4.31534px;\">\n<div class=\"gtx-trans-icon\"><\/div>\n<\/div>\n<\/div><\/section><\/div><div class=\"flex_column av_one_full  flex_column_div av-zero-column-padding first  avia-builder-el-4  el_after_av_one_full  el_before_av_hr  column-top-margin\" style='border-radius:0px; '><section class=\"av_textblock_section \"  itemscope=\"itemscope\" itemtype=\"https:\/\/schema.org\/BlogPosting\" itemprop=\"blogPost\" ><div class='avia_textblock  '   itemprop=\"text\" ><p style=\"font-weight: 400; text-align: justify;\">La Corte Suprema confirm\u00f3 un fallo a favor de Sernapesca por un caso de descarte no autorizado de merluza de cola ejecutado por la Empresa de Desarrollo Pesquero de Chile S.A (EMDEPES S.A).<\/p>\n<p style=\"font-weight: 400; text-align: justify;\">Los hechos constituyen una infracci\u00f3n al art\u00edculo 40 C de la Ley General de Pesca y Acuicultura (LGPA) por descarte no autorizado de merluza de cola durante faenas de pesca realizadas por la nave UNZEN, por lo que la m\u00e1xima corte conden\u00f3 a la empresa al pago de una multa de 4.747 UTM.<\/p>\n<p style=\"font-weight: 400; text-align: justify;\">La infracci\u00f3n fue detectada mediante la revisi\u00f3n de datos del sistema de registro de im\u00e1genes (DRI) instalados a bordo de la nave UNZEN, en el marco del sistema de fiscalizaci\u00f3n remota que Sernapesca mantiene para el monitoreo del descarte. Los registros constataron acciones de descarte de ejemplares de merluza de cola sin contar con autorizaci\u00f3n para ello.<\/p>\n<p style=\"font-weight: 400; text-align: justify;\">Daniela Leiva, directora regional de Sernapesca en Ays\u00e9n, destac\u00f3 lo resuelto por la Corte Suprema: \u201cEste fallo es muy importante porque reafirma la solidez del actuar de Sernapesca. Somos un organismo fiscalizador y nuestra principal labor es asegurar el cumplimiento de la ley. Valoramos el uso de tecnolog\u00eda como apoyo de nuestra labor, pudiendo realizar fiscalizaciones remotas que nos permiten detectar y acreditar infracciones\u201d.<\/p>\n<\/div><\/section><\/div><div  style='height:50px' class='hr hr-invisible   avia-builder-el-6  el_after_av_one_full  el_before_av_social_share '><span class='hr-inner ' ><span class='hr-inner-style'><\/span><\/span><\/div><\/p>\n<div  class='av-social-sharing-box  avia-builder-el-7  el_after_av_hr  el_before_av_hr  '><div class='av-share-box'><h5 class='av-share-link-description av-no-toc '>Compartir esta noticia<\/h5><ul class='av-share-box-list noLightbox'><li class='av-share-link av-social-link-facebook' ><a target=\"_blank\" aria-label=\"Compartir en Facebook\" href='https:\/\/www.facebook.com\/sharer.php?u=https:\/\/radiorevelacionfm.cl\/?p=59131&#038;t=Empresa%20pesquera%20deber%C3%A1%20pagar%20m%C3%A1s%20de%20300%20millones%20por%20descarte%20no%20autorizado%20durante%20faenas%20de%20pesca' aria-hidden='false' data-av_icon='\ue8f3' data-av_iconfont='entypo-fontello' title='' data-avia-related-tooltip='Compartir en Facebook' rel=\"noopener\"><span class='avia_hidden_link_text'>Compartir en Facebook<\/span><\/a><\/li><li class='av-share-link av-social-link-twitter' ><a target=\"_blank\" aria-label=\"Compartir en Twitter\" href='https:\/\/twitter.com\/share?text=Empresa%20pesquera%20deber%C3%A1%20pagar%20m%C3%A1s%20de%20300%20millones%20por%20descarte%20no%20autorizado%20durante%20faenas%20de%20pesca&#038;url=https:\/\/radiorevelacionfm.cl\/?p=59131' aria-hidden='false' data-av_icon='\ue8f1' data-av_iconfont='entypo-fontello' title='' data-avia-related-tooltip='Compartir en Twitter' rel=\"noopener\"><span class='avia_hidden_link_text'>Compartir en Twitter<\/span><\/a><\/li><li class='av-share-link av-social-link-whatsapp' ><a target=\"_blank\" aria-label=\"Compartir en Whatsapp\" href='https:\/\/api.whatsapp.com\/send?text=https:\/\/radiorevelacionfm.cl\/?p=59131' aria-hidden='false' data-av_icon='\uf232' data-av_iconfont='entypo-fontello' title='' data-avia-related-tooltip='Compartir en Whatsapp' rel=\"noopener\"><span class='avia_hidden_link_text'>Compartir en Whatsapp<\/span><\/a><\/li><li class='av-share-link av-social-link-linkedin' ><a target=\"_blank\" aria-label=\"Compartir en LinkedIn\" href='https:\/\/linkedin.com\/shareArticle?mini=true&#038;title=Empresa%20pesquera%20deber%C3%A1%20pagar%20m%C3%A1s%20de%20300%20millones%20por%20descarte%20no%20autorizado%20durante%20faenas%20de%20pesca&#038;url=https:\/\/radiorevelacionfm.cl\/?p=59131' aria-hidden='false' data-av_icon='\ue8fc' data-av_iconfont='entypo-fontello' title='' data-avia-related-tooltip='Compartir en LinkedIn' rel=\"noopener\"><span class='avia_hidden_link_text'>Compartir en LinkedIn<\/span><\/a><\/li><li class='av-share-link av-social-link-mail' ><a  aria-label=\"Compartir por correo\" href='mailto:?subject=Empresa%20pesquera%20deber%C3%A1%20pagar%20m%C3%A1s%20de%20300%20millones%20por%20descarte%20no%20autorizado%20durante%20faenas%20de%20pesca&#038;body=https:\/\/radiorevelacionfm.cl\/?p=59131' aria-hidden='false' data-av_icon='\ue805' data-av_iconfont='entypo-fontello' title='' data-avia-related-tooltip='Compartir por correo'><span class='avia_hidden_link_text'>Compartir por correo<\/span><\/a><\/li><\/ul><\/div><\/div>\n<div  style='height:50px' class='hr hr-invisible   avia-builder-el-8  el_after_av_social_share  el_before_av_comments_list '><span class='hr-inner ' ><span class='hr-inner-style'><\/span><\/span><\/div>\n<div  class='av-buildercomment  av-blog-meta-html-info-disabled av-blog-meta-tag-disabled  '><\/div>\n","protected":false},"excerpt":{"rendered":"","protected":false},"author":1,"featured_media":59132,"comment_status":"closed","ping_status":"closed","sticky":false,"template":"","format":"standard","meta":{"footnotes":""},"categories":[60],"tags":[],"class_list":["post-59131","post","type-post","status-publish","format-standard","has-post-thumbnail","hentry","category-pesca"],"jetpack_featured_media_url":"https:\/\/radiorevelacionfm.cl\/wp-content\/uploads\/2025\/09\/22-5-1-1.jpg","_links":{"self":[{"href":"https:\/\/radiorevelacionfm.cl\/index.php?rest_route=\/wp\/v2\/posts\/59131","targetHints":{"allow":["GET"]}}],"collection":[{"href":"https:\/\/radiorevelacionfm.cl\/index.php?rest_route=\/wp\/v2\/posts"}],"about":[{"href":"https:\/\/radiorevelacionfm.cl\/index.php?rest_route=\/wp\/v2\/types\/post"}],"author":[{"embeddable":true,"href":"https:\/\/radiorevelacionfm.cl\/index.php?rest_route=\/wp\/v2\/users\/1"}],"replies":[{"embeddable":true,"href":"https:\/\/radiorevelacionfm.cl\/index.php?rest_route=%2Fwp%2Fv2%2Fcomments&post=59131"}],"version-history":[{"count":2,"href":"https:\/\/radiorevelacionfm.cl\/index.php?rest_route=\/wp\/v2\/posts\/59131\/revisions"}],"predecessor-version":[{"id":59138,"href":"https:\/\/radiorevelacionfm.cl\/index.php?rest_route=\/wp\/v2\/posts\/59131\/revisions\/59138"}],"wp:featuredmedia":[{"embeddable":true,"href":"https:\/\/radiorevelacionfm.cl\/index.php?rest_route=\/wp\/v2\/media\/59132"}],"wp:attachment":[{"href":"https:\/\/radiorevelacionfm.cl\/index.php?rest_route=%2Fwp%2Fv2%2Fmedia&parent=59131"}],"wp:term":[{"taxonomy":"category","embeddable":true,"href":"https:\/\/radiorevelacionfm.cl\/index.php?rest_route=%2Fwp%2Fv2%2Fcategories&post=59131"},{"taxonomy":"post_tag","embeddable":true,"href":"https:\/\/radiorevelacionfm.cl\/index.php?rest_route=%2Fwp%2Fv2%2Ftags&post=59131"}],"curies":[{"name":"wp","href":"https:\/\/api.w.org\/{rel}","templated":true}]}}