{"id":5913,"date":"2021-07-04T17:21:09","date_gmt":"2021-07-04T20:21:09","guid":{"rendered":"https:\/\/radiorevelacionfm.cl\/?p=5913"},"modified":"2021-07-04T17:28:21","modified_gmt":"2021-07-04T20:28:21","slug":"sandoval-rechaza-posible-intencion-de-la-oms-de-declarar-a-la-vejez-como-una-enfermedad","status":"publish","type":"post","link":"https:\/\/radiorevelacionfm.cl\/?p=5913","title":{"rendered":"Sandoval rechaza posible intenci\u00f3n de la OMS de declarar la vejez como una enfermedad"},"content":{"rendered":"<div class=\"flex_column av_one_full  flex_column_div av-zero-column-padding first  avia-builder-el-0  el_before_av_one_full  avia-builder-el-first  \" style='border-radius:0px; '><div  class='avia-image-container  av-styling-    avia-builder-el-1  avia-builder-el-no-sibling  avia-align-center '  itemprop=\"image\" itemscope=\"itemscope\" itemtype=\"https:\/\/schema.org\/ImageObject\"  ><div class='avia-image-container-inner'><div class='avia-image-overlay-wrap'><img decoding=\"async\" class='wp-image-4221 avia-img-lazy-loading-not-4221 avia_image' src=\"https:\/\/radiorevelacionfm.cl\/wp-content\/uploads\/2021\/05\/Senador-Sandoval-l2.jpg\" alt='' title='Senador Sandoval-l2' height=\"600\" width=\"899\"  itemprop=\"thumbnailUrl\" srcset=\"https:\/\/radiorevelacionfm.cl\/wp-content\/uploads\/2021\/05\/Senador-Sandoval-l2.jpg 899w, https:\/\/radiorevelacionfm.cl\/wp-content\/uploads\/2021\/05\/Senador-Sandoval-l2-300x200.jpg 300w, https:\/\/radiorevelacionfm.cl\/wp-content\/uploads\/2021\/05\/Senador-Sandoval-l2-768x513.jpg 768w, https:\/\/radiorevelacionfm.cl\/wp-content\/uploads\/2021\/05\/Senador-Sandoval-l2-705x471.jpg 705w, https:\/\/radiorevelacionfm.cl\/wp-content\/uploads\/2021\/05\/Senador-Sandoval-l2-600x400.jpg 600w\" sizes=\"(max-width: 899px) 100vw, 899px\" \/><\/div><\/div><\/div><\/div>\n<div class=\"flex_column av_one_full  flex_column_div av-zero-column-padding first  avia-builder-el-2  el_after_av_one_full  el_before_av_one_full  column-top-margin\" style='border-radius:0px; '><section class=\"av_textblock_section \"  itemscope=\"itemscope\" itemtype=\"https:\/\/schema.org\/BlogPosting\" itemprop=\"blogPost\" ><div class='avia_textblock  '   itemprop=\"text\" ><p style=\"text-align: center;\"><strong><span style=\"font-size: 18pt;\">Sandoval rechaza posible intenci\u00f3n de la OMS de declarar la vejez como una enfermedad <\/span><\/strong><\/p>\n<div id=\"gtx-trans\" style=\"position: absolute; left: -50px; top: 4.31534px;\">\n<div class=\"gtx-trans-icon\"><\/div>\n<\/div>\n<\/div><\/section><\/div><div class=\"flex_column av_one_full  flex_column_div av-zero-column-padding first  avia-builder-el-4  el_after_av_one_full  el_before_av_hr  column-top-margin\" style='border-radius:0px; '><section class=\"av_textblock_section \"  itemscope=\"itemscope\" itemtype=\"https:\/\/schema.org\/BlogPosting\" itemprop=\"blogPost\" ><div class='avia_textblock  '   itemprop=\"text\" ><p style=\"text-align: justify;\">El senador David Sandoval rechaz\u00f3 la posible intenci\u00f3n de la Organizaci\u00f3n Mundial de la Salud (OMS) de declarar a la vejez como una enfermedad, dentro de la Clasificaci\u00f3n Estad\u00edstica Internacional de Enfermedades y Problemas de Salud Relacionados (CIE).<\/p>\n<p style=\"text-align: justify;\">Seg\u00fan inform\u00f3 Emol en los \u00faltimos d\u00edas, en la und\u00e9cima versi\u00f3n de dicha clasificaci\u00f3n (la CIE-11), la vejez aparece bajo el c\u00f3digo MG2A, en la secci\u00f3n de \u00abs\u00edntomas generales\u00bb, que a su vez es parte de los \u00abs\u00edntomas, signos o hallazgos cl\u00ednicos no clasificados en otra parte\u00bb, incluy\u00e9ndose a la \u00abvejez sin menci\u00f3n de psicosis\u00bb, la \u00absenescencia sin menci\u00f3n de psicosis\u00bb y la \u00abdebilidad senil\u00bb.<\/p>\n<p style=\"text-align: justify;\">Lo anterior fue cuestionado por el parlamentario, se\u00f1alando que decir que las personas mayores \u201cest\u00e1n enfermas, es una situaci\u00f3n que puede generar una condici\u00f3n de discriminaci\u00f3n\u201d, agregando que ello va en contra de todo el trabajo que se est\u00e1 realizando y hablado en materia de derechos, inclusi\u00f3n \u201cy de tantas cosas que todos queremos para los adultos mayores\u201d.<\/p>\n<p style=\"text-align: justify;\">En esa l\u00ednea, Sandoval record\u00f3 que en el Senado, se est\u00e1 en proceso de tr\u00e1mite del proyecto de ley del Adulto Mayor, el cual incorpora diversos contenidos e iniciativas, precisamente en la idea de atender sus principales demandas e inquietudes, instancia que actualmente est\u00e1 en etapa de an\u00e1lisis de las indicaciones que se le han realizado a la norma.<\/p>\n<p style=\"text-align: justify;\">Sandoval indic\u00f3 que sobre esta intenci\u00f3n de la OMS, ha estado en contacto con diversas organizaciones, entre ellas, la Sociedad de Geriatr\u00eda y Gerontolog\u00eda de Chile, cuyo presidente es el Dr. Gerardo Fasce. \u201cAqu\u00ed hay una reacci\u00f3n colectiva. Estamos pidiendo todos los antecedentes, porque es un organismo mundial. Es cuestionable (lo que se est\u00e1 planteando). Mi total y absoluto rechazo a esa situaci\u00f3n\u201d, enfatiz\u00f3.<\/p>\n<p style=\"text-align: justify;\">Cabe se\u00f1alar que este lunes sesionar\u00e1 la comisi\u00f3n del Adulto Mayor de la C\u00e1mara Alta, instancia donde el legislador plantear\u00e1 esta inquietud.<\/p>\n<\/div><\/section><\/div><\/p>\n<div  style='height:50px' class='hr hr-invisible   avia-builder-el-6  el_after_av_one_full  el_before_av_social_share '><span class='hr-inner ' ><span class='hr-inner-style'><\/span><\/span><\/div>\n<div  class='av-social-sharing-box  avia-builder-el-7  el_after_av_hr  el_before_av_hr  '><div class='av-share-box'><h5 class='av-share-link-description av-no-toc '>Compartir esta noticia<\/h5><ul class='av-share-box-list noLightbox'><li class='av-share-link av-social-link-facebook' ><a target=\"_blank\" aria-label=\"Compartir en Facebook\" href='https:\/\/www.facebook.com\/sharer.php?u=https:\/\/radiorevelacionfm.cl\/?p=5913&#038;t=Sandoval%20rechaza%20posible%20intenci%C3%B3n%20de%20la%20OMS%20de%20declarar%20la%20vejez%20como%20una%20enfermedad' aria-hidden='false' data-av_icon='\ue8f3' data-av_iconfont='entypo-fontello' title='' data-avia-related-tooltip='Compartir en Facebook' rel=\"noopener\"><span class='avia_hidden_link_text'>Compartir en Facebook<\/span><\/a><\/li><li class='av-share-link av-social-link-twitter' ><a target=\"_blank\" aria-label=\"Compartir en Twitter\" href='https:\/\/twitter.com\/share?text=Sandoval%20rechaza%20posible%20intenci%C3%B3n%20de%20la%20OMS%20de%20declarar%20la%20vejez%20como%20una%20enfermedad&#038;url=https:\/\/radiorevelacionfm.cl\/?p=5913' aria-hidden='false' data-av_icon='\ue8f1' data-av_iconfont='entypo-fontello' title='' data-avia-related-tooltip='Compartir en Twitter' rel=\"noopener\"><span class='avia_hidden_link_text'>Compartir en Twitter<\/span><\/a><\/li><li class='av-share-link av-social-link-whatsapp' ><a target=\"_blank\" aria-label=\"Compartir en Whatsapp\" href='https:\/\/api.whatsapp.com\/send?text=https:\/\/radiorevelacionfm.cl\/?p=5913' aria-hidden='false' data-av_icon='\uf232' data-av_iconfont='entypo-fontello' title='' data-avia-related-tooltip='Compartir en Whatsapp' rel=\"noopener\"><span class='avia_hidden_link_text'>Compartir en Whatsapp<\/span><\/a><\/li><li class='av-share-link av-social-link-linkedin' ><a target=\"_blank\" aria-label=\"Compartir en LinkedIn\" href='https:\/\/linkedin.com\/shareArticle?mini=true&#038;title=Sandoval%20rechaza%20posible%20intenci%C3%B3n%20de%20la%20OMS%20de%20declarar%20la%20vejez%20como%20una%20enfermedad&#038;url=https:\/\/radiorevelacionfm.cl\/?p=5913' aria-hidden='false' data-av_icon='\ue8fc' data-av_iconfont='entypo-fontello' title='' data-avia-related-tooltip='Compartir en LinkedIn' rel=\"noopener\"><span class='avia_hidden_link_text'>Compartir en LinkedIn<\/span><\/a><\/li><li class='av-share-link av-social-link-mail' ><a  aria-label=\"Compartir por correo\" href='mailto:?subject=Sandoval%20rechaza%20posible%20intenci%C3%B3n%20de%20la%20OMS%20de%20declarar%20la%20vejez%20como%20una%20enfermedad&#038;body=https:\/\/radiorevelacionfm.cl\/?p=5913' aria-hidden='false' data-av_icon='\ue805' data-av_iconfont='entypo-fontello' title='' data-avia-related-tooltip='Compartir por correo'><span class='avia_hidden_link_text'>Compartir por correo<\/span><\/a><\/li><\/ul><\/div><\/div>\n<div  style='height:50px' class='hr hr-invisible   avia-builder-el-8  el_after_av_social_share  el_before_av_comments_list '><span class='hr-inner ' ><span class='hr-inner-style'><\/span><\/span><\/div>\n<div  class='av-buildercomment  av-blog-meta-html-info-disabled av-blog-meta-tag-disabled  '><\/div>\n","protected":false},"excerpt":{"rendered":"","protected":false},"author":1,"featured_media":4221,"comment_status":"open","ping_status":"open","sticky":false,"template":"","format":"standard","meta":{"footnotes":""},"categories":[35],"tags":[],"class_list":["post-5913","post","type-post","status-publish","format-standard","has-post-thumbnail","hentry","category-politica"],"jetpack_featured_media_url":"https:\/\/radiorevelacionfm.cl\/wp-content\/uploads\/2021\/05\/Senador-Sandoval-l2.jpg","_links":{"self":[{"href":"https:\/\/radiorevelacionfm.cl\/index.php?rest_route=\/wp\/v2\/posts\/5913","targetHints":{"allow":["GET"]}}],"collection":[{"href":"https:\/\/radiorevelacionfm.cl\/index.php?rest_route=\/wp\/v2\/posts"}],"about":[{"href":"https:\/\/radiorevelacionfm.cl\/index.php?rest_route=\/wp\/v2\/types\/post"}],"author":[{"embeddable":true,"href":"https:\/\/radiorevelacionfm.cl\/index.php?rest_route=\/wp\/v2\/users\/1"}],"replies":[{"embeddable":true,"href":"https:\/\/radiorevelacionfm.cl\/index.php?rest_route=%2Fwp%2Fv2%2Fcomments&post=5913"}],"version-history":[{"count":3,"href":"https:\/\/radiorevelacionfm.cl\/index.php?rest_route=\/wp\/v2\/posts\/5913\/revisions"}],"predecessor-version":[{"id":5916,"href":"https:\/\/radiorevelacionfm.cl\/index.php?rest_route=\/wp\/v2\/posts\/5913\/revisions\/5916"}],"wp:featuredmedia":[{"embeddable":true,"href":"https:\/\/radiorevelacionfm.cl\/index.php?rest_route=\/wp\/v2\/media\/4221"}],"wp:attachment":[{"href":"https:\/\/radiorevelacionfm.cl\/index.php?rest_route=%2Fwp%2Fv2%2Fmedia&parent=5913"}],"wp:term":[{"taxonomy":"category","embeddable":true,"href":"https:\/\/radiorevelacionfm.cl\/index.php?rest_route=%2Fwp%2Fv2%2Fcategories&post=5913"},{"taxonomy":"post_tag","embeddable":true,"href":"https:\/\/radiorevelacionfm.cl\/index.php?rest_route=%2Fwp%2Fv2%2Ftags&post=5913"}],"curies":[{"name":"wp","href":"https:\/\/api.w.org\/{rel}","templated":true}]}}