{"id":59127,"date":"2025-09-12T12:29:25","date_gmt":"2025-09-12T15:29:25","guid":{"rendered":"https:\/\/radiorevelacionfm.cl\/?p=59127"},"modified":"2025-09-12T12:29:25","modified_gmt":"2025-09-12T15:29:25","slug":"balmaceda-celebro-su-primer-carnaval-comunitario-por-la-infancia-con-apoyo-de-la-direccion-de-salud-rural","status":"publish","type":"post","link":"https:\/\/radiorevelacionfm.cl\/?p=59127","title":{"rendered":"Balmaceda celebr\u00f3 su primer carnaval comunitario por la infancia con apoyo de la Direcci\u00f3n de Salud Rural"},"content":{"rendered":"<div class=\"flex_column av_one_full  flex_column_div av-zero-column-padding first  avia-builder-el-0  el_before_av_one_full  avia-builder-el-first  \" style='border-radius:0px; '><div  class='avia-image-container  av-styling-    avia-builder-el-1  avia-builder-el-no-sibling  avia-align-center '  itemprop=\"image\" itemscope=\"itemscope\" itemtype=\"https:\/\/schema.org\/ImageObject\"  ><div class='avia-image-container-inner'><div class='avia-image-overlay-wrap'><img decoding=\"async\" class='wp-image-59128 avia-img-lazy-loading-not-59128 avia_image' src=\"https:\/\/radiorevelacionfm.cl\/wp-content\/uploads\/2025\/09\/image1-1-1-1_optimized-1.jpeg\" alt='' title='image1-(1)-(1)-(1)_optimized (1)' height=\"600\" width=\"1067\"  itemprop=\"thumbnailUrl\" srcset=\"https:\/\/radiorevelacionfm.cl\/wp-content\/uploads\/2025\/09\/image1-1-1-1_optimized-1.jpeg 1067w, https:\/\/radiorevelacionfm.cl\/wp-content\/uploads\/2025\/09\/image1-1-1-1_optimized-1-300x169.jpeg 300w, https:\/\/radiorevelacionfm.cl\/wp-content\/uploads\/2025\/09\/image1-1-1-1_optimized-1-1030x579.jpeg 1030w, https:\/\/radiorevelacionfm.cl\/wp-content\/uploads\/2025\/09\/image1-1-1-1_optimized-1-768x432.jpeg 768w, https:\/\/radiorevelacionfm.cl\/wp-content\/uploads\/2025\/09\/image1-1-1-1_optimized-1-705x396.jpeg 705w, https:\/\/radiorevelacionfm.cl\/wp-content\/uploads\/2025\/09\/image1-1-1-1_optimized-1-450x253.jpeg 450w, https:\/\/radiorevelacionfm.cl\/wp-content\/uploads\/2025\/09\/image1-1-1-1_optimized-1-600x337.jpeg 600w\" sizes=\"(max-width: 1067px) 100vw, 1067px\" \/><\/div><\/div><\/div><\/div><div class=\"flex_column av_one_full  flex_column_div av-zero-column-padding first  avia-builder-el-2  el_after_av_one_full  el_before_av_one_full  column-top-margin\" style='border-radius:0px; '><section class=\"av_textblock_section \"  itemscope=\"itemscope\" itemtype=\"https:\/\/schema.org\/BlogPosting\" itemprop=\"blogPost\" ><div class='avia_textblock  '   itemprop=\"text\" ><p style=\"text-align: center;\"><span style=\"font-size: 18pt;\"><b>Balmaceda celebr\u00f3 su primer carnaval comunitario por la infancia con apoyo de la Direcci\u00f3n de Salud Rural<\/b><\/span><\/p>\n<div id=\"gtx-trans\" style=\"position: absolute; left: -50px; top: 4.31534px;\">\n<div class=\"gtx-trans-icon\"><\/div>\n<\/div>\n<\/div><\/section><\/div><div class=\"flex_column av_one_full  flex_column_div av-zero-column-padding first  avia-builder-el-4  el_after_av_one_full  el_before_av_hr  column-top-margin\" style='border-radius:0px; '><section class=\"av_textblock_section \"  itemscope=\"itemscope\" itemtype=\"https:\/\/schema.org\/BlogPosting\" itemprop=\"blogPost\" ><div class='avia_textblock  '   itemprop=\"text\" ><p style=\"font-weight: 400; text-align: justify;\"><em>Las calles se llenaron de colores y m\u00fasica con el desfile comunitario, que convoc\u00f3 a estudiantes, docentes, apoderados y vecinos.<\/em><\/p>\n<p>La Direcci\u00f3n de Salud Rural del Servicio de Salud Ays\u00e9n particip\u00f3 en la localidad de Balmaceda del primer carnaval comunitario por la infancia, enmarcado en el Mes de las Infancias. La instancia puso en el centro los derechos de ni\u00f1os, ni\u00f1as y adolescentes y convoc\u00f3 a actores locales en torno a un objetivo com\u00fan.<\/p>\n<p style=\"font-weight: 400; text-align: justify;\">La jornada fue organizada de manera conjunta por la dupla psicosocial de Mejor Ni\u00f1ez de la Direcci\u00f3n de Salud Rural, el equipo de la Posta de Salud Rural de Balmaceda, la escuela Jos\u00e9 Antol\u00edn Silva Orme\u00f1o y los programas especializados presentes en la localidad, entre ellos el Programa de Diagn\u00f3stico Cl\u00ednico Especializado y el Programa de Protecci\u00f3n Especializada en Maltrato Grave y Abuso Sexual. Fue un trabajo colaborativo donde el foco estuvo en reforzar lazos con la comunidad y generar un espacio seguro y participativo para la infancia.<\/p>\n<p style=\"font-weight: 400; text-align: justify;\">Desde la escuela, Mar\u00eda de los \u00c1ngeles Recabal, coordinadora del PIE, destac\u00f3, \u201cLo m\u00e1s valioso de este carnaval fue ver c\u00f3mo toda la comunidad trabaj\u00f3 en conjunto con un objetivo com\u00fan: el bienestar de los ni\u00f1os y ni\u00f1as de Balmaceda. El trabajo colaborativo con la posta de salud ha sido maravilloso, siempre con disposici\u00f3n y apoyo, y eso nos permite darles mejores oportunidades de desarrollo a nuestros estudiantes.\u201d<\/p>\n<p style=\"font-weight: 400; text-align: justify;\">En representaci\u00f3n de la dupla psicosocial de Mejor Ni\u00f1ez de la Direcci\u00f3n de Salud Rural, Macarena Rivera, terapeuta ocupacional, valor\u00f3 la importancia de este trabajo territorial, \u201cEste carnaval refleja el trabajo que estamos realizando como Direcci\u00f3n de Salud Rural para fortalecer la vida comunitaria y poner a los ni\u00f1os y ni\u00f1as en el centro. Desde salud no solo acompa\u00f1amos en lo cl\u00ednico, tambi\u00e9n nos vinculamos con la escuela, las familias y las instituciones para construir juntos entornos m\u00e1s protegidos y conscientes. Balmaceda nos mostr\u00f3 que cuando la comunidad se une, se generan cambios hist\u00f3ricos que dejan huella.\u201d<\/p>\n<p style=\"font-weight: 400; text-align: justify;\">La celebraci\u00f3n tambi\u00e9n incluy\u00f3 la premiaci\u00f3n del concurso de literatura y dibujo \u201cMi infancia en Balmaceda\u201d, organizado y resuelto por un jurado integrado por representantes de la comunidad, la Junta de Vecinos y la Fuerza A\u00e9rea de Chile.<\/p>\n<p style=\"font-weight: 400; text-align: justify;\">Yennifert Redlich, vecina de la localidad, expres\u00f3, \u201cLo que m\u00e1s rescato es ver a nuestros ni\u00f1os y ni\u00f1as de Balmaceda felices, viviendo una experiencia nueva en su colegio. Como apoderada me sent\u00ed muy contenta de participar, compartir e incluso bailar con ellos durante el desfile. Lo m\u00e1s importante es que esta uni\u00f3n puso en el centro a la infancia. Este carnaval trajo alegr\u00eda a toda la localidad y nos demuestra que, cuando el objetivo es com\u00fan, se logran cosas grandes para nuestra comunidad.\u201d<\/p>\n<p style=\"font-weight: 400; text-align: justify;\">Finalmente, Camila Rodr\u00edguez, del Programa de Diagn\u00f3stico Cl\u00ednico Especializado, recalc\u00f3 que la jornada visibiliz\u00f3 el compromiso compartido de las instituciones presentes, \u201cNo se genera \u00fanicamente una instancia de promoci\u00f3n, sino que refleja la responsabilidad y rol que cada participante toma activamente para garantizar los derechos de la infancia.\u201d<\/p>\n<p style=\"font-weight: 400; text-align: justify;\">Con esta actividad se refuerzan los espacios comunitarios, poniendo en valor el trabajo colaborativo entre instituciones, familias y comunidad, fortaleciendo la confianza y el sentido de pertenencia en Balmaceda.<\/p>\n<\/div><\/section><\/div><div  style='height:50px' class='hr hr-invisible   avia-builder-el-6  el_after_av_one_full  el_before_av_social_share '><span class='hr-inner ' ><span class='hr-inner-style'><\/span><\/span><\/div><\/p>\n<div  class='av-social-sharing-box  avia-builder-el-7  el_after_av_hr  el_before_av_hr  '><div class='av-share-box'><h5 class='av-share-link-description av-no-toc '>Compartir esta noticia<\/h5><ul class='av-share-box-list noLightbox'><li class='av-share-link av-social-link-facebook' ><a target=\"_blank\" aria-label=\"Compartir en Facebook\" href='https:\/\/www.facebook.com\/sharer.php?u=https:\/\/radiorevelacionfm.cl\/?p=59127&#038;t=Balmaceda%20celebr%C3%B3%20su%20primer%20carnaval%20comunitario%20por%20la%20infancia%20con%20apoyo%20de%20la%20Direcci%C3%B3n%20de%20Salud%20Rural' aria-hidden='false' data-av_icon='\ue8f3' data-av_iconfont='entypo-fontello' title='' data-avia-related-tooltip='Compartir en Facebook' rel=\"noopener\"><span class='avia_hidden_link_text'>Compartir en Facebook<\/span><\/a><\/li><li class='av-share-link av-social-link-twitter' ><a target=\"_blank\" aria-label=\"Compartir en Twitter\" href='https:\/\/twitter.com\/share?text=Balmaceda%20celebr%C3%B3%20su%20primer%20carnaval%20comunitario%20por%20la%20infancia%20con%20apoyo%20de%20la%20Direcci%C3%B3n%20de%20Salud%20Rural&#038;url=https:\/\/radiorevelacionfm.cl\/?p=59127' aria-hidden='false' data-av_icon='\ue8f1' data-av_iconfont='entypo-fontello' title='' data-avia-related-tooltip='Compartir en Twitter' rel=\"noopener\"><span class='avia_hidden_link_text'>Compartir en Twitter<\/span><\/a><\/li><li class='av-share-link av-social-link-whatsapp' ><a target=\"_blank\" aria-label=\"Compartir en Whatsapp\" href='https:\/\/api.whatsapp.com\/send?text=https:\/\/radiorevelacionfm.cl\/?p=59127' aria-hidden='false' data-av_icon='\uf232' data-av_iconfont='entypo-fontello' title='' data-avia-related-tooltip='Compartir en Whatsapp' rel=\"noopener\"><span class='avia_hidden_link_text'>Compartir en Whatsapp<\/span><\/a><\/li><li class='av-share-link av-social-link-linkedin' ><a target=\"_blank\" aria-label=\"Compartir en LinkedIn\" href='https:\/\/linkedin.com\/shareArticle?mini=true&#038;title=Balmaceda%20celebr%C3%B3%20su%20primer%20carnaval%20comunitario%20por%20la%20infancia%20con%20apoyo%20de%20la%20Direcci%C3%B3n%20de%20Salud%20Rural&#038;url=https:\/\/radiorevelacionfm.cl\/?p=59127' aria-hidden='false' data-av_icon='\ue8fc' data-av_iconfont='entypo-fontello' title='' data-avia-related-tooltip='Compartir en LinkedIn' rel=\"noopener\"><span class='avia_hidden_link_text'>Compartir en LinkedIn<\/span><\/a><\/li><li class='av-share-link av-social-link-mail' ><a  aria-label=\"Compartir por correo\" href='mailto:?subject=Balmaceda%20celebr%C3%B3%20su%20primer%20carnaval%20comunitario%20por%20la%20infancia%20con%20apoyo%20de%20la%20Direcci%C3%B3n%20de%20Salud%20Rural&#038;body=https:\/\/radiorevelacionfm.cl\/?p=59127' aria-hidden='false' data-av_icon='\ue805' data-av_iconfont='entypo-fontello' title='' data-avia-related-tooltip='Compartir por correo'><span class='avia_hidden_link_text'>Compartir por correo<\/span><\/a><\/li><\/ul><\/div><\/div>\n<div  style='height:50px' class='hr hr-invisible   avia-builder-el-8  el_after_av_social_share  el_before_av_comments_list '><span class='hr-inner ' ><span class='hr-inner-style'><\/span><\/span><\/div>\n<div  class='av-buildercomment  av-blog-meta-html-info-disabled av-blog-meta-tag-disabled  '><\/div>\n","protected":false},"excerpt":{"rendered":"","protected":false},"author":1,"featured_media":59128,"comment_status":"closed","ping_status":"closed","sticky":false,"template":"","format":"standard","meta":{"footnotes":""},"categories":[46],"tags":[],"class_list":["post-59127","post","type-post","status-publish","format-standard","has-post-thumbnail","hentry","category-salud"],"jetpack_featured_media_url":"https:\/\/radiorevelacionfm.cl\/wp-content\/uploads\/2025\/09\/image1-1-1-1_optimized-1.jpeg","_links":{"self":[{"href":"https:\/\/radiorevelacionfm.cl\/index.php?rest_route=\/wp\/v2\/posts\/59127","targetHints":{"allow":["GET"]}}],"collection":[{"href":"https:\/\/radiorevelacionfm.cl\/index.php?rest_route=\/wp\/v2\/posts"}],"about":[{"href":"https:\/\/radiorevelacionfm.cl\/index.php?rest_route=\/wp\/v2\/types\/post"}],"author":[{"embeddable":true,"href":"https:\/\/radiorevelacionfm.cl\/index.php?rest_route=\/wp\/v2\/users\/1"}],"replies":[{"embeddable":true,"href":"https:\/\/radiorevelacionfm.cl\/index.php?rest_route=%2Fwp%2Fv2%2Fcomments&post=59127"}],"version-history":[{"count":2,"href":"https:\/\/radiorevelacionfm.cl\/index.php?rest_route=\/wp\/v2\/posts\/59127\/revisions"}],"predecessor-version":[{"id":59130,"href":"https:\/\/radiorevelacionfm.cl\/index.php?rest_route=\/wp\/v2\/posts\/59127\/revisions\/59130"}],"wp:featuredmedia":[{"embeddable":true,"href":"https:\/\/radiorevelacionfm.cl\/index.php?rest_route=\/wp\/v2\/media\/59128"}],"wp:attachment":[{"href":"https:\/\/radiorevelacionfm.cl\/index.php?rest_route=%2Fwp%2Fv2%2Fmedia&parent=59127"}],"wp:term":[{"taxonomy":"category","embeddable":true,"href":"https:\/\/radiorevelacionfm.cl\/index.php?rest_route=%2Fwp%2Fv2%2Fcategories&post=59127"},{"taxonomy":"post_tag","embeddable":true,"href":"https:\/\/radiorevelacionfm.cl\/index.php?rest_route=%2Fwp%2Fv2%2Ftags&post=59127"}],"curies":[{"name":"wp","href":"https:\/\/api.w.org\/{rel}","templated":true}]}}