{"id":59123,"date":"2025-09-12T11:20:14","date_gmt":"2025-09-12T14:20:14","guid":{"rendered":"https:\/\/radiorevelacionfm.cl\/?p=59123"},"modified":"2025-09-12T11:20:14","modified_gmt":"2025-09-12T14:20:14","slug":"culturas-aysen-y-agrupacion-de-dd-hh-de-coyhaique-abren-concurso-una-escultura-para-el-hito-45","status":"publish","type":"post","link":"https:\/\/radiorevelacionfm.cl\/?p=59123","title":{"rendered":"Culturas Ays\u00e9n y Agrupaci\u00f3n de DD. HH de Coyhaique abren concurso \u201cUna escultura para el hito 45\u201d"},"content":{"rendered":"<div class=\"flex_column av_one_full  flex_column_div av-zero-column-padding first  avia-builder-el-0  el_before_av_one_full  avia-builder-el-first  \" style='border-radius:0px; '><div  class='avia-image-container  av-styling-    avia-builder-el-1  avia-builder-el-no-sibling  avia-align-center '  itemprop=\"image\" itemscope=\"itemscope\" itemtype=\"https:\/\/schema.org\/ImageObject\"  ><div class='avia-image-container-inner'><div class='avia-image-overlay-wrap'><img decoding=\"async\" class='wp-image-59124 avia-img-lazy-loading-not-59124 avia_image' src=\"https:\/\/radiorevelacionfm.cl\/wp-content\/uploads\/2025\/09\/hito-45-1-1.jpg\" alt='' title='hito 45 (1) (1)' height=\"600\" width=\"974\"  itemprop=\"thumbnailUrl\" srcset=\"https:\/\/radiorevelacionfm.cl\/wp-content\/uploads\/2025\/09\/hito-45-1-1.jpg 974w, https:\/\/radiorevelacionfm.cl\/wp-content\/uploads\/2025\/09\/hito-45-1-1-300x185.jpg 300w, https:\/\/radiorevelacionfm.cl\/wp-content\/uploads\/2025\/09\/hito-45-1-1-768x473.jpg 768w, https:\/\/radiorevelacionfm.cl\/wp-content\/uploads\/2025\/09\/hito-45-1-1-705x434.jpg 705w, https:\/\/radiorevelacionfm.cl\/wp-content\/uploads\/2025\/09\/hito-45-1-1-450x277.jpg 450w, https:\/\/radiorevelacionfm.cl\/wp-content\/uploads\/2025\/09\/hito-45-1-1-600x370.jpg 600w\" sizes=\"(max-width: 974px) 100vw, 974px\" \/><\/div><\/div><\/div><\/div><div class=\"flex_column av_one_full  flex_column_div av-zero-column-padding first  avia-builder-el-2  el_after_av_one_full  el_before_av_one_full  column-top-margin\" style='border-radius:0px; '><section class=\"av_textblock_section \"  itemscope=\"itemscope\" itemtype=\"https:\/\/schema.org\/BlogPosting\" itemprop=\"blogPost\" ><div class='avia_textblock  '   itemprop=\"text\" ><p style=\"text-align: center;\"><strong><span style=\"font-size: 18pt;\">Culturas Ays\u00e9n y Agrupaci\u00f3n de DD. HH de Coyhaique abren concurso \u201cUna escultura para el hito 45\u201d<\/span><\/strong><\/p>\n<div id=\"gtx-trans\" style=\"position: absolute; left: -50px; top: 4.31534px;\">\n<div class=\"gtx-trans-icon\"><\/div>\n<\/div>\n<\/div><\/section><\/div><div class=\"flex_column av_one_full  flex_column_div av-zero-column-padding first  avia-builder-el-4  el_after_av_one_full  el_before_av_hr  column-top-margin\" style='border-radius:0px; '><section class=\"av_textblock_section \"  itemscope=\"itemscope\" itemtype=\"https:\/\/schema.org\/BlogPosting\" itemprop=\"blogPost\" ><div class='avia_textblock  '   itemprop=\"text\" ><p style=\"text-align: justify;\">Durante 60 d\u00edas se extender\u00e1 la convocatoria del concurso para el dise\u00f1o de una escultura que ser\u00e1 instalada en el hito fronterizo cercano a Coyhaique Alto, donde hace dos a\u00f1os se instal\u00f3 una placa para recordar a las v\u00edctimas de la dictadura que que cruzaron por ese paso por antes de ser detenidos en Argentina y desaparecidos por la dictadura de Augusto Pinochet.<\/p>\n<p style=\"text-align: justify;\">Se trata de Juan Vera Oyarz\u00fan, N\u00e9stor Castillo Sep\u00falveda y Jos\u00e9 Rosendo P\u00e9rez R\u00edos, detenidos desaparecidos desde el 27 de octubre de 1973.<\/p>\n<p style=\"text-align: justify;\">El certamen, llamado \u201cUna escultura para el hito 45\u201d, es organizado por la Agrupaci\u00f3n de Derechos Humanos de Coyhaique y la Seremi de Culturas Ays\u00e9n y busca relevar el hito 45 como un espacio de reflexi\u00f3n y memoria en torno a las violaciones a los derechos humanos acaecidas en la Regi\u00f3n de Ays\u00e9n.<\/p>\n<p style=\"text-align: justify;\">Felipe Quiroz, seremi de Cultura Ays\u00e9n, cuenta que \u201ceste hito en la frontera chileno-argentina debe transformarse en un lugar de memoria que nos convoque a reflexionar sobre nuestra historia reciente. Al recordar a quienes fueron v\u00edctimas de la dictadura c\u00edvico-militar, reafirmamos nuestro compromiso con los derechos humanos, con la democracia y con la convicci\u00f3n de que nunca m\u00e1s en Chile puede haber espacio para la violencia pol\u00edtica ni para el olvido\u201d.<\/p>\n<p style=\"text-align: justify;\">Mar\u00eda Erita Vera, presidente de la Agrupaci\u00f3n de DD. HH de Coyhaique Hija e hija de Juan Vera Oyarz\u00fan, busca a su padre hace 52 a\u00f1os: \u201cHoy 11 de septiembre hemos lanzado el concurso denominado \u2018Una escultura para el hito 45\u2019, paso fronterizo donde cruzaron tres compa\u00f1eros detenidos desaparecidos de esta tierra que fueron secuestrados en territorio argentino y devueltos a Chile, y hasta el d\u00eda de hoy desconocemos su paradero. Queremos invitar a todos los artistas, escultores, arquitectos y otros a participar de este concurso\u201d.<\/p>\n<p style=\"text-align: justify;\">Pueden postular personas naturales chilenas y mayores de 18 a\u00f1os con residencia en el pa\u00eds, y personas extranjeras que residen en Chile. La convocatoria se extender\u00e1 hasta el 11 de noviembre y el ganador o ganadora recibir\u00e1 un est\u00edmulo monetario de 1 mill\u00f3n de pesos. El Ministerio de las Culturas, las Artes y el Patrimonio se compromete a gestionar la conclusi\u00f3n de la obra y el emplazamiento de la escultura en su lugar definitivo.<\/p>\n<p><a href=\"https:\/\/drive.google.com\/file\/d\/1vXcxl-w5HcDkRaHKFvJGeTZ2uEHZN5w7\/view?usp=sharing\">Bases<\/a><\/p>\n<p><a href=\"https:\/\/docs.google.com\/document\/d\/163rWsIDVBHpM1tVdqfi8fRyFKSJlE3fe\/edit?usp=sharing&amp;ouid=104762376023196769494&amp;rtpof=true&amp;sd=true\">Ficha de Postulaci\u00f3n<\/a><\/p>\n<\/div><\/section><\/div><div  style='height:50px' class='hr hr-invisible   avia-builder-el-6  el_after_av_one_full  el_before_av_social_share '><span class='hr-inner ' ><span class='hr-inner-style'><\/span><\/span><\/div><\/p>\n<div  class='av-social-sharing-box  avia-builder-el-7  el_after_av_hr  el_before_av_hr  '><div class='av-share-box'><h5 class='av-share-link-description av-no-toc '>Compartir esta noticia<\/h5><ul class='av-share-box-list noLightbox'><li class='av-share-link av-social-link-facebook' ><a target=\"_blank\" aria-label=\"Compartir en Facebook\" href='https:\/\/www.facebook.com\/sharer.php?u=https:\/\/radiorevelacionfm.cl\/?p=59123&#038;t=Culturas%20Ays%C3%A9n%20y%20Agrupaci%C3%B3n%20de%20DD.%20HH%20de%20Coyhaique%20abren%20concurso%20%E2%80%9CUna%20escultura%20para%20el%20hito%2045%E2%80%9D' aria-hidden='false' data-av_icon='\ue8f3' data-av_iconfont='entypo-fontello' title='' data-avia-related-tooltip='Compartir en Facebook' rel=\"noopener\"><span class='avia_hidden_link_text'>Compartir en Facebook<\/span><\/a><\/li><li class='av-share-link av-social-link-twitter' ><a target=\"_blank\" aria-label=\"Compartir en Twitter\" href='https:\/\/twitter.com\/share?text=Culturas%20Ays%C3%A9n%20y%20Agrupaci%C3%B3n%20de%20DD.%20HH%20de%20Coyhaique%20abren%20concurso%20%E2%80%9CUna%20escultura%20para%20el%20hito%2045%E2%80%9D&#038;url=https:\/\/radiorevelacionfm.cl\/?p=59123' aria-hidden='false' data-av_icon='\ue8f1' data-av_iconfont='entypo-fontello' title='' data-avia-related-tooltip='Compartir en Twitter' rel=\"noopener\"><span class='avia_hidden_link_text'>Compartir en Twitter<\/span><\/a><\/li><li class='av-share-link av-social-link-whatsapp' ><a target=\"_blank\" aria-label=\"Compartir en Whatsapp\" href='https:\/\/api.whatsapp.com\/send?text=https:\/\/radiorevelacionfm.cl\/?p=59123' aria-hidden='false' data-av_icon='\uf232' data-av_iconfont='entypo-fontello' title='' data-avia-related-tooltip='Compartir en Whatsapp' rel=\"noopener\"><span class='avia_hidden_link_text'>Compartir en Whatsapp<\/span><\/a><\/li><li class='av-share-link av-social-link-linkedin' ><a target=\"_blank\" aria-label=\"Compartir en LinkedIn\" href='https:\/\/linkedin.com\/shareArticle?mini=true&#038;title=Culturas%20Ays%C3%A9n%20y%20Agrupaci%C3%B3n%20de%20DD.%20HH%20de%20Coyhaique%20abren%20concurso%20%E2%80%9CUna%20escultura%20para%20el%20hito%2045%E2%80%9D&#038;url=https:\/\/radiorevelacionfm.cl\/?p=59123' aria-hidden='false' data-av_icon='\ue8fc' data-av_iconfont='entypo-fontello' title='' data-avia-related-tooltip='Compartir en LinkedIn' rel=\"noopener\"><span class='avia_hidden_link_text'>Compartir en LinkedIn<\/span><\/a><\/li><li class='av-share-link av-social-link-mail' ><a  aria-label=\"Compartir por correo\" href='mailto:?subject=Culturas%20Ays%C3%A9n%20y%20Agrupaci%C3%B3n%20de%20DD.%20HH%20de%20Coyhaique%20abren%20concurso%20%E2%80%9CUna%20escultura%20para%20el%20hito%2045%E2%80%9D&#038;body=https:\/\/radiorevelacionfm.cl\/?p=59123' aria-hidden='false' data-av_icon='\ue805' data-av_iconfont='entypo-fontello' title='' data-avia-related-tooltip='Compartir por correo'><span class='avia_hidden_link_text'>Compartir por correo<\/span><\/a><\/li><\/ul><\/div><\/div>\n<div  style='height:50px' class='hr hr-invisible   avia-builder-el-8  el_after_av_social_share  el_before_av_comments_list '><span class='hr-inner ' ><span class='hr-inner-style'><\/span><\/span><\/div>\n<div  class='av-buildercomment  av-blog-meta-html-info-disabled av-blog-meta-tag-disabled  '><\/div>\n","protected":false},"excerpt":{"rendered":"","protected":false},"author":1,"featured_media":59124,"comment_status":"closed","ping_status":"closed","sticky":false,"template":"","format":"standard","meta":{"footnotes":""},"categories":[52],"tags":[],"class_list":["post-59123","post","type-post","status-publish","format-standard","has-post-thumbnail","hentry","category-cultura"],"jetpack_featured_media_url":"https:\/\/radiorevelacionfm.cl\/wp-content\/uploads\/2025\/09\/hito-45-1-1.jpg","_links":{"self":[{"href":"https:\/\/radiorevelacionfm.cl\/index.php?rest_route=\/wp\/v2\/posts\/59123","targetHints":{"allow":["GET"]}}],"collection":[{"href":"https:\/\/radiorevelacionfm.cl\/index.php?rest_route=\/wp\/v2\/posts"}],"about":[{"href":"https:\/\/radiorevelacionfm.cl\/index.php?rest_route=\/wp\/v2\/types\/post"}],"author":[{"embeddable":true,"href":"https:\/\/radiorevelacionfm.cl\/index.php?rest_route=\/wp\/v2\/users\/1"}],"replies":[{"embeddable":true,"href":"https:\/\/radiorevelacionfm.cl\/index.php?rest_route=%2Fwp%2Fv2%2Fcomments&post=59123"}],"version-history":[{"count":2,"href":"https:\/\/radiorevelacionfm.cl\/index.php?rest_route=\/wp\/v2\/posts\/59123\/revisions"}],"predecessor-version":[{"id":59126,"href":"https:\/\/radiorevelacionfm.cl\/index.php?rest_route=\/wp\/v2\/posts\/59123\/revisions\/59126"}],"wp:featuredmedia":[{"embeddable":true,"href":"https:\/\/radiorevelacionfm.cl\/index.php?rest_route=\/wp\/v2\/media\/59124"}],"wp:attachment":[{"href":"https:\/\/radiorevelacionfm.cl\/index.php?rest_route=%2Fwp%2Fv2%2Fmedia&parent=59123"}],"wp:term":[{"taxonomy":"category","embeddable":true,"href":"https:\/\/radiorevelacionfm.cl\/index.php?rest_route=%2Fwp%2Fv2%2Fcategories&post=59123"},{"taxonomy":"post_tag","embeddable":true,"href":"https:\/\/radiorevelacionfm.cl\/index.php?rest_route=%2Fwp%2Fv2%2Ftags&post=59123"}],"curies":[{"name":"wp","href":"https:\/\/api.w.org\/{rel}","templated":true}]}}