{"id":59119,"date":"2025-09-13T18:26:48","date_gmt":"2025-09-13T21:26:48","guid":{"rendered":"https:\/\/radiorevelacionfm.cl\/?p=59119"},"modified":"2025-09-13T18:26:48","modified_gmt":"2025-09-13T21:26:48","slug":"codesa-se-integra-al-consejo-de-la-sociedad-civil-del-consejo-para-la-transparencia","status":"publish","type":"post","link":"https:\/\/radiorevelacionfm.cl\/?p=59119","title":{"rendered":"CODESA se integra al Consejo de la Sociedad Civil del Consejo para la Transparencia"},"content":{"rendered":"<div class=\"flex_column av_one_full  flex_column_div av-zero-column-padding first  avia-builder-el-0  el_before_av_one_full  avia-builder-el-first  \" style='border-radius:0px; '><div  class='avia-image-container  av-styling-    avia-builder-el-1  avia-builder-el-no-sibling  avia-align-center '  itemprop=\"image\" itemscope=\"itemscope\" itemtype=\"https:\/\/schema.org\/ImageObject\"  ><div class='avia-image-container-inner'><div class='avia-image-overlay-wrap'><img decoding=\"async\" class='wp-image-21129 avia-img-lazy-loading-not-21129 avia_image' src=\"https:\/\/radiorevelacionfm.cl\/wp-content\/uploads\/2022\/08\/coyhaique-aysenjpg-1_optimized-1.jpg\" alt='' title='coyhaique-aysenjpg-(1)_optimized (1)' height=\"600\" width=\"1067\"  itemprop=\"thumbnailUrl\" srcset=\"https:\/\/radiorevelacionfm.cl\/wp-content\/uploads\/2022\/08\/coyhaique-aysenjpg-1_optimized-1.jpg 1067w, https:\/\/radiorevelacionfm.cl\/wp-content\/uploads\/2022\/08\/coyhaique-aysenjpg-1_optimized-1-300x169.jpg 300w, https:\/\/radiorevelacionfm.cl\/wp-content\/uploads\/2022\/08\/coyhaique-aysenjpg-1_optimized-1-1030x579.jpg 1030w, https:\/\/radiorevelacionfm.cl\/wp-content\/uploads\/2022\/08\/coyhaique-aysenjpg-1_optimized-1-768x432.jpg 768w, https:\/\/radiorevelacionfm.cl\/wp-content\/uploads\/2022\/08\/coyhaique-aysenjpg-1_optimized-1-705x396.jpg 705w, https:\/\/radiorevelacionfm.cl\/wp-content\/uploads\/2022\/08\/coyhaique-aysenjpg-1_optimized-1-600x337.jpg 600w\" sizes=\"(max-width: 1067px) 100vw, 1067px\" \/><\/div><\/div><\/div><\/div><div class=\"flex_column av_one_full  flex_column_div av-zero-column-padding first  avia-builder-el-2  el_after_av_one_full  el_before_av_one_full  column-top-margin\" style='border-radius:0px; '><section class=\"av_textblock_section \"  itemscope=\"itemscope\" itemtype=\"https:\/\/schema.org\/BlogPosting\" itemprop=\"blogPost\" ><div class='avia_textblock  '   itemprop=\"text\" ><p style=\"text-align: center;\"><span style=\"font-size: 18pt;\"><b><span lang=\"ES-TRAD\">CODESA se integra al Consejo de la Sociedad Civil del Consejo para la Transparencia<\/span><\/b><\/span><\/p>\n<div id=\"gtx-trans\" style=\"position: absolute; left: -50px; top: 4.31534px;\">\n<div class=\"gtx-trans-icon\"><\/div>\n<\/div>\n<\/div><\/section><\/div><\/p>\n<div class=\"flex_column av_one_full  flex_column_div av-zero-column-padding first  avia-builder-el-4  el_after_av_one_full  el_before_av_hr  column-top-margin\" style='border-radius:0px; '><section class=\"av_textblock_section \"  itemscope=\"itemscope\" itemtype=\"https:\/\/schema.org\/BlogPosting\" itemprop=\"blogPost\" ><div class='avia_textblock  '   itemprop=\"text\" ><ul>\n<li style=\"font-weight: 400; text-align: justify;\"><em>La organizaci\u00f3n abogar\u00e1 por el uso de la normativa y los aspectos que pueden mejorarse para facilitar a las y los ciudadanos el acceso a informaci\u00f3n p\u00fablica de los organismos del Estado.\u00a0<\/em><\/li>\n<li style=\"font-weight: 400; text-align: justify;\"><em>La organizaci\u00f3n forma parte de distintos espacios regionales y nacionales del Estado en materia de desarrollo sustentable, democracia y participaci\u00f3n, como el Consejo Consultivo Regional del Medio Ambiente, el Comit\u00e9 Regional de Cambio Clim\u00e1tico ampliado, la Mesa Estrat\u00e9gica de Recursos H\u00eddricos de la cuenca del r\u00edo Ays\u00e9n y el Consejo Social de la Universidad de Ays\u00e9n, entre otras instancias.<\/em><\/li>\n<\/ul>\n<p style=\"font-weight: 400; text-align: justify;\">Tras un proceso electoral en el cual participaron cerca de 120 organizaciones a nivel nacional, el Consejo para la Transparencia comunic\u00f3 oficialmente la conformaci\u00f3n del Consejo de la Sociedad Civil (COSOC) para el per\u00edodo 2025-2027.\u00a0\u00a0Este \u00f3rgano es un\u00a0<a href=\"https:\/\/www.consejotransparencia.cl\/informacion\/cosoc-2025\/\" data-saferedirecturl=\"https:\/\/www.google.com\/url?q=https:\/\/www.consejotransparencia.cl\/informacion\/cosoc-2025\/&amp;source=gmail&amp;ust=1757768321749000&amp;usg=AOvVaw37zNTYaEe2oItU3GnNxC70\">\u201c<em>mecanismo de participaci\u00f3n ciudadana<\/em><\/a><em>\u00a0conformado de manera diversa, representativa y pluralista por representantes de organizaciones que trabajen, investiguen o promuevan materias vinculadas con la transparencia, el acceso a la informaci\u00f3n p\u00fablica y la rendici\u00f3n de cuentas<\/em>\u201d.<\/p>\n<p style=\"font-weight: 400; text-align: justify;\">Entre las organizaciones que se integrar\u00e1n en este nuevo per\u00edodo est\u00e1 la\u00a0Corporaci\u00f3n Privada para el Desarrollo de Ays\u00e9n (CODESA), representada por Patricio Segura Ortiz en calidad de titular y Erwin Sandoval de suplente.\u00a0\u00a0Junto al\u00a0Centro de Estudios Regionales y del Desarrollo Territorial\u00a0de la Universidad Austral de Chile y a la\u00a0Fundaci\u00f3n Autismo Quilpu\u00e9, son las \u00fanicas organizaciones regionales que participan en este espacio compuesto por 12 entidades.<\/p>\n<p style=\"font-weight: 400; text-align: justify;\">Completan la n\u00f3mina la\u00a0Fundaci\u00f3n Trascender, la\u00a0ONG de Desarrollo Sim\u00f3n de Cirene, la\u00a0Asociaci\u00f3n Chilena Pro-Naciones Unidas, la\u00a0Asociaci\u00f3n Nacional de Periodistas Jubilados,\u00a0Chile Transparente, la\u00a0Fundaci\u00f3n Formando J\u00f3venes,\u00a0IdeaPa\u00eds, la\u00a0Fundaci\u00f3n Jaime Guzm\u00e1n,\u00a0CONADECUS\u00a0y el\u00a0Comit\u00e9 de Seguridad Comunitaria del Parque Residencial Alameda.<\/p>\n<p style=\"font-weight: 400; text-align: justify;\">Entre los objetivos del COSOC del Consejo Para la Transparencia est\u00e1 \u201c<em>promover la participaci\u00f3n y el control social de las funciones y acciones realizadas por el Consejo para la Transparencia<\/em>\u201d, \u201c<em>pronunciarse, de manera fundada, deliberativa y no vinculante, respecto a los procesos de discusi\u00f3n y toma de decisiones sobre el dise\u00f1o, difusi\u00f3n y evaluaci\u00f3n de pol\u00edticas impulsadas por el CPLT, considerando la visi\u00f3n de las organizaciones de la sociedad civil y organismos especializados<\/em>\u201d.<\/p>\n<p style=\"font-weight: 400; text-align: justify;\">Adem\u00e1s, \u201c<em>colaborar y apoyar, previo acuerdo de sus integrantes y bajo el principio de corresponsabilidad, en la participaci\u00f3n, promoci\u00f3n, y difusi\u00f3n de acciones, pol\u00edticas y programas del CPLT<\/em>\u201d, \u201c<em>sugerir acciones que puedan, eventualmente, ser implementadas por el CPLT para el cumplimiento de sus funciones, considerando el \u00e1mbito de su competencia<\/em>\u201d y \u201c<em>velar por el cumplimiento de los principios establecidos en la Pol\u00edtica de Participaci\u00f3n Ciudadana del CPLT<\/em>\u201d.<\/p>\n<p style=\"font-weight: 400; text-align: justify;\">\u201c<em>En el plan de trabajo que presentamos, est\u00e1 aportar desde la experiencia en el uso de la normativa, los aspectos que pueden mejorarse para facilitar a las y los ciudadanos el acceso a informaci\u00f3n p\u00fablica de los organismos del Estado. Esto tanto con respecto a transparencia pasiva (solicitudes de acceso) como activa (complejidad en los portales p\u00fablicos para poner a disposici\u00f3n p\u00fablica la informaci\u00f3n de la que est\u00e1n obligados por ley)<\/em>\u201d explic\u00f3\u00a0Patricio Segura\u00a0sobre el rol de CODESA en dicha instancia.\u00a0\u00a0Asimismo, se enfocar\u00e1n en \u201c<em>proponer acciones de formaci\u00f3n ciudadana, relativas a incentivar el uso de las herramientas del Estado en torno a la transparencia p\u00fablica y visibilizar los \u00e1mbitos en los cuales a\u00fan se est\u00e1 al debe en materia de transparencia activa<\/em>\u201d.<\/p>\n<p style=\"font-weight: 400; text-align: justify;\">CODESA forma parte de distintos espacios regionales y nacionales del Estado en materia de desarrollo sustentable, democracia y participaci\u00f3n, como el\u00a0Consejo Consultivo Regional del Medio Ambiente, el\u00a0Comit\u00e9 Regional de Cambio Clim\u00e1tico\u00a0ampliado, la\u00a0Mesa Estrat\u00e9gica de Recursos H\u00eddricos de la cuenca del r\u00edo Ays\u00e9n\u00a0y el\u00a0Consejo Social de la Universidad de Ays\u00e9n, entre otras instancias.<\/p>\n<\/div><\/section><\/div>\n<div  style='height:50px' class='hr hr-invisible   avia-builder-el-6  el_after_av_one_full  el_before_av_social_share '><span class='hr-inner ' ><span class='hr-inner-style'><\/span><\/span><\/div>\n<div  class='av-social-sharing-box  avia-builder-el-7  el_after_av_hr  el_before_av_hr  '><div class='av-share-box'><h5 class='av-share-link-description av-no-toc '>Compartir esta noticia<\/h5><ul class='av-share-box-list noLightbox'><li class='av-share-link av-social-link-facebook' ><a target=\"_blank\" aria-label=\"Compartir en Facebook\" href='https:\/\/www.facebook.com\/sharer.php?u=https:\/\/radiorevelacionfm.cl\/?p=59119&#038;t=CODESA%20se%20integra%20al%20Consejo%20de%20la%20Sociedad%20Civil%20del%20Consejo%20para%20la%20Transparencia' aria-hidden='false' data-av_icon='\ue8f3' data-av_iconfont='entypo-fontello' title='' data-avia-related-tooltip='Compartir en Facebook' rel=\"noopener\"><span class='avia_hidden_link_text'>Compartir en Facebook<\/span><\/a><\/li><li class='av-share-link av-social-link-twitter' ><a target=\"_blank\" aria-label=\"Compartir en Twitter\" href='https:\/\/twitter.com\/share?text=CODESA%20se%20integra%20al%20Consejo%20de%20la%20Sociedad%20Civil%20del%20Consejo%20para%20la%20Transparencia&#038;url=https:\/\/radiorevelacionfm.cl\/?p=59119' aria-hidden='false' data-av_icon='\ue8f1' data-av_iconfont='entypo-fontello' title='' data-avia-related-tooltip='Compartir en Twitter' rel=\"noopener\"><span class='avia_hidden_link_text'>Compartir en Twitter<\/span><\/a><\/li><li class='av-share-link av-social-link-whatsapp' ><a target=\"_blank\" aria-label=\"Compartir en Whatsapp\" href='https:\/\/api.whatsapp.com\/send?text=https:\/\/radiorevelacionfm.cl\/?p=59119' aria-hidden='false' data-av_icon='\uf232' data-av_iconfont='entypo-fontello' title='' data-avia-related-tooltip='Compartir en Whatsapp' rel=\"noopener\"><span class='avia_hidden_link_text'>Compartir en Whatsapp<\/span><\/a><\/li><li class='av-share-link av-social-link-linkedin' ><a target=\"_blank\" aria-label=\"Compartir en LinkedIn\" href='https:\/\/linkedin.com\/shareArticle?mini=true&#038;title=CODESA%20se%20integra%20al%20Consejo%20de%20la%20Sociedad%20Civil%20del%20Consejo%20para%20la%20Transparencia&#038;url=https:\/\/radiorevelacionfm.cl\/?p=59119' aria-hidden='false' data-av_icon='\ue8fc' data-av_iconfont='entypo-fontello' title='' data-avia-related-tooltip='Compartir en LinkedIn' rel=\"noopener\"><span class='avia_hidden_link_text'>Compartir en LinkedIn<\/span><\/a><\/li><li class='av-share-link av-social-link-mail' ><a  aria-label=\"Compartir por correo\" href='mailto:?subject=CODESA%20se%20integra%20al%20Consejo%20de%20la%20Sociedad%20Civil%20del%20Consejo%20para%20la%20Transparencia&#038;body=https:\/\/radiorevelacionfm.cl\/?p=59119' aria-hidden='false' data-av_icon='\ue805' data-av_iconfont='entypo-fontello' title='' data-avia-related-tooltip='Compartir por correo'><span class='avia_hidden_link_text'>Compartir por correo<\/span><\/a><\/li><\/ul><\/div><\/div>\n<div  style='height:50px' class='hr hr-invisible   avia-builder-el-8  el_after_av_social_share  el_before_av_comments_list '><span class='hr-inner ' ><span class='hr-inner-style'><\/span><\/span><\/div>\n<div  class='av-buildercomment  av-blog-meta-html-info-disabled av-blog-meta-tag-disabled  '><\/div>\n","protected":false},"excerpt":{"rendered":"","protected":false},"author":1,"featured_media":21129,"comment_status":"closed","ping_status":"closed","sticky":false,"template":"","format":"standard","meta":{"footnotes":""},"categories":[38],"tags":[],"class_list":["post-59119","post","type-post","status-publish","format-standard","has-post-thumbnail","hentry","category-regional"],"jetpack_featured_media_url":"https:\/\/radiorevelacionfm.cl\/wp-content\/uploads\/2022\/08\/coyhaique-aysenjpg-1_optimized-1.jpg","_links":{"self":[{"href":"https:\/\/radiorevelacionfm.cl\/index.php?rest_route=\/wp\/v2\/posts\/59119","targetHints":{"allow":["GET"]}}],"collection":[{"href":"https:\/\/radiorevelacionfm.cl\/index.php?rest_route=\/wp\/v2\/posts"}],"about":[{"href":"https:\/\/radiorevelacionfm.cl\/index.php?rest_route=\/wp\/v2\/types\/post"}],"author":[{"embeddable":true,"href":"https:\/\/radiorevelacionfm.cl\/index.php?rest_route=\/wp\/v2\/users\/1"}],"replies":[{"embeddable":true,"href":"https:\/\/radiorevelacionfm.cl\/index.php?rest_route=%2Fwp%2Fv2%2Fcomments&post=59119"}],"version-history":[{"count":3,"href":"https:\/\/radiorevelacionfm.cl\/index.php?rest_route=\/wp\/v2\/posts\/59119\/revisions"}],"predecessor-version":[{"id":59165,"href":"https:\/\/radiorevelacionfm.cl\/index.php?rest_route=\/wp\/v2\/posts\/59119\/revisions\/59165"}],"wp:featuredmedia":[{"embeddable":true,"href":"https:\/\/radiorevelacionfm.cl\/index.php?rest_route=\/wp\/v2\/media\/21129"}],"wp:attachment":[{"href":"https:\/\/radiorevelacionfm.cl\/index.php?rest_route=%2Fwp%2Fv2%2Fmedia&parent=59119"}],"wp:term":[{"taxonomy":"category","embeddable":true,"href":"https:\/\/radiorevelacionfm.cl\/index.php?rest_route=%2Fwp%2Fv2%2Fcategories&post=59119"},{"taxonomy":"post_tag","embeddable":true,"href":"https:\/\/radiorevelacionfm.cl\/index.php?rest_route=%2Fwp%2Fv2%2Ftags&post=59119"}],"curies":[{"name":"wp","href":"https:\/\/api.w.org\/{rel}","templated":true}]}}