{"id":59112,"date":"2025-09-12T10:27:40","date_gmt":"2025-09-12T13:27:40","guid":{"rendered":"https:\/\/radiorevelacionfm.cl\/?p=59112"},"modified":"2025-09-12T10:27:40","modified_gmt":"2025-09-12T13:27:40","slug":"refuerzan-llamado-a-la-conduccion-responsable-en-campana-de-prevencion-por-fiestas-patrias","status":"publish","type":"post","link":"https:\/\/radiorevelacionfm.cl\/?p=59112","title":{"rendered":"Refuerzan llamado a la conducci\u00f3n responsable en campa\u00f1a de prevenci\u00f3n por Fiestas Patrias"},"content":{"rendered":"<div class=\"flex_column av_one_full  flex_column_div av-zero-column-padding first  avia-builder-el-0  el_before_av_one_full  avia-builder-el-first  \" style='border-radius:0px; '><div  class='avia-image-container  av-styling-    avia-builder-el-1  avia-builder-el-no-sibling  avia-align-center '  itemprop=\"image\" itemscope=\"itemscope\" itemtype=\"https:\/\/schema.org\/ImageObject\"  ><div class='avia-image-container-inner'><div class='avia-image-overlay-wrap'><img decoding=\"async\" class='wp-image-59113 avia-img-lazy-loading-not-59113 avia_image' src=\"https:\/\/radiorevelacionfm.cl\/wp-content\/uploads\/2025\/09\/hito-fiestas-patrias-1-1_optimized.jpeg\" alt='' title='hito-fiestas-patrias-(1)-(1)_optimized' height=\"600\" width=\"800\"  itemprop=\"thumbnailUrl\" srcset=\"https:\/\/radiorevelacionfm.cl\/wp-content\/uploads\/2025\/09\/hito-fiestas-patrias-1-1_optimized.jpeg 800w, https:\/\/radiorevelacionfm.cl\/wp-content\/uploads\/2025\/09\/hito-fiestas-patrias-1-1_optimized-300x225.jpeg 300w, https:\/\/radiorevelacionfm.cl\/wp-content\/uploads\/2025\/09\/hito-fiestas-patrias-1-1_optimized-768x576.jpeg 768w, https:\/\/radiorevelacionfm.cl\/wp-content\/uploads\/2025\/09\/hito-fiestas-patrias-1-1_optimized-705x529.jpeg 705w, https:\/\/radiorevelacionfm.cl\/wp-content\/uploads\/2025\/09\/hito-fiestas-patrias-1-1_optimized-450x338.jpeg 450w, https:\/\/radiorevelacionfm.cl\/wp-content\/uploads\/2025\/09\/hito-fiestas-patrias-1-1_optimized-600x450.jpeg 600w\" sizes=\"(max-width: 800px) 100vw, 800px\" \/><\/div><\/div><\/div><\/div><div class=\"flex_column av_one_full  flex_column_div av-zero-column-padding first  avia-builder-el-2  el_after_av_one_full  el_before_av_one_full  column-top-margin\" style='border-radius:0px; '><section class=\"av_textblock_section \"  itemscope=\"itemscope\" itemtype=\"https:\/\/schema.org\/BlogPosting\" itemprop=\"blogPost\" ><div class='avia_textblock  '   itemprop=\"text\" ><p style=\"text-align: center;\"><strong><span style=\"font-size: 18pt;\">Refuerzan llamado a la conducci\u00f3n responsable en campa\u00f1a de prevenci\u00f3n por Fiestas Patrias<\/span><\/strong><\/p>\n<div id=\"gtx-trans\" style=\"position: absolute; left: -50px; top: 4.31534px;\">\n<div class=\"gtx-trans-icon\"><\/div>\n<\/div>\n<\/div><\/section><\/div><div class=\"flex_column av_one_full  flex_column_div av-zero-column-padding first  avia-builder-el-4  el_after_av_one_full  el_before_av_hr  column-top-margin\" style='border-radius:0px; '><section class=\"av_textblock_section \"  itemscope=\"itemscope\" itemtype=\"https:\/\/schema.org\/BlogPosting\" itemprop=\"blogPost\" ><div class='avia_textblock  '   itemprop=\"text\" ><p style=\"text-align: justify;\"><em>La empresa particip\u00f3 en actividad organizada por la Seremi de Transportes de Ays\u00e9n en Puerto Ays\u00e9n, donde se simul\u00f3 un accidente de tr\u00e1nsito para concientizar sobre los riesgos de conducir bajo los efectos del alcohol.<\/em><\/p>\n<p style=\"text-align: justify;\">Edelaysen se sum\u00f3 a la campa\u00f1a regional de prevenci\u00f3n de Fiestas Patrias impulsada por la Seremi de Transportes y Telecomunicaciones de Ays\u00e9n, instancia en la que diversas autoridades hicieron un llamado conjunto a la responsabilidad en la conducci\u00f3n. La actividad, realizada en Puerto Ays\u00e9n, incluy\u00f3 una simulaci\u00f3n de accidente entre un veh\u00edculo y un ciclista, con el objetivo de visibilizar las consecuencias que puede tener la imprudencia al volante.<\/p>\n<p style=\"text-align: justify;\">En este contexto, desde Edelaysen enfatizaron en uno de los efectos secundarios m\u00e1s comunes de la conducci\u00f3n irresponsable: el choque de postes. Este tipo de incidentes no s\u00f3lo implica un alto riesgo para las personas, sino que adem\u00e1s afecta la continuidad del suministro el\u00e9ctrico de miles de familias en la regi\u00f3n. Asimismo, desde la empresa aclararon que la reposici\u00f3n de los postes, si bien es asumida por Edelaysen, el costo final tanto en mano de obra como materiales recae en el responsable del accidente.<\/p>\n<p style=\"text-align: justify;\">Francisco Pavez, ejecutivo de Edelaysen, destac\u00f3: \u201cDesde Edelaysen reforzamos que los choques de postes no s\u00f3lo representan un grave riesgo para las personas, sino que tambi\u00e9n impactan directamente en la continuidad del servicio el\u00e9ctrico. En estos eventos, los clientes pueden estar sin suministro durante varias horas, lo que evidencia la magnitud de la interrupci\u00f3n que traen consigo. Por lo tanto, el llamado es a pasar estas fiestas con responsabilidad\u201d.<\/p>\n<p style=\"text-align: justify;\">Por su parte, el Seremi de Transportes y Telecomunicaciones de Ays\u00e9n, Hans Zimmermann, recalc\u00f3: \u201cQueremos invitar a todas y todos a celebrar estas Fiestas Patrias con responsabilidad, sin mezclar el consumo de alcohol con la conducci\u00f3n. Evitar un accidente no solo protege la vida propia y la de terceros, sino que tambi\u00e9n nos permite vivir unas celebraciones m\u00e1s seguras como comunidad.\u201d<\/p>\n<p style=\"text-align: justify;\">Finalmente, Edelaysen reiter\u00f3 su llamado a la prevenci\u00f3n, recordando que la seguridad vial y la continuidad del servicio el\u00e9ctrico dependen en gran medida de las decisiones responsables que se tomen al momento de conducir.<\/p>\n<\/div><\/section><\/div><div  style='height:50px' class='hr hr-invisible   avia-builder-el-6  el_after_av_one_full  el_before_av_social_share '><span class='hr-inner ' ><span class='hr-inner-style'><\/span><\/span><\/div><\/p>\n<div  class='av-social-sharing-box  avia-builder-el-7  el_after_av_hr  el_before_av_hr  '><div class='av-share-box'><h5 class='av-share-link-description av-no-toc '>Compartir esta noticia<\/h5><ul class='av-share-box-list noLightbox'><li class='av-share-link av-social-link-facebook' ><a target=\"_blank\" aria-label=\"Compartir en Facebook\" href='https:\/\/www.facebook.com\/sharer.php?u=https:\/\/radiorevelacionfm.cl\/?p=59112&#038;t=Refuerzan%20llamado%20a%20la%20conducci%C3%B3n%20responsable%20en%20campa%C3%B1a%20de%20prevenci%C3%B3n%20por%20Fiestas%20Patrias' aria-hidden='false' data-av_icon='\ue8f3' data-av_iconfont='entypo-fontello' title='' data-avia-related-tooltip='Compartir en Facebook' rel=\"noopener\"><span class='avia_hidden_link_text'>Compartir en Facebook<\/span><\/a><\/li><li class='av-share-link av-social-link-twitter' ><a target=\"_blank\" aria-label=\"Compartir en Twitter\" href='https:\/\/twitter.com\/share?text=Refuerzan%20llamado%20a%20la%20conducci%C3%B3n%20responsable%20en%20campa%C3%B1a%20de%20prevenci%C3%B3n%20por%20Fiestas%20Patrias&#038;url=https:\/\/radiorevelacionfm.cl\/?p=59112' aria-hidden='false' data-av_icon='\ue8f1' data-av_iconfont='entypo-fontello' title='' data-avia-related-tooltip='Compartir en Twitter' rel=\"noopener\"><span class='avia_hidden_link_text'>Compartir en Twitter<\/span><\/a><\/li><li class='av-share-link av-social-link-whatsapp' ><a target=\"_blank\" aria-label=\"Compartir en Whatsapp\" href='https:\/\/api.whatsapp.com\/send?text=https:\/\/radiorevelacionfm.cl\/?p=59112' aria-hidden='false' data-av_icon='\uf232' data-av_iconfont='entypo-fontello' title='' data-avia-related-tooltip='Compartir en Whatsapp' rel=\"noopener\"><span class='avia_hidden_link_text'>Compartir en Whatsapp<\/span><\/a><\/li><li class='av-share-link av-social-link-linkedin' ><a target=\"_blank\" aria-label=\"Compartir en LinkedIn\" href='https:\/\/linkedin.com\/shareArticle?mini=true&#038;title=Refuerzan%20llamado%20a%20la%20conducci%C3%B3n%20responsable%20en%20campa%C3%B1a%20de%20prevenci%C3%B3n%20por%20Fiestas%20Patrias&#038;url=https:\/\/radiorevelacionfm.cl\/?p=59112' aria-hidden='false' data-av_icon='\ue8fc' data-av_iconfont='entypo-fontello' title='' data-avia-related-tooltip='Compartir en LinkedIn' rel=\"noopener\"><span class='avia_hidden_link_text'>Compartir en LinkedIn<\/span><\/a><\/li><li class='av-share-link av-social-link-mail' ><a  aria-label=\"Compartir por correo\" href='mailto:?subject=Refuerzan%20llamado%20a%20la%20conducci%C3%B3n%20responsable%20en%20campa%C3%B1a%20de%20prevenci%C3%B3n%20por%20Fiestas%20Patrias&#038;body=https:\/\/radiorevelacionfm.cl\/?p=59112' aria-hidden='false' data-av_icon='\ue805' data-av_iconfont='entypo-fontello' title='' data-avia-related-tooltip='Compartir por correo'><span class='avia_hidden_link_text'>Compartir por correo<\/span><\/a><\/li><\/ul><\/div><\/div>\n<div  style='height:50px' class='hr hr-invisible   avia-builder-el-8  el_after_av_social_share  el_before_av_comments_list '><span class='hr-inner ' ><span class='hr-inner-style'><\/span><\/span><\/div>\n<div  class='av-buildercomment  av-blog-meta-html-info-disabled av-blog-meta-tag-disabled  '><\/div>\n","protected":false},"excerpt":{"rendered":"","protected":false},"author":1,"featured_media":59113,"comment_status":"closed","ping_status":"closed","sticky":false,"template":"","format":"standard","meta":{"footnotes":""},"categories":[38],"tags":[],"class_list":["post-59112","post","type-post","status-publish","format-standard","has-post-thumbnail","hentry","category-regional"],"jetpack_featured_media_url":"https:\/\/radiorevelacionfm.cl\/wp-content\/uploads\/2025\/09\/hito-fiestas-patrias-1-1_optimized.jpeg","_links":{"self":[{"href":"https:\/\/radiorevelacionfm.cl\/index.php?rest_route=\/wp\/v2\/posts\/59112","targetHints":{"allow":["GET"]}}],"collection":[{"href":"https:\/\/radiorevelacionfm.cl\/index.php?rest_route=\/wp\/v2\/posts"}],"about":[{"href":"https:\/\/radiorevelacionfm.cl\/index.php?rest_route=\/wp\/v2\/types\/post"}],"author":[{"embeddable":true,"href":"https:\/\/radiorevelacionfm.cl\/index.php?rest_route=\/wp\/v2\/users\/1"}],"replies":[{"embeddable":true,"href":"https:\/\/radiorevelacionfm.cl\/index.php?rest_route=%2Fwp%2Fv2%2Fcomments&post=59112"}],"version-history":[{"count":2,"href":"https:\/\/radiorevelacionfm.cl\/index.php?rest_route=\/wp\/v2\/posts\/59112\/revisions"}],"predecessor-version":[{"id":59121,"href":"https:\/\/radiorevelacionfm.cl\/index.php?rest_route=\/wp\/v2\/posts\/59112\/revisions\/59121"}],"wp:featuredmedia":[{"embeddable":true,"href":"https:\/\/radiorevelacionfm.cl\/index.php?rest_route=\/wp\/v2\/media\/59113"}],"wp:attachment":[{"href":"https:\/\/radiorevelacionfm.cl\/index.php?rest_route=%2Fwp%2Fv2%2Fmedia&parent=59112"}],"wp:term":[{"taxonomy":"category","embeddable":true,"href":"https:\/\/radiorevelacionfm.cl\/index.php?rest_route=%2Fwp%2Fv2%2Fcategories&post=59112"},{"taxonomy":"post_tag","embeddable":true,"href":"https:\/\/radiorevelacionfm.cl\/index.php?rest_route=%2Fwp%2Fv2%2Ftags&post=59112"}],"curies":[{"name":"wp","href":"https:\/\/api.w.org\/{rel}","templated":true}]}}