{"id":59109,"date":"2025-09-11T21:24:21","date_gmt":"2025-09-12T00:24:21","guid":{"rendered":"https:\/\/radiorevelacionfm.cl\/?p=59109"},"modified":"2025-09-11T21:24:21","modified_gmt":"2025-09-12T00:24:21","slug":"musica-de-todos-los-tiempos-en-piano-joe-vivace-realizara-concierto-inedito-en-la-comuna-de-aysen","status":"publish","type":"post","link":"https:\/\/radiorevelacionfm.cl\/?p=59109","title":{"rendered":"\u201cM\u00fasica de Todos los Tiempos en Piano\u201d: Joe Vivace realizar\u00e1 concierto in\u00e9dito en la comuna de Ays\u00e9n"},"content":{"rendered":"<div class=\"flex_column av_one_full  flex_column_div av-zero-column-padding first  avia-builder-el-0  el_before_av_one_full  avia-builder-el-first  \" style='border-radius:0px; '><div  class='avia-image-container  av-styling-    avia-builder-el-1  avia-builder-el-no-sibling  avia-align-center '  itemprop=\"image\" itemscope=\"itemscope\" itemtype=\"https:\/\/schema.org\/ImageObject\"  ><div class='avia-image-container-inner'><div class='avia-image-overlay-wrap'><img decoding=\"async\" class='wp-image-59110 avia-img-lazy-loading-not-59110 avia_image' src=\"https:\/\/radiorevelacionfm.cl\/wp-content\/uploads\/2025\/09\/Joe-Vivace-1-1.jpg\" alt='' title='Joe Vivace (1) (1)' height=\"600\" width=\"1067\"  itemprop=\"thumbnailUrl\" srcset=\"https:\/\/radiorevelacionfm.cl\/wp-content\/uploads\/2025\/09\/Joe-Vivace-1-1.jpg 1067w, https:\/\/radiorevelacionfm.cl\/wp-content\/uploads\/2025\/09\/Joe-Vivace-1-1-300x169.jpg 300w, https:\/\/radiorevelacionfm.cl\/wp-content\/uploads\/2025\/09\/Joe-Vivace-1-1-1030x579.jpg 1030w, https:\/\/radiorevelacionfm.cl\/wp-content\/uploads\/2025\/09\/Joe-Vivace-1-1-768x432.jpg 768w, https:\/\/radiorevelacionfm.cl\/wp-content\/uploads\/2025\/09\/Joe-Vivace-1-1-705x396.jpg 705w, https:\/\/radiorevelacionfm.cl\/wp-content\/uploads\/2025\/09\/Joe-Vivace-1-1-450x253.jpg 450w, https:\/\/radiorevelacionfm.cl\/wp-content\/uploads\/2025\/09\/Joe-Vivace-1-1-600x337.jpg 600w\" sizes=\"(max-width: 1067px) 100vw, 1067px\" \/><\/div><\/div><\/div><\/div><div class=\"flex_column av_one_full  flex_column_div av-zero-column-padding first  avia-builder-el-2  el_after_av_one_full  el_before_av_one_full  column-top-margin\" style='border-radius:0px; '><section class=\"av_textblock_section \"  itemscope=\"itemscope\" itemtype=\"https:\/\/schema.org\/BlogPosting\" itemprop=\"blogPost\" ><div class='avia_textblock  '   itemprop=\"text\" ><p style=\"text-align: center;\"><strong><span style=\"font-size: 18pt;\">\u201cM\u00fasica de Todos los Tiempos en Piano\u201d: <em>Joe Vivace<\/em> realizar\u00e1 concierto in\u00e9dito en la comuna de Ays\u00e9n<\/span><\/strong><\/p>\n<div id=\"gtx-trans\" style=\"position: absolute; left: -50px; top: 4.31534px;\">\n<div class=\"gtx-trans-icon\"><\/div>\n<\/div>\n<\/div><\/section><\/div><div class=\"flex_column av_one_full  flex_column_div av-zero-column-padding first  avia-builder-el-4  el_after_av_one_full  el_before_av_hr  column-top-margin\" style='border-radius:0px; '><section class=\"av_textblock_section \"  itemscope=\"itemscope\" itemtype=\"https:\/\/schema.org\/BlogPosting\" itemprop=\"blogPost\" ><div class='avia_textblock  '   itemprop=\"text\" ><p style=\"text-align: justify;\"><em>Una ocasi\u00f3n para maravillarse con la interpretaci\u00f3n de Joe Vivace, pianista que ha mostrado su arte en varios pa\u00edses de Europa y volvi\u00f3 a Chile para quedarse en la Patagonia.<\/em><\/p>\n<p style=\"text-align: justify;\">Este pr\u00f3ximo viernes 12 de septiembre a las 17:30 horas en el primer piso de la Casa de la Cultura de Puerto Ays\u00e9n, se realizar\u00e1 el concierto \u201cM\u00fasica de Todos los Tiempos en Piano\u201d, una oportunidad pocas veces vista en la comuna de Ays\u00e9n e interpretado por un pianista con a\u00f1os de experiencia en el panorama nacional y extranjero.<\/p>\n<p style=\"text-align: justify;\">Joe Vivace es un pianista chileno oriundo de Vi\u00f1a del Mar, gracias a vivir en una familia con varios artistas se dieron las facilidades de poder estudiar en el conservatorio de la Universidad Cat\u00f3lica de Valpara\u00edso a temprana edad. Luego de completar estudios en la academia de bellas artes, viaj\u00f3 a Europa, espec\u00edficamente a las Islas Canarias de Espa\u00f1a, donde comenz\u00f3 su labor como m\u00fasico.<\/p>\n<p style=\"text-align: justify;\">Despu\u00e9s de recorrer varios pa\u00edses del viejo continente, el maestro Vivace vuelve a Chile y en el pa\u00eds conoce a la que hoy es su pareja. Ambos viajan a la regi\u00f3n de Ays\u00e9n, lugar que los encanta por su naturaleza y deciden quedarse a vivir en Puerto Chacabuco, localidad en la que residen hace cuatro a\u00f1os.<\/p>\n<p style=\"text-align: justify;\">Gracias al trabajo realizado por la Unidad de Cultura de la Municipalidad de Ays\u00e9n, a trav\u00e9s del \u201cCatastro de Artistas Locales\u201d, se dio la oportunidad de conversar de las propuestas que el maestro Vivace quiere realizar para la comunidad. Por lo que, como primer gran hito de esta alianza entre artista e instituci\u00f3n, se realizar\u00e1 este concierto gratuito para toda la comunidad de Ays\u00e9n.<\/p>\n<p style=\"text-align: justify;\">\u201cVamos a hacer un gran evento en Puerto Ays\u00e9n, con piano y teclado. Va a ser un encuentro de fantas\u00eda en la cual vamos a repasar la historia de la m\u00fasica latinoamericana, temas ic\u00f3nicos de Violeta Parra, Mercedes Sosa, Patricio Manns, igualmente tendremos bastantes tonadas tradicionales chilenas, ahora que estamos en el mes de la patria. Espero que vayan, no se lo pierdan, va a estar muy bonito y con mucho coraz\u00f3n para todos\u201d, expres\u00f3 el pianista.<\/p>\n<p style=\"text-align: justify;\">Este evento es parte de la parrilla de actividades art\u00edsticas que ha realizado el municipio aysenino durante este a\u00f1o y que viene de la colaboraci\u00f3n de los mismos vecinos, como lo fue \u201cPinceladas de Ays\u00e9n\u201d en el mes de julio. As\u00ed lo hizo notar la directora de Desarrollo Comunitario, Karina Montecinos.<\/p>\n<p style=\"text-align: justify;\">\u201cUno de los sellos de esta Municipalidad es resaltar la cultura en nuestra comuna y cuando hablamos de esta nos referimos a todas las disciplinas. Es por eso que este a\u00f1o la Unidad de Cultura ha hecho un esfuerzo por generar un catastro e instancias de comunicaci\u00f3n y de participaci\u00f3n con todos los artistas locales para poder ser una vitrina tambi\u00e9n de su arte. As\u00ed que, desde ya, invitamos a todas las personas, porque de verdad que va a ser un espect\u00e1culo muy bonito, muy atractivo y que nos abre tambi\u00e9n un panorama previo a las Fiestas Patrias\u201d, expres\u00f3 la directora de DIDECO.<\/p>\n<p style=\"text-align: justify;\"><em>\u00a0<\/em>\u201cEl artista nos se\u00f1alaba que tambi\u00e9n, como para darle un <em>plus <\/em>extra a esta actividad, es que,si alg\u00fan asistente quiere alguna pieza en particular, se la puede solicitar para que la pueda interpretar. Estas actividades no se dan con mucha frecuencia en Ays\u00e9n, as\u00ed que desde ya se le agradece la gesti\u00f3n al pianista por querer participar\u201d, finaliz\u00f3 Karina Montecinos.<\/p>\n<p style=\"text-align: justify;\">Esta es una oportunidad importante para demostrar que los ayseninos est\u00e1n interesados en el arte, por lo que el \u00e9xito de esta instancia podr\u00eda abrir la puerta a muchos otros artistas y a disciplinas que puedan interesar a j\u00f3venes y adultos.<\/p>\n<\/div><\/section><\/div><div  style='height:50px' class='hr hr-invisible   avia-builder-el-6  el_after_av_one_full  el_before_av_social_share '><span class='hr-inner ' ><span class='hr-inner-style'><\/span><\/span><\/div><\/p>\n<div  class='av-social-sharing-box  avia-builder-el-7  el_after_av_hr  el_before_av_hr  '><div class='av-share-box'><h5 class='av-share-link-description av-no-toc '>Compartir esta noticia<\/h5><ul class='av-share-box-list noLightbox'><li class='av-share-link av-social-link-facebook' ><a target=\"_blank\" aria-label=\"Compartir en Facebook\" href='https:\/\/www.facebook.com\/sharer.php?u=https:\/\/radiorevelacionfm.cl\/?p=59109&#038;t=%E2%80%9CM%C3%BAsica%20de%20Todos%20los%20Tiempos%20en%20Piano%E2%80%9D%3A%20Joe%20Vivace%20realizar%C3%A1%20concierto%20in%C3%A9dito%20en%20la%20comuna%20de%20Ays%C3%A9n' aria-hidden='false' data-av_icon='\ue8f3' data-av_iconfont='entypo-fontello' title='' data-avia-related-tooltip='Compartir en Facebook' rel=\"noopener\"><span class='avia_hidden_link_text'>Compartir en Facebook<\/span><\/a><\/li><li class='av-share-link av-social-link-twitter' ><a target=\"_blank\" aria-label=\"Compartir en Twitter\" href='https:\/\/twitter.com\/share?text=%E2%80%9CM%C3%BAsica%20de%20Todos%20los%20Tiempos%20en%20Piano%E2%80%9D%3A%20Joe%20Vivace%20realizar%C3%A1%20concierto%20in%C3%A9dito%20en%20la%20comuna%20de%20Ays%C3%A9n&#038;url=https:\/\/radiorevelacionfm.cl\/?p=59109' aria-hidden='false' data-av_icon='\ue8f1' data-av_iconfont='entypo-fontello' title='' data-avia-related-tooltip='Compartir en Twitter' rel=\"noopener\"><span class='avia_hidden_link_text'>Compartir en Twitter<\/span><\/a><\/li><li class='av-share-link av-social-link-whatsapp' ><a target=\"_blank\" aria-label=\"Compartir en Whatsapp\" href='https:\/\/api.whatsapp.com\/send?text=https:\/\/radiorevelacionfm.cl\/?p=59109' aria-hidden='false' data-av_icon='\uf232' data-av_iconfont='entypo-fontello' title='' data-avia-related-tooltip='Compartir en Whatsapp' rel=\"noopener\"><span class='avia_hidden_link_text'>Compartir en Whatsapp<\/span><\/a><\/li><li class='av-share-link av-social-link-linkedin' ><a target=\"_blank\" aria-label=\"Compartir en LinkedIn\" href='https:\/\/linkedin.com\/shareArticle?mini=true&#038;title=%E2%80%9CM%C3%BAsica%20de%20Todos%20los%20Tiempos%20en%20Piano%E2%80%9D%3A%20Joe%20Vivace%20realizar%C3%A1%20concierto%20in%C3%A9dito%20en%20la%20comuna%20de%20Ays%C3%A9n&#038;url=https:\/\/radiorevelacionfm.cl\/?p=59109' aria-hidden='false' data-av_icon='\ue8fc' data-av_iconfont='entypo-fontello' title='' data-avia-related-tooltip='Compartir en LinkedIn' rel=\"noopener\"><span class='avia_hidden_link_text'>Compartir en LinkedIn<\/span><\/a><\/li><li class='av-share-link av-social-link-mail' ><a  aria-label=\"Compartir por correo\" href='mailto:?subject=%E2%80%9CM%C3%BAsica%20de%20Todos%20los%20Tiempos%20en%20Piano%E2%80%9D%3A%20Joe%20Vivace%20realizar%C3%A1%20concierto%20in%C3%A9dito%20en%20la%20comuna%20de%20Ays%C3%A9n&#038;body=https:\/\/radiorevelacionfm.cl\/?p=59109' aria-hidden='false' data-av_icon='\ue805' data-av_iconfont='entypo-fontello' title='' data-avia-related-tooltip='Compartir por correo'><span class='avia_hidden_link_text'>Compartir por correo<\/span><\/a><\/li><\/ul><\/div><\/div>\n<div  style='height:50px' class='hr hr-invisible   avia-builder-el-8  el_after_av_social_share  el_before_av_comments_list '><span class='hr-inner ' ><span class='hr-inner-style'><\/span><\/span><\/div>\n<div  class='av-buildercomment  av-blog-meta-html-info-disabled av-blog-meta-tag-disabled  '><\/div>\n","protected":false},"excerpt":{"rendered":"","protected":false},"author":1,"featured_media":59110,"comment_status":"closed","ping_status":"closed","sticky":false,"template":"","format":"standard","meta":{"footnotes":""},"categories":[38],"tags":[],"class_list":["post-59109","post","type-post","status-publish","format-standard","has-post-thumbnail","hentry","category-regional"],"jetpack_featured_media_url":"https:\/\/radiorevelacionfm.cl\/wp-content\/uploads\/2025\/09\/Joe-Vivace-1-1.jpg","_links":{"self":[{"href":"https:\/\/radiorevelacionfm.cl\/index.php?rest_route=\/wp\/v2\/posts\/59109","targetHints":{"allow":["GET"]}}],"collection":[{"href":"https:\/\/radiorevelacionfm.cl\/index.php?rest_route=\/wp\/v2\/posts"}],"about":[{"href":"https:\/\/radiorevelacionfm.cl\/index.php?rest_route=\/wp\/v2\/types\/post"}],"author":[{"embeddable":true,"href":"https:\/\/radiorevelacionfm.cl\/index.php?rest_route=\/wp\/v2\/users\/1"}],"replies":[{"embeddable":true,"href":"https:\/\/radiorevelacionfm.cl\/index.php?rest_route=%2Fwp%2Fv2%2Fcomments&post=59109"}],"version-history":[{"count":2,"href":"https:\/\/radiorevelacionfm.cl\/index.php?rest_route=\/wp\/v2\/posts\/59109\/revisions"}],"predecessor-version":[{"id":59117,"href":"https:\/\/radiorevelacionfm.cl\/index.php?rest_route=\/wp\/v2\/posts\/59109\/revisions\/59117"}],"wp:featuredmedia":[{"embeddable":true,"href":"https:\/\/radiorevelacionfm.cl\/index.php?rest_route=\/wp\/v2\/media\/59110"}],"wp:attachment":[{"href":"https:\/\/radiorevelacionfm.cl\/index.php?rest_route=%2Fwp%2Fv2%2Fmedia&parent=59109"}],"wp:term":[{"taxonomy":"category","embeddable":true,"href":"https:\/\/radiorevelacionfm.cl\/index.php?rest_route=%2Fwp%2Fv2%2Fcategories&post=59109"},{"taxonomy":"post_tag","embeddable":true,"href":"https:\/\/radiorevelacionfm.cl\/index.php?rest_route=%2Fwp%2Fv2%2Ftags&post=59109"}],"curies":[{"name":"wp","href":"https:\/\/api.w.org\/{rel}","templated":true}]}}