{"id":59105,"date":"2025-09-11T20:33:42","date_gmt":"2025-09-11T23:33:42","guid":{"rendered":"https:\/\/radiorevelacionfm.cl\/?p=59105"},"modified":"2025-09-11T20:33:42","modified_gmt":"2025-09-11T23:33:42","slug":"potenciando-el-emprendimiento-en-puyuhuapi-a-traves-de-la-escuela-de-mujeres-empresarias","status":"publish","type":"post","link":"https:\/\/radiorevelacionfm.cl\/?p=59105","title":{"rendered":"Potenciando el emprendimiento en Puyuhuapi a trav\u00e9s de la Escuela de Mujeres Empresarias"},"content":{"rendered":"<div class=\"flex_column av_one_full  flex_column_div av-zero-column-padding first  avia-builder-el-0  el_before_av_one_full  avia-builder-el-first  \" style='border-radius:0px; '><div  class='avia-image-container  av-styling-    avia-builder-el-1  avia-builder-el-no-sibling  avia-align-center '  itemprop=\"image\" itemscope=\"itemscope\" itemtype=\"https:\/\/schema.org\/ImageObject\"  ><div class='avia-image-container-inner'><div class='avia-image-overlay-wrap'><img decoding=\"async\" class='wp-image-59106 avia-img-lazy-loading-not-59106 avia_image' src=\"https:\/\/radiorevelacionfm.cl\/wp-content\/uploads\/2025\/09\/WhatsApp-Image-2025-09-09-at-16.09.23-1-1.jpeg\" alt='' title='WhatsApp Image 2025-09-09 at 16.09.23 (1) (1)' height=\"600\" width=\"800\"  itemprop=\"thumbnailUrl\" srcset=\"https:\/\/radiorevelacionfm.cl\/wp-content\/uploads\/2025\/09\/WhatsApp-Image-2025-09-09-at-16.09.23-1-1.jpeg 800w, https:\/\/radiorevelacionfm.cl\/wp-content\/uploads\/2025\/09\/WhatsApp-Image-2025-09-09-at-16.09.23-1-1-300x225.jpeg 300w, https:\/\/radiorevelacionfm.cl\/wp-content\/uploads\/2025\/09\/WhatsApp-Image-2025-09-09-at-16.09.23-1-1-768x576.jpeg 768w, https:\/\/radiorevelacionfm.cl\/wp-content\/uploads\/2025\/09\/WhatsApp-Image-2025-09-09-at-16.09.23-1-1-705x529.jpeg 705w, https:\/\/radiorevelacionfm.cl\/wp-content\/uploads\/2025\/09\/WhatsApp-Image-2025-09-09-at-16.09.23-1-1-450x338.jpeg 450w, https:\/\/radiorevelacionfm.cl\/wp-content\/uploads\/2025\/09\/WhatsApp-Image-2025-09-09-at-16.09.23-1-1-600x450.jpeg 600w\" sizes=\"(max-width: 800px) 100vw, 800px\" \/><\/div><\/div><\/div><\/div><div class=\"flex_column av_one_full  flex_column_div av-zero-column-padding first  avia-builder-el-2  el_after_av_one_full  el_before_av_one_full  column-top-margin\" style='border-radius:0px; '><section class=\"av_textblock_section \"  itemscope=\"itemscope\" itemtype=\"https:\/\/schema.org\/BlogPosting\" itemprop=\"blogPost\" ><div class='avia_textblock  '   itemprop=\"text\" ><p style=\"text-align: center;\"><span style=\"font-size: 18pt;\"><strong>Potenciando el emprendimiento en Puyuhuapi a trav\u00e9s de la Escuela de Mujeres Empresarias<\/strong><\/span><\/p>\n<div id=\"gtx-trans\" style=\"position: absolute; left: -50px; top: 4.31534px;\">\n<div class=\"gtx-trans-icon\"><\/div>\n<\/div>\n<\/div><\/section><\/div><div class=\"flex_column av_one_full  flex_column_div av-zero-column-padding first  avia-builder-el-4  el_after_av_one_full  el_before_av_hr  column-top-margin\" style='border-radius:0px; '><section class=\"av_textblock_section \"  itemscope=\"itemscope\" itemtype=\"https:\/\/schema.org\/BlogPosting\" itemprop=\"blogPost\" ><div class='avia_textblock  '   itemprop=\"text\" ><p style=\"text-align: justify;\">Con la participaci\u00f3n de 16 mujeres emprendedoras de distintos rubros, como: turismo, artesan\u00eda, servicios, comercio y gastronom\u00eda, se desarroll\u00f3 en la localidad de Puyuhuapi la tercera versi\u00f3n de la Escuela de Mujeres Empresarias de SERCOTEC Ays\u00e9n, una iniciativa ejecutada por el Centro de Desarrollo de Negocios de Ays\u00e9n, con el apoyo de la Ilustre Municipalidad de Cisnes y la C\u00e1mara de Comercio y Turismo de Puyuhuapi, que busca fortalecer las capacidades, el liderazgo y la sostenibilidad de los emprendimientos femeninos en los diversos territorios de la regi\u00f3n de Ays\u00e9n.<\/p>\n<p style=\"text-align: justify;\">El objetivo de este proceso fue convocar tanto a mujeres con emprendimientos ya formalizados como a aquellas que se encuentran en etapas iniciales de sus proyectos. Se trat\u00f3 de una instancia colaborativa que les permiti\u00f3 compartir aprendizajes, fortalecer sus negocios y reflexionar en conjunto sobre los desaf\u00edos de emprender en un escenario marcado por mercados din\u00e1micos, la digitalizaci\u00f3n y los m\u00faltiples roles que las mujeres asumen en su vida cotidiana.<\/p>\n<p style=\"text-align: justify;\">Por su parte, la metodolog\u00eda de la Escuela combin\u00f3 instancias virtuales y presenciales. La apertura estuvo a cargo de Natalia Vargas Sol\u00eds, psicopedagoga y Coordinadora Comunal del Programa Mujeres Jefas de Hogar de la Municipalidad de Ays\u00e9n, con la charla \u201cSer Mujer en Chile\u201d. Posteriormente, los m\u00f3dulos \u201cSomos Emprendedoras\u201d y \u201cSomos Innovadoras\u201d fueron conducidos por Claudia Molina Olivares, periodista y Coach Ontol\u00f3gica, quien adem\u00e1s moder\u00f3 la jornada presencial en Puyuhuapi.<\/p>\n<p style=\"text-align: justify;\">\u201cPara Sercotec, uno de los principales focos estrat\u00e9gicos es la incorporaci\u00f3n de la perspectiva de g\u00e9nero en su quehacer. Por lo tanto, en este contexto, la Academia de Mujeres Empresarias se ha consolidado como una instancia clave de formaci\u00f3n continua, dise\u00f1ada para acompa\u00f1ar a las mujeres en el camino de fortalecer su autonom\u00eda econ\u00f3mica, fortalecer sus habilidades de gesti\u00f3n empresarial y tambi\u00e9n proyectar con fuerza el liderazgo femenino en la regi\u00f3n de Ays\u00e9n\u201d, indic\u00f3 Nelly Vargas Mansilla, directora regional de Sercotec Ays\u00e9n.<\/p>\n<p style=\"text-align: justify;\">Una de las participantes del taller fue Marianela N\u00fa\u00f1ez Guti\u00e9rrez, due\u00f1a del caf\u00e9 y restor\u00e1n \u201cLa Pic\u00e1 de la Malela\u201d, quien indic\u00f3: \u201cMe encant\u00f3 este encuentro, estas cosas me hacen sentir m\u00e1s capaz para poder seguir adelante con mi emprendimiento, ya que te entregan las herramientas, los conocimientos, de c\u00f3mo luchar por lo que realmente est\u00e1s emprendiendo. Otra cosa que destaco es que me ayud\u00f3 \u00a0a reconocer y desarrollar m\u00e1s el carisma que me va a permitir atender mejor a mis clientes\u201d, coment\u00f3.<\/p>\n<p style=\"text-align: justify;\">Por su parte, el enfoque participativo, pr\u00e1ctico y vivencial permiti\u00f3 a las participantes no solo adquirir nuevas herramientas de gesti\u00f3n e innovaci\u00f3n, sino tambi\u00e9n generar redes de contacto y potenciar el encadenamiento productivo local, clave en territorios tan tur\u00edsticos \u00a0como Puyuhuapi, donde la asociatividad y la colaboraci\u00f3n impactan directamente en el desarrollo econ\u00f3mico.<\/p>\n<p style=\"text-align: justify;\">Cabe destacar que la regi\u00f3n de Ays\u00e9n, m\u00e1s del 52% de la cartera de clientes del Centro de Desarrollo de Negocios de Puerto Ays\u00e9n corresponde a mujeres, y la participaci\u00f3n femenina alcanza un 64% en las capacitaciones. Esto refleja la apertura de las emprendedoras al aprendizaje y el valor que otorgan a los espacios de colaboraci\u00f3n, donde adem\u00e1s de fortalecer sus negocios encuentran inspiraci\u00f3n y apoyo en la experiencia compartida.<\/p>\n<p style=\"text-align: justify;\">Por su parte Paulina Medina, Jefa del Centro de Desarrollo de Negocios Ays\u00e9n, indic\u00f3: \u201cEste es el tercer a\u00f1o consecutivo que desarrollamos las academias de mujeres empresarias. Este a\u00f1o escogimos la localidad de Puyuhuapi como un punto de encuentro, donde nosotros buscamos que muchas personas ya formalizadas o que est\u00e1n a punto de dar el salto, puedan repasar los puntos claves para la gesti\u00f3n de su negocio, pero de una forma constructiva y colaborativa, donde se genera un espacio donde muchas mujeres pueden conversar, no tan solo del avance y desarrollo de su negocio, sino que tambi\u00e9n desde los desaf\u00edos que tienen como mujeres al momento de emprender\u201d, coment\u00f3.<\/p>\n<p style=\"text-align: justify;\">Finalmente, destacar que las academias de mujeres empresarias se enmarcan en el compromiso de SERCOTEC con la equidad de g\u00e9nero y la descentralizaci\u00f3n, acercando instancias de formaci\u00f3n y acompa\u00f1amiento en diferentes localidades del territorio. Con este tipo de iniciativas se busca que las emprendedoras no solo fortalezcan sus negocios, sino tambi\u00e9n su confianza, liderazgo y capacidad de impactar en la econom\u00eda local.<\/p>\n<p style=\"text-align: justify;\">\u201cEl desarrollo de este espacio formativo contribuye al impulso del ecosistema emprendedor de Ays\u00e9n, al generar redes colaborativas y nuevas oportunidades de crecimiento para mujeres que son motor de desarrollo en sus territorios\u201d, concluy\u00f3 Paulina Medina, Jefa del Centro de Desarrollo de Sercotec Ays\u00e9n.<\/p>\n<\/div><\/section><\/div><div  style='height:50px' class='hr hr-invisible   avia-builder-el-6  el_after_av_one_full  el_before_av_social_share '><span class='hr-inner ' ><span class='hr-inner-style'><\/span><\/span><\/div><\/p>\n<div  class='av-social-sharing-box  avia-builder-el-7  el_after_av_hr  el_before_av_hr  '><div class='av-share-box'><h5 class='av-share-link-description av-no-toc '>Compartir esta noticia<\/h5><ul class='av-share-box-list noLightbox'><li class='av-share-link av-social-link-facebook' ><a target=\"_blank\" aria-label=\"Compartir en Facebook\" href='https:\/\/www.facebook.com\/sharer.php?u=https:\/\/radiorevelacionfm.cl\/?p=59105&#038;t=Potenciando%20el%20emprendimiento%20en%20Puyuhuapi%20a%20trav%C3%A9s%20de%20la%20Escuela%20de%20Mujeres%20Empresarias' aria-hidden='false' data-av_icon='\ue8f3' data-av_iconfont='entypo-fontello' title='' data-avia-related-tooltip='Compartir en Facebook' rel=\"noopener\"><span class='avia_hidden_link_text'>Compartir en Facebook<\/span><\/a><\/li><li class='av-share-link av-social-link-twitter' ><a target=\"_blank\" aria-label=\"Compartir en Twitter\" href='https:\/\/twitter.com\/share?text=Potenciando%20el%20emprendimiento%20en%20Puyuhuapi%20a%20trav%C3%A9s%20de%20la%20Escuela%20de%20Mujeres%20Empresarias&#038;url=https:\/\/radiorevelacionfm.cl\/?p=59105' aria-hidden='false' data-av_icon='\ue8f1' data-av_iconfont='entypo-fontello' title='' data-avia-related-tooltip='Compartir en Twitter' rel=\"noopener\"><span class='avia_hidden_link_text'>Compartir en Twitter<\/span><\/a><\/li><li class='av-share-link av-social-link-whatsapp' ><a target=\"_blank\" aria-label=\"Compartir en Whatsapp\" href='https:\/\/api.whatsapp.com\/send?text=https:\/\/radiorevelacionfm.cl\/?p=59105' aria-hidden='false' data-av_icon='\uf232' data-av_iconfont='entypo-fontello' title='' data-avia-related-tooltip='Compartir en Whatsapp' rel=\"noopener\"><span class='avia_hidden_link_text'>Compartir en Whatsapp<\/span><\/a><\/li><li class='av-share-link av-social-link-linkedin' ><a target=\"_blank\" aria-label=\"Compartir en LinkedIn\" href='https:\/\/linkedin.com\/shareArticle?mini=true&#038;title=Potenciando%20el%20emprendimiento%20en%20Puyuhuapi%20a%20trav%C3%A9s%20de%20la%20Escuela%20de%20Mujeres%20Empresarias&#038;url=https:\/\/radiorevelacionfm.cl\/?p=59105' aria-hidden='false' data-av_icon='\ue8fc' data-av_iconfont='entypo-fontello' title='' data-avia-related-tooltip='Compartir en LinkedIn' rel=\"noopener\"><span class='avia_hidden_link_text'>Compartir en LinkedIn<\/span><\/a><\/li><li class='av-share-link av-social-link-mail' ><a  aria-label=\"Compartir por correo\" href='mailto:?subject=Potenciando%20el%20emprendimiento%20en%20Puyuhuapi%20a%20trav%C3%A9s%20de%20la%20Escuela%20de%20Mujeres%20Empresarias&#038;body=https:\/\/radiorevelacionfm.cl\/?p=59105' aria-hidden='false' data-av_icon='\ue805' data-av_iconfont='entypo-fontello' title='' data-avia-related-tooltip='Compartir por correo'><span class='avia_hidden_link_text'>Compartir por correo<\/span><\/a><\/li><\/ul><\/div><\/div>\n<div  style='height:50px' class='hr hr-invisible   avia-builder-el-8  el_after_av_social_share  el_before_av_comments_list '><span class='hr-inner ' ><span class='hr-inner-style'><\/span><\/span><\/div>\n<div  class='av-buildercomment  av-blog-meta-html-info-disabled av-blog-meta-tag-disabled  '><\/div>\n","protected":false},"excerpt":{"rendered":"","protected":false},"author":1,"featured_media":59106,"comment_status":"closed","ping_status":"closed","sticky":false,"template":"","format":"standard","meta":{"footnotes":""},"categories":[38],"tags":[],"class_list":["post-59105","post","type-post","status-publish","format-standard","has-post-thumbnail","hentry","category-regional"],"jetpack_featured_media_url":"https:\/\/radiorevelacionfm.cl\/wp-content\/uploads\/2025\/09\/WhatsApp-Image-2025-09-09-at-16.09.23-1-1.jpeg","_links":{"self":[{"href":"https:\/\/radiorevelacionfm.cl\/index.php?rest_route=\/wp\/v2\/posts\/59105","targetHints":{"allow":["GET"]}}],"collection":[{"href":"https:\/\/radiorevelacionfm.cl\/index.php?rest_route=\/wp\/v2\/posts"}],"about":[{"href":"https:\/\/radiorevelacionfm.cl\/index.php?rest_route=\/wp\/v2\/types\/post"}],"author":[{"embeddable":true,"href":"https:\/\/radiorevelacionfm.cl\/index.php?rest_route=\/wp\/v2\/users\/1"}],"replies":[{"embeddable":true,"href":"https:\/\/radiorevelacionfm.cl\/index.php?rest_route=%2Fwp%2Fv2%2Fcomments&post=59105"}],"version-history":[{"count":2,"href":"https:\/\/radiorevelacionfm.cl\/index.php?rest_route=\/wp\/v2\/posts\/59105\/revisions"}],"predecessor-version":[{"id":59108,"href":"https:\/\/radiorevelacionfm.cl\/index.php?rest_route=\/wp\/v2\/posts\/59105\/revisions\/59108"}],"wp:featuredmedia":[{"embeddable":true,"href":"https:\/\/radiorevelacionfm.cl\/index.php?rest_route=\/wp\/v2\/media\/59106"}],"wp:attachment":[{"href":"https:\/\/radiorevelacionfm.cl\/index.php?rest_route=%2Fwp%2Fv2%2Fmedia&parent=59105"}],"wp:term":[{"taxonomy":"category","embeddable":true,"href":"https:\/\/radiorevelacionfm.cl\/index.php?rest_route=%2Fwp%2Fv2%2Fcategories&post=59105"},{"taxonomy":"post_tag","embeddable":true,"href":"https:\/\/radiorevelacionfm.cl\/index.php?rest_route=%2Fwp%2Fv2%2Ftags&post=59105"}],"curies":[{"name":"wp","href":"https:\/\/api.w.org\/{rel}","templated":true}]}}