{"id":59101,"date":"2025-09-11T18:01:09","date_gmt":"2025-09-11T21:01:09","guid":{"rendered":"https:\/\/radiorevelacionfm.cl\/?p=59101"},"modified":"2025-09-11T18:01:09","modified_gmt":"2025-09-11T21:01:09","slug":"dan-inicio-a-obras-de-mejoramiento-en-sede-comunitaria-de-puerto-rio-tranquilo","status":"publish","type":"post","link":"https:\/\/radiorevelacionfm.cl\/?p=59101","title":{"rendered":"Dan inicio a obras de mejoramiento en Sede Comunitaria de Puerto R\u00edo Tranquilo"},"content":{"rendered":"<div class=\"flex_column av_one_full  flex_column_div av-zero-column-padding first  avia-builder-el-0  el_before_av_one_full  avia-builder-el-first  \" style='border-radius:0px; '><div  class='avia-image-container  av-styling-    avia-builder-el-1  avia-builder-el-no-sibling  avia-align-center '  itemprop=\"image\" itemscope=\"itemscope\" itemtype=\"https:\/\/schema.org\/ImageObject\"  ><div class='avia-image-container-inner'><div class='avia-image-overlay-wrap'><img decoding=\"async\" class='wp-image-59102 avia-img-lazy-loading-not-59102 avia_image' src=\"https:\/\/radiorevelacionfm.cl\/wp-content\/uploads\/2025\/09\/dsc07003-1_optimized.jpg\" alt='' title='dsc07003-(1)_optimized' height=\"600\" width=\"1066\"  itemprop=\"thumbnailUrl\" srcset=\"https:\/\/radiorevelacionfm.cl\/wp-content\/uploads\/2025\/09\/dsc07003-1_optimized.jpg 1066w, https:\/\/radiorevelacionfm.cl\/wp-content\/uploads\/2025\/09\/dsc07003-1_optimized-300x169.jpg 300w, https:\/\/radiorevelacionfm.cl\/wp-content\/uploads\/2025\/09\/dsc07003-1_optimized-1030x580.jpg 1030w, https:\/\/radiorevelacionfm.cl\/wp-content\/uploads\/2025\/09\/dsc07003-1_optimized-768x432.jpg 768w, https:\/\/radiorevelacionfm.cl\/wp-content\/uploads\/2025\/09\/dsc07003-1_optimized-705x397.jpg 705w, https:\/\/radiorevelacionfm.cl\/wp-content\/uploads\/2025\/09\/dsc07003-1_optimized-450x253.jpg 450w, https:\/\/radiorevelacionfm.cl\/wp-content\/uploads\/2025\/09\/dsc07003-1_optimized-600x338.jpg 600w\" sizes=\"(max-width: 1066px) 100vw, 1066px\" \/><\/div><\/div><\/div><\/div><div class=\"flex_column av_one_full  flex_column_div av-zero-column-padding first  avia-builder-el-2  el_after_av_one_full  el_before_av_one_full  column-top-margin\" style='border-radius:0px; '><section class=\"av_textblock_section \"  itemscope=\"itemscope\" itemtype=\"https:\/\/schema.org\/BlogPosting\" itemprop=\"blogPost\" ><div class='avia_textblock  '   itemprop=\"text\" ><p style=\"text-align: center;\"><strong><span style=\"font-size: 18pt;\">Dan inicio a obras de mejoramiento en Sede Comunitaria de Puerto R\u00edo Tranquilo<\/span><\/strong><\/p>\n<div id=\"gtx-trans\" style=\"position: absolute; left: -50px; top: 4.31534px;\">\n<div class=\"gtx-trans-icon\"><\/div>\n<\/div>\n<\/div><\/section><\/div><div class=\"flex_column av_one_full  flex_column_div av-zero-column-padding first  avia-builder-el-4  el_after_av_one_full  el_before_av_hr  column-top-margin\" style='border-radius:0px; '><section class=\"av_textblock_section \"  itemscope=\"itemscope\" itemtype=\"https:\/\/schema.org\/BlogPosting\" itemprop=\"blogPost\" ><div class='avia_textblock  '   itemprop=\"text\" ><p style=\"text-align: justify;\">Como parte del cierre del Concejo Municipal N\u00b038, la Municipalidad de R\u00edo Ib\u00e1\u00f1ez realiz\u00f3 este mi\u00e9rcoles 10 de septiembre la entrega de terreno para el inicio del proyecto de Mejoramiento y Normalizaci\u00f3n de la Sede Comunitaria de Puerto R\u00edo Tranquilo. Una obra largamente esperada que busca renovar la funcionalidad y el confort de este espacio fundamental para la vida social y cultural de la localidad.<\/p>\n<p style=\"text-align: justify;\">El proyecto, ejecutado por la empresa Hersan SPA, considera una inversi\u00f3n de 163 millones de pesos, financiados a trav\u00e9s de un FRIL del Gobierno Regional de Ays\u00e9n. Entre las principales intervenciones destacan: reposici\u00f3n de aislaci\u00f3n t\u00e9rmica y revestimientos interiores y exteriores, instalaci\u00f3n de ventanas termopanel y nuevas puertas, renovaci\u00f3n del sistema el\u00e9ctrico e iluminaci\u00f3n, mejoramiento de ba\u00f1os y habilitaci\u00f3n de un ba\u00f1o accesible, modernizaci\u00f3n de la sala multiuso y construcci\u00f3n de una terraza de 24,52 m\u00b2 junto a una le\u00f1era exterior.<\/p>\n<p style=\"text-align: justify;\">Con estas acciones, en el corto plazo las vecinas y vecinos de Puerto R\u00edo Tranquilo podr\u00e1n contar con una infraestructura m\u00e1s c\u00f3moda, moderna y accesible, destinada a reuniones, talleres, celebraciones y actividades que fortalecen la vida comunitaria.<\/p>\n<p style=\"text-align: justify;\">El alcalde de R\u00edo Ib\u00e1\u00f1ez, Marcelo J\u00e9lvez C\u00e1rdenas, destac\u00f3 la relevancia de este avance, se\u00f1alando que \u201ces un espacio que necesitaba hace bastante tiempo un mejoramiento. Estamos contentos porque es la segunda sede que se est\u00e1 ejecutando en esta administraci\u00f3n, y eso nos insta a seguir trabajando con otras que tenemos en carpeta\u201d.<\/p>\n<p style=\"text-align: justify;\">Por su parte, el presidente de la Junta de Vecinos de Puerto R\u00edo Tranquilo, Guido Jaramillo Vera, expres\u00f3 su satisfacci\u00f3n con este hito: \u201ces un hecho importante que estemos entregando terreno a la empresa que va a hacer la mantenci\u00f3n de nuestra sede. Esperemos que esto pueda concretarse en una mejor infraestructura para la comunidad\u201d.<\/p>\n<p style=\"text-align: justify;\">Junto con esta iniciativa, la Municipalidad de R\u00edo Ib\u00e1\u00f1ez avanza en otras obras para la localidad, entre ellas el mejoramiento de la planta de tratamiento y planta elevadora de aguas servidas, la conservaci\u00f3n del gimnasio, la pronta licitaci\u00f3n del terminal de buses y el pr\u00f3ximo inicio del Programa de Peque\u00f1as Localidades que se trabajar\u00e1 en el sector.<\/p>\n<\/div><\/section><\/div><div  style='height:50px' class='hr hr-invisible   avia-builder-el-6  el_after_av_one_full  el_before_av_social_share '><span class='hr-inner ' ><span class='hr-inner-style'><\/span><\/span><\/div><\/p>\n<div  class='av-social-sharing-box  avia-builder-el-7  el_after_av_hr  el_before_av_hr  '><div class='av-share-box'><h5 class='av-share-link-description av-no-toc '>Compartir esta noticia<\/h5><ul class='av-share-box-list noLightbox'><li class='av-share-link av-social-link-facebook' ><a target=\"_blank\" aria-label=\"Compartir en Facebook\" href='https:\/\/www.facebook.com\/sharer.php?u=https:\/\/radiorevelacionfm.cl\/?p=59101&#038;t=Dan%20inicio%20a%20obras%20de%20mejoramiento%20en%20Sede%20Comunitaria%20de%20Puerto%20R%C3%ADo%20Tranquilo' aria-hidden='false' data-av_icon='\ue8f3' data-av_iconfont='entypo-fontello' title='' data-avia-related-tooltip='Compartir en Facebook' rel=\"noopener\"><span class='avia_hidden_link_text'>Compartir en Facebook<\/span><\/a><\/li><li class='av-share-link av-social-link-twitter' ><a target=\"_blank\" aria-label=\"Compartir en Twitter\" href='https:\/\/twitter.com\/share?text=Dan%20inicio%20a%20obras%20de%20mejoramiento%20en%20Sede%20Comunitaria%20de%20Puerto%20R%C3%ADo%20Tranquilo&#038;url=https:\/\/radiorevelacionfm.cl\/?p=59101' aria-hidden='false' data-av_icon='\ue8f1' data-av_iconfont='entypo-fontello' title='' data-avia-related-tooltip='Compartir en Twitter' rel=\"noopener\"><span class='avia_hidden_link_text'>Compartir en Twitter<\/span><\/a><\/li><li class='av-share-link av-social-link-whatsapp' ><a target=\"_blank\" aria-label=\"Compartir en Whatsapp\" href='https:\/\/api.whatsapp.com\/send?text=https:\/\/radiorevelacionfm.cl\/?p=59101' aria-hidden='false' data-av_icon='\uf232' data-av_iconfont='entypo-fontello' title='' data-avia-related-tooltip='Compartir en Whatsapp' rel=\"noopener\"><span class='avia_hidden_link_text'>Compartir en Whatsapp<\/span><\/a><\/li><li class='av-share-link av-social-link-linkedin' ><a target=\"_blank\" aria-label=\"Compartir en LinkedIn\" href='https:\/\/linkedin.com\/shareArticle?mini=true&#038;title=Dan%20inicio%20a%20obras%20de%20mejoramiento%20en%20Sede%20Comunitaria%20de%20Puerto%20R%C3%ADo%20Tranquilo&#038;url=https:\/\/radiorevelacionfm.cl\/?p=59101' aria-hidden='false' data-av_icon='\ue8fc' data-av_iconfont='entypo-fontello' title='' data-avia-related-tooltip='Compartir en LinkedIn' rel=\"noopener\"><span class='avia_hidden_link_text'>Compartir en LinkedIn<\/span><\/a><\/li><li class='av-share-link av-social-link-mail' ><a  aria-label=\"Compartir por correo\" href='mailto:?subject=Dan%20inicio%20a%20obras%20de%20mejoramiento%20en%20Sede%20Comunitaria%20de%20Puerto%20R%C3%ADo%20Tranquilo&#038;body=https:\/\/radiorevelacionfm.cl\/?p=59101' aria-hidden='false' data-av_icon='\ue805' data-av_iconfont='entypo-fontello' title='' data-avia-related-tooltip='Compartir por correo'><span class='avia_hidden_link_text'>Compartir por correo<\/span><\/a><\/li><\/ul><\/div><\/div>\n<div  style='height:50px' class='hr hr-invisible   avia-builder-el-8  el_after_av_social_share  el_before_av_comments_list '><span class='hr-inner ' ><span class='hr-inner-style'><\/span><\/span><\/div>\n<div  class='av-buildercomment  av-blog-meta-html-info-disabled av-blog-meta-tag-disabled  '><\/div>\n","protected":false},"excerpt":{"rendered":"","protected":false},"author":1,"featured_media":59102,"comment_status":"closed","ping_status":"closed","sticky":false,"template":"","format":"standard","meta":{"footnotes":""},"categories":[38],"tags":[],"class_list":["post-59101","post","type-post","status-publish","format-standard","has-post-thumbnail","hentry","category-regional"],"jetpack_featured_media_url":"https:\/\/radiorevelacionfm.cl\/wp-content\/uploads\/2025\/09\/dsc07003-1_optimized.jpg","_links":{"self":[{"href":"https:\/\/radiorevelacionfm.cl\/index.php?rest_route=\/wp\/v2\/posts\/59101","targetHints":{"allow":["GET"]}}],"collection":[{"href":"https:\/\/radiorevelacionfm.cl\/index.php?rest_route=\/wp\/v2\/posts"}],"about":[{"href":"https:\/\/radiorevelacionfm.cl\/index.php?rest_route=\/wp\/v2\/types\/post"}],"author":[{"embeddable":true,"href":"https:\/\/radiorevelacionfm.cl\/index.php?rest_route=\/wp\/v2\/users\/1"}],"replies":[{"embeddable":true,"href":"https:\/\/radiorevelacionfm.cl\/index.php?rest_route=%2Fwp%2Fv2%2Fcomments&post=59101"}],"version-history":[{"count":2,"href":"https:\/\/radiorevelacionfm.cl\/index.php?rest_route=\/wp\/v2\/posts\/59101\/revisions"}],"predecessor-version":[{"id":59104,"href":"https:\/\/radiorevelacionfm.cl\/index.php?rest_route=\/wp\/v2\/posts\/59101\/revisions\/59104"}],"wp:featuredmedia":[{"embeddable":true,"href":"https:\/\/radiorevelacionfm.cl\/index.php?rest_route=\/wp\/v2\/media\/59102"}],"wp:attachment":[{"href":"https:\/\/radiorevelacionfm.cl\/index.php?rest_route=%2Fwp%2Fv2%2Fmedia&parent=59101"}],"wp:term":[{"taxonomy":"category","embeddable":true,"href":"https:\/\/radiorevelacionfm.cl\/index.php?rest_route=%2Fwp%2Fv2%2Fcategories&post=59101"},{"taxonomy":"post_tag","embeddable":true,"href":"https:\/\/radiorevelacionfm.cl\/index.php?rest_route=%2Fwp%2Fv2%2Ftags&post=59101"}],"curies":[{"name":"wp","href":"https:\/\/api.w.org\/{rel}","templated":true}]}}