{"id":5910,"date":"2021-07-04T14:12:59","date_gmt":"2021-07-04T17:12:59","guid":{"rendered":"https:\/\/radiorevelacionfm.cl\/?p=5910"},"modified":"2021-07-04T14:12:59","modified_gmt":"2021-07-04T17:12:59","slug":"calisto-pide-mas-flexibilidad-para-gremio-gastronomico-y-turismo-no-se-pueden-tomar-decisiones-conformes-a-la-realidad-de-santiago","status":"publish","type":"post","link":"https:\/\/radiorevelacionfm.cl\/?p=5910","title":{"rendered":"Calisto pide m\u00e1s flexibilidad para gremio gastron\u00f3mico y turismo \u201cNo se pueden tomar decisiones conformes a la realidad de Santiago\u201d"},"content":{"rendered":"<div class=\"flex_column av_one_full  flex_column_div av-zero-column-padding first  avia-builder-el-0  el_before_av_one_full  avia-builder-el-first  \" style='border-radius:0px; '><div  class='avia-image-container  av-styling-    avia-builder-el-1  avia-builder-el-no-sibling  avia-align-center '  itemprop=\"image\" itemscope=\"itemscope\" itemtype=\"https:\/\/schema.org\/ImageObject\"  ><div class='avia-image-container-inner'><div class='avia-image-overlay-wrap'><img decoding=\"async\" class='wp-image-5911 avia-img-lazy-loading-not-5911 avia_image' src=\"https:\/\/radiorevelacionfm.cl\/wp-content\/uploads\/2021\/07\/CALISTO-RUBRO-GASTRONOMICO-1-1.jpg\" alt='' title='CALISTO RUBRO GASTRON\u00d3MICO (1) (1)' height=\"600\" width=\"912\"  itemprop=\"thumbnailUrl\" srcset=\"https:\/\/radiorevelacionfm.cl\/wp-content\/uploads\/2021\/07\/CALISTO-RUBRO-GASTRONOMICO-1-1.jpg 912w, https:\/\/radiorevelacionfm.cl\/wp-content\/uploads\/2021\/07\/CALISTO-RUBRO-GASTRONOMICO-1-1-300x197.jpg 300w, https:\/\/radiorevelacionfm.cl\/wp-content\/uploads\/2021\/07\/CALISTO-RUBRO-GASTRONOMICO-1-1-768x505.jpg 768w, https:\/\/radiorevelacionfm.cl\/wp-content\/uploads\/2021\/07\/CALISTO-RUBRO-GASTRONOMICO-1-1-705x464.jpg 705w, https:\/\/radiorevelacionfm.cl\/wp-content\/uploads\/2021\/07\/CALISTO-RUBRO-GASTRONOMICO-1-1-600x395.jpg 600w\" sizes=\"(max-width: 912px) 100vw, 912px\" \/><\/div><\/div><\/div><\/div><div class=\"flex_column av_one_full  flex_column_div av-zero-column-padding first  avia-builder-el-2  el_after_av_one_full  el_before_av_one_full  column-top-margin\" style='border-radius:0px; '><section class=\"av_textblock_section \"  itemscope=\"itemscope\" itemtype=\"https:\/\/schema.org\/BlogPosting\" itemprop=\"blogPost\" ><div class='avia_textblock  '   itemprop=\"text\" ><p style=\"text-align: center;\"><strong><span style=\"font-size: 18pt;\">Calisto pide m\u00e1s flexibilidad para gremio gastron\u00f3mico y turismo \u201cNo se pueden tomar decisiones conformes a la realidad de Santiago\u201d<\/span><\/strong><\/p>\n<div id=\"gtx-trans\" style=\"position: absolute; left: -50px; top: 4.31534px;\">\n<div class=\"gtx-trans-icon\"><\/div>\n<\/div>\n<\/div><\/section><\/div><div class=\"flex_column av_one_full  flex_column_div av-zero-column-padding first  avia-builder-el-4  el_after_av_one_full  el_before_av_hr  column-top-margin\" style='border-radius:0px; '><section class=\"av_textblock_section \"  itemscope=\"itemscope\" itemtype=\"https:\/\/schema.org\/BlogPosting\" itemprop=\"blogPost\" ><div class='avia_textblock  '   itemprop=\"text\" ><p style=\"font-weight: 400; text-align: justify;\">Consciente de los serios problemas econ\u00f3micos que est\u00e1n sufriendo los peque\u00f1os empresarios de los gremios gastron\u00f3micos y del turismo, el diputado Miguel \u00c1ngel Calisto resalt\u00f3 la urgente necesidad que el Gobierno flexibilice las medidas sanitarias que rigen en el plan paso a paso y que las decisiones en este \u00e1mbito tengan un criterio regional.<\/p>\n<p style=\"font-weight: 400; text-align: justify;\">Seg\u00fan el legislador, quien se reuni\u00f3 con dirigentes de ambos gremios en una manifestaci\u00f3n pac\u00edfica que se realiz\u00f3 este s\u00e1bado en la capital regional, \u201cestamos apoyando la manifestaci\u00f3n realizada por el sector gastron\u00f3mico y el gremio del turismo, quienes est\u00e1n absolutamente cansados por la prohibici\u00f3n de funcionar, por el cierre de sus actividades. Muchos de ellos han tenido que cerrar sus emprendimientos, han tenido que despedir a personas y las deudas se siguen acumulando\u201d.<\/p>\n<p style=\"font-weight: 400; text-align: justify;\">\u201cLamentablemente el Gobierno central, a pesar de muchas reuniones que hemos tenido incluso con el Ministro de Salud v\u00eda zoom, no se ha abierto a la flexibilidad para que este sector importante de la actividad econ\u00f3mica de Ays\u00e9n pueda abrir. Creemos que es fundamental, por ejemplo, que en fase dos se permita atender gente con aforo restringido al interior de sus locales, cumpliendo las normas y protocolos sanitarios, tomando en cuenta las condiciones clim\u00e1ticas que tenemos en el sur del pa\u00eds\u201d, indic\u00f3.<\/p>\n<p style=\"font-weight: 400; text-align: justify;\">El legislador agreg\u00f3 que \u201cno pueden tomar decisiones sanitarias conforme a la realidad de Santiago o el norte del pa\u00eds. Se requieren decisiones acordes a cada realidad regional. Creemos que es fundamental que este sector pueda funcionar. \u00bfC\u00f3mo es posible que en el norte los mall funcionen a tope y ac\u00e1 los restaurant no puedan abrir con aforo restringido y cumpliendo las normas?\u201d.<\/p>\n<p style=\"font-weight: 400; text-align: justify;\">Finalmente, el diputado Miguel \u00c1ngel Calisto se\u00f1al\u00f3 que \u201cestas son decisiones que responden a criterios centralistas, por lo que es fundamental que se reviertan de una buena vez\u201d.<\/p>\n<\/div><\/section><\/div><div  style='height:50px' class='hr hr-invisible   avia-builder-el-6  el_after_av_one_full  el_before_av_social_share '><span class='hr-inner ' ><span class='hr-inner-style'><\/span><\/span><\/div><\/p>\n<div  class='av-social-sharing-box  avia-builder-el-7  el_after_av_hr  el_before_av_hr  '><div class='av-share-box'><h5 class='av-share-link-description av-no-toc '>Compartir esta noticia<\/h5><ul class='av-share-box-list noLightbox'><li class='av-share-link av-social-link-facebook' ><a target=\"_blank\" aria-label=\"Compartir en Facebook\" href='https:\/\/www.facebook.com\/sharer.php?u=https:\/\/radiorevelacionfm.cl\/?p=5910&#038;t=Calisto%20pide%20m%C3%A1s%20flexibilidad%20para%20gremio%20gastron%C3%B3mico%20y%20turismo%20%E2%80%9CNo%20se%20pueden%20tomar%20decisiones%20conformes%20a%20la%20realidad%20de%20Santiago%E2%80%9D' aria-hidden='false' data-av_icon='\ue8f3' data-av_iconfont='entypo-fontello' title='' data-avia-related-tooltip='Compartir en Facebook' rel=\"noopener\"><span class='avia_hidden_link_text'>Compartir en Facebook<\/span><\/a><\/li><li class='av-share-link av-social-link-twitter' ><a target=\"_blank\" aria-label=\"Compartir en Twitter\" href='https:\/\/twitter.com\/share?text=Calisto%20pide%20m%C3%A1s%20flexibilidad%20para%20gremio%20gastron%C3%B3mico%20y%20turismo%20%E2%80%9CNo%20se%20pueden%20tomar%20decisiones%20conformes%20a%20la%20realidad%20de%20Santiago%E2%80%9D&#038;url=https:\/\/radiorevelacionfm.cl\/?p=5910' aria-hidden='false' data-av_icon='\ue8f1' data-av_iconfont='entypo-fontello' title='' data-avia-related-tooltip='Compartir en Twitter' rel=\"noopener\"><span class='avia_hidden_link_text'>Compartir en Twitter<\/span><\/a><\/li><li class='av-share-link av-social-link-whatsapp' ><a target=\"_blank\" aria-label=\"Compartir en Whatsapp\" href='https:\/\/api.whatsapp.com\/send?text=https:\/\/radiorevelacionfm.cl\/?p=5910' aria-hidden='false' data-av_icon='\uf232' data-av_iconfont='entypo-fontello' title='' data-avia-related-tooltip='Compartir en Whatsapp' rel=\"noopener\"><span class='avia_hidden_link_text'>Compartir en Whatsapp<\/span><\/a><\/li><li class='av-share-link av-social-link-linkedin' ><a target=\"_blank\" aria-label=\"Compartir en LinkedIn\" href='https:\/\/linkedin.com\/shareArticle?mini=true&#038;title=Calisto%20pide%20m%C3%A1s%20flexibilidad%20para%20gremio%20gastron%C3%B3mico%20y%20turismo%20%E2%80%9CNo%20se%20pueden%20tomar%20decisiones%20conformes%20a%20la%20realidad%20de%20Santiago%E2%80%9D&#038;url=https:\/\/radiorevelacionfm.cl\/?p=5910' aria-hidden='false' data-av_icon='\ue8fc' data-av_iconfont='entypo-fontello' title='' data-avia-related-tooltip='Compartir en LinkedIn' rel=\"noopener\"><span class='avia_hidden_link_text'>Compartir en LinkedIn<\/span><\/a><\/li><li class='av-share-link av-social-link-mail' ><a  aria-label=\"Compartir por correo\" href='mailto:?subject=Calisto%20pide%20m%C3%A1s%20flexibilidad%20para%20gremio%20gastron%C3%B3mico%20y%20turismo%20%E2%80%9CNo%20se%20pueden%20tomar%20decisiones%20conformes%20a%20la%20realidad%20de%20Santiago%E2%80%9D&#038;body=https:\/\/radiorevelacionfm.cl\/?p=5910' aria-hidden='false' data-av_icon='\ue805' data-av_iconfont='entypo-fontello' title='' data-avia-related-tooltip='Compartir por correo'><span class='avia_hidden_link_text'>Compartir por correo<\/span><\/a><\/li><\/ul><\/div><\/div>\n<div  style='height:50px' class='hr hr-invisible   avia-builder-el-8  el_after_av_social_share  el_before_av_comments_list '><span class='hr-inner ' ><span class='hr-inner-style'><\/span><\/span><\/div>\n<div  class='av-buildercomment  av-blog-meta-html-info-disabled av-blog-meta-tag-disabled  '><\/div>\n","protected":false},"excerpt":{"rendered":"","protected":false},"author":1,"featured_media":5911,"comment_status":"open","ping_status":"open","sticky":false,"template":"","format":"standard","meta":{"footnotes":""},"categories":[35],"tags":[],"class_list":["post-5910","post","type-post","status-publish","format-standard","has-post-thumbnail","hentry","category-politica"],"jetpack_featured_media_url":"https:\/\/radiorevelacionfm.cl\/wp-content\/uploads\/2021\/07\/CALISTO-RUBRO-GASTRONOMICO-1-1.jpg","_links":{"self":[{"href":"https:\/\/radiorevelacionfm.cl\/index.php?rest_route=\/wp\/v2\/posts\/5910","targetHints":{"allow":["GET"]}}],"collection":[{"href":"https:\/\/radiorevelacionfm.cl\/index.php?rest_route=\/wp\/v2\/posts"}],"about":[{"href":"https:\/\/radiorevelacionfm.cl\/index.php?rest_route=\/wp\/v2\/types\/post"}],"author":[{"embeddable":true,"href":"https:\/\/radiorevelacionfm.cl\/index.php?rest_route=\/wp\/v2\/users\/1"}],"replies":[{"embeddable":true,"href":"https:\/\/radiorevelacionfm.cl\/index.php?rest_route=%2Fwp%2Fv2%2Fcomments&post=5910"}],"version-history":[{"count":1,"href":"https:\/\/radiorevelacionfm.cl\/index.php?rest_route=\/wp\/v2\/posts\/5910\/revisions"}],"predecessor-version":[{"id":5912,"href":"https:\/\/radiorevelacionfm.cl\/index.php?rest_route=\/wp\/v2\/posts\/5910\/revisions\/5912"}],"wp:featuredmedia":[{"embeddable":true,"href":"https:\/\/radiorevelacionfm.cl\/index.php?rest_route=\/wp\/v2\/media\/5911"}],"wp:attachment":[{"href":"https:\/\/radiorevelacionfm.cl\/index.php?rest_route=%2Fwp%2Fv2%2Fmedia&parent=5910"}],"wp:term":[{"taxonomy":"category","embeddable":true,"href":"https:\/\/radiorevelacionfm.cl\/index.php?rest_route=%2Fwp%2Fv2%2Fcategories&post=5910"},{"taxonomy":"post_tag","embeddable":true,"href":"https:\/\/radiorevelacionfm.cl\/index.php?rest_route=%2Fwp%2Fv2%2Ftags&post=5910"}],"curies":[{"name":"wp","href":"https:\/\/api.w.org\/{rel}","templated":true}]}}