{"id":59098,"date":"2025-09-12T10:40:31","date_gmt":"2025-09-12T13:40:31","guid":{"rendered":"https:\/\/radiorevelacionfm.cl\/?p=59098"},"modified":"2025-09-12T10:40:31","modified_gmt":"2025-09-12T13:40:31","slug":"sernapesca-y-universidad-de-aysen-firman-convenio-de-colaboracion","status":"publish","type":"post","link":"https:\/\/radiorevelacionfm.cl\/?p=59098","title":{"rendered":"Sernapesca y Universidad de Ays\u00e9n firman convenio de colaboraci\u00f3n"},"content":{"rendered":"<div class=\"flex_column av_one_full  flex_column_div av-zero-column-padding first  avia-builder-el-0  el_before_av_one_full  avia-builder-el-first  \" style='border-radius:0px; '><div  class='avia-image-container  av-styling-    avia-builder-el-1  avia-builder-el-no-sibling  avia-align-center '  itemprop=\"image\" itemscope=\"itemscope\" itemtype=\"https:\/\/schema.org\/ImageObject\"  ><div class='avia-image-container-inner'><div class='avia-image-overlay-wrap'><img decoding=\"async\" class='wp-image-59099 avia-img-lazy-loading-not-59099 avia_image' src=\"https:\/\/radiorevelacionfm.cl\/wp-content\/uploads\/2025\/09\/20-4-1_optimized.jpg\" alt='' title='20-(4)-(1)_optimized' height=\"600\" width=\"1046\"  itemprop=\"thumbnailUrl\" srcset=\"https:\/\/radiorevelacionfm.cl\/wp-content\/uploads\/2025\/09\/20-4-1_optimized.jpg 1046w, https:\/\/radiorevelacionfm.cl\/wp-content\/uploads\/2025\/09\/20-4-1_optimized-300x172.jpg 300w, https:\/\/radiorevelacionfm.cl\/wp-content\/uploads\/2025\/09\/20-4-1_optimized-1030x591.jpg 1030w, https:\/\/radiorevelacionfm.cl\/wp-content\/uploads\/2025\/09\/20-4-1_optimized-768x441.jpg 768w, https:\/\/radiorevelacionfm.cl\/wp-content\/uploads\/2025\/09\/20-4-1_optimized-705x404.jpg 705w, https:\/\/radiorevelacionfm.cl\/wp-content\/uploads\/2025\/09\/20-4-1_optimized-450x258.jpg 450w, https:\/\/radiorevelacionfm.cl\/wp-content\/uploads\/2025\/09\/20-4-1_optimized-600x344.jpg 600w\" sizes=\"(max-width: 1046px) 100vw, 1046px\" \/><\/div><\/div><\/div><\/div><div class=\"flex_column av_one_full  flex_column_div av-zero-column-padding first  avia-builder-el-2  el_after_av_one_full  el_before_av_one_full  column-top-margin\" style='border-radius:0px; '><section class=\"av_textblock_section \"  itemscope=\"itemscope\" itemtype=\"https:\/\/schema.org\/BlogPosting\" itemprop=\"blogPost\" ><div class='avia_textblock  '   itemprop=\"text\" ><p style=\"text-align: center;\"><span style=\"font-size: 18pt;\"><b>Sernapesca y Universidad de Ays\u00e9n firman convenio de colaboraci\u00f3n<\/b><\/span><\/p>\n<div id=\"gtx-trans\" style=\"position: absolute; left: -50px; top: 4.31534px;\">\n<div class=\"gtx-trans-icon\"><\/div>\n<\/div>\n<\/div><\/section><\/div><div class=\"flex_column av_one_full  flex_column_div av-zero-column-padding first  avia-builder-el-4  el_after_av_one_full  el_before_av_hr  column-top-margin\" style='border-radius:0px; '><section class=\"av_textblock_section \"  itemscope=\"itemscope\" itemtype=\"https:\/\/schema.org\/BlogPosting\" itemprop=\"blogPost\" ><div class='avia_textblock  '   itemprop=\"text\" ><p style=\"font-weight: 400; text-align: justify;\">El Servicio Nacional de Pesca y Acuicultura (Sernapesca) y la Universidad de Ays\u00e9n (UAYSEN) concretaron un Convenio de colaboraci\u00f3n que fue firmado por la Directora Nacional de Sernapesca, Soledad Tapia y el Representante de la Universidad, Juan Pablo Prieto. El acuerdo busca establecer mecanismos de cooperaci\u00f3n que fortalezcan la formaci\u00f3n profesional, el desarrollo de investigaciones y la organizaci\u00f3n de actividades conjuntas en \u00e1reas vinculadas a la pesca, acuicultura y conservaci\u00f3n de fauna marina.<\/p>\n<p style=\"font-weight: 400; text-align: justify;\">Entre los compromisos asumidos, se contempla el desarrollo de cursos y programas de formaci\u00f3n, donde funcionarios y funcionarias de Sernapesca podr\u00e1n participar en estas instancias acad\u00e9micas con cupos reservados. Asimismo, los y las estudiantes de la casa de estudios podr\u00e1n optar a realizar la pr\u00e1ctica profesional y pasant\u00edas en Sernapesca, de acuerdo con los procedimientos internos del servicio.<\/p>\n<p style=\"font-weight: 400; text-align: justify;\">Felipe Rojas, Seremi de Econom\u00eda Fomento y Turismo, se refiri\u00f3 a la alianza: \u201cEn el contexto del rol que desarrolla Sernapesca en el litoral y su relevancia para el territorio, valoramos tremendamente la firma de este convenio de colaboraci\u00f3n con la Universidad de Ays\u00e9n, el que materializar\u00e1 y fortalecer\u00e1 el rol en el \u00e1mbito productivo de nuestra universidad estatal, la que asume con vocaci\u00f3n de excelencia la formaci\u00f3n y desarrollo de sus alumnos y alumnas. Este convenio beneficiar\u00e1 a los y las estudiantes de esta casa de estudios con instrumentos y mecanismos de cooperaci\u00f3n rec\u00edproca el que esperamos abra m\u00e1s y mejores proyecciones para quienes forman parte de la Universidad de Ays\u00e9n\u201d.<\/p>\n<p style=\"font-weight: 400; text-align: justify;\">Este convenio promueve la colaboraci\u00f3n en la formaci\u00f3n de futuros profesionales, el desarrollo de programas docentes, publicaciones y tecnolog\u00edas, as\u00ed como la organizaci\u00f3n conjunta de seminarios, congresos y foros en los que participen autoridades, funcionarios y estudiantes de ambas entidades.<\/p>\n<p style=\"font-weight: 400; text-align: justify;\">Daniela Leiva, directora regional de Sernapesca en Ays\u00e9n coment\u00f3: \u201cEs muy importante para Sernapesca mantener lazos de colaboraci\u00f3n en la formaci\u00f3n de los futuros profesionales. En el servicio contamos con profesionales muy capacitados para apoyar a los y las estudiantes en su aprendizaje, para proponer temas de investigaci\u00f3n y para guiar pr\u00e1cticas y pasant\u00edas. Pero a la vez, nuestro equipo tiene ansias de continuar con su formaci\u00f3n profesional, y participar de manera presencial en seminarios, congresos y foros es de gran relevancia\u201d<\/p>\n<p style=\"font-weight: 400; text-align: justify;\">Esta alianza estrat\u00e9gica representa una oportunidad para integrar las capacidades del equipo de Sernapesca con la labor acad\u00e9mica de la Universidad, fomentando la formaci\u00f3n de profesionales, la generaci\u00f3n de conocimiento aplicado y el desarrollo sostenible del sector pesquero y acu\u00edcola de la regi\u00f3n.<\/p>\n<\/div><\/section><\/div><div  style='height:50px' class='hr hr-invisible   avia-builder-el-6  el_after_av_one_full  el_before_av_social_share '><span class='hr-inner ' ><span class='hr-inner-style'><\/span><\/span><\/div><\/p>\n<div  class='av-social-sharing-box  avia-builder-el-7  el_after_av_hr  el_before_av_hr  '><div class='av-share-box'><h5 class='av-share-link-description av-no-toc '>Compartir esta noticia<\/h5><ul class='av-share-box-list noLightbox'><li class='av-share-link av-social-link-facebook' ><a target=\"_blank\" aria-label=\"Compartir en Facebook\" href='https:\/\/www.facebook.com\/sharer.php?u=https:\/\/radiorevelacionfm.cl\/?p=59098&#038;t=Sernapesca%20y%20Universidad%20de%20Ays%C3%A9n%20firman%20convenio%20de%20colaboraci%C3%B3n' aria-hidden='false' data-av_icon='\ue8f3' data-av_iconfont='entypo-fontello' title='' data-avia-related-tooltip='Compartir en Facebook' rel=\"noopener\"><span class='avia_hidden_link_text'>Compartir en Facebook<\/span><\/a><\/li><li class='av-share-link av-social-link-twitter' ><a target=\"_blank\" aria-label=\"Compartir en Twitter\" href='https:\/\/twitter.com\/share?text=Sernapesca%20y%20Universidad%20de%20Ays%C3%A9n%20firman%20convenio%20de%20colaboraci%C3%B3n&#038;url=https:\/\/radiorevelacionfm.cl\/?p=59098' aria-hidden='false' data-av_icon='\ue8f1' data-av_iconfont='entypo-fontello' title='' data-avia-related-tooltip='Compartir en Twitter' rel=\"noopener\"><span class='avia_hidden_link_text'>Compartir en Twitter<\/span><\/a><\/li><li class='av-share-link av-social-link-whatsapp' ><a target=\"_blank\" aria-label=\"Compartir en Whatsapp\" href='https:\/\/api.whatsapp.com\/send?text=https:\/\/radiorevelacionfm.cl\/?p=59098' aria-hidden='false' data-av_icon='\uf232' data-av_iconfont='entypo-fontello' title='' data-avia-related-tooltip='Compartir en Whatsapp' rel=\"noopener\"><span class='avia_hidden_link_text'>Compartir en Whatsapp<\/span><\/a><\/li><li class='av-share-link av-social-link-linkedin' ><a target=\"_blank\" aria-label=\"Compartir en LinkedIn\" href='https:\/\/linkedin.com\/shareArticle?mini=true&#038;title=Sernapesca%20y%20Universidad%20de%20Ays%C3%A9n%20firman%20convenio%20de%20colaboraci%C3%B3n&#038;url=https:\/\/radiorevelacionfm.cl\/?p=59098' aria-hidden='false' data-av_icon='\ue8fc' data-av_iconfont='entypo-fontello' title='' data-avia-related-tooltip='Compartir en LinkedIn' rel=\"noopener\"><span class='avia_hidden_link_text'>Compartir en LinkedIn<\/span><\/a><\/li><li class='av-share-link av-social-link-mail' ><a  aria-label=\"Compartir por correo\" href='mailto:?subject=Sernapesca%20y%20Universidad%20de%20Ays%C3%A9n%20firman%20convenio%20de%20colaboraci%C3%B3n&#038;body=https:\/\/radiorevelacionfm.cl\/?p=59098' aria-hidden='false' data-av_icon='\ue805' data-av_iconfont='entypo-fontello' title='' data-avia-related-tooltip='Compartir por correo'><span class='avia_hidden_link_text'>Compartir por correo<\/span><\/a><\/li><\/ul><\/div><\/div>\n<div  style='height:50px' class='hr hr-invisible   avia-builder-el-8  el_after_av_social_share  el_before_av_comments_list '><span class='hr-inner ' ><span class='hr-inner-style'><\/span><\/span><\/div>\n<div  class='av-buildercomment  av-blog-meta-html-info-disabled av-blog-meta-tag-disabled  '><\/div>\n","protected":false},"excerpt":{"rendered":"","protected":false},"author":1,"featured_media":59099,"comment_status":"closed","ping_status":"closed","sticky":false,"template":"","format":"standard","meta":{"footnotes":""},"categories":[38],"tags":[],"class_list":["post-59098","post","type-post","status-publish","format-standard","has-post-thumbnail","hentry","category-regional"],"jetpack_featured_media_url":"https:\/\/radiorevelacionfm.cl\/wp-content\/uploads\/2025\/09\/20-4-1_optimized.jpg","_links":{"self":[{"href":"https:\/\/radiorevelacionfm.cl\/index.php?rest_route=\/wp\/v2\/posts\/59098","targetHints":{"allow":["GET"]}}],"collection":[{"href":"https:\/\/radiorevelacionfm.cl\/index.php?rest_route=\/wp\/v2\/posts"}],"about":[{"href":"https:\/\/radiorevelacionfm.cl\/index.php?rest_route=\/wp\/v2\/types\/post"}],"author":[{"embeddable":true,"href":"https:\/\/radiorevelacionfm.cl\/index.php?rest_route=\/wp\/v2\/users\/1"}],"replies":[{"embeddable":true,"href":"https:\/\/radiorevelacionfm.cl\/index.php?rest_route=%2Fwp%2Fv2%2Fcomments&post=59098"}],"version-history":[{"count":2,"href":"https:\/\/radiorevelacionfm.cl\/index.php?rest_route=\/wp\/v2\/posts\/59098\/revisions"}],"predecessor-version":[{"id":59122,"href":"https:\/\/radiorevelacionfm.cl\/index.php?rest_route=\/wp\/v2\/posts\/59098\/revisions\/59122"}],"wp:featuredmedia":[{"embeddable":true,"href":"https:\/\/radiorevelacionfm.cl\/index.php?rest_route=\/wp\/v2\/media\/59099"}],"wp:attachment":[{"href":"https:\/\/radiorevelacionfm.cl\/index.php?rest_route=%2Fwp%2Fv2%2Fmedia&parent=59098"}],"wp:term":[{"taxonomy":"category","embeddable":true,"href":"https:\/\/radiorevelacionfm.cl\/index.php?rest_route=%2Fwp%2Fv2%2Fcategories&post=59098"},{"taxonomy":"post_tag","embeddable":true,"href":"https:\/\/radiorevelacionfm.cl\/index.php?rest_route=%2Fwp%2Fv2%2Ftags&post=59098"}],"curies":[{"name":"wp","href":"https:\/\/api.w.org\/{rel}","templated":true}]}}