{"id":59095,"date":"2025-09-12T10:00:40","date_gmt":"2025-09-12T13:00:40","guid":{"rendered":"https:\/\/radiorevelacionfm.cl\/?p=59095"},"modified":"2025-09-12T10:00:40","modified_gmt":"2025-09-12T13:00:40","slug":"proyecto-de-ley-busca-fortalecer-y-vincular-la-participacion-ciudadana-con-el-estado","status":"publish","type":"post","link":"https:\/\/radiorevelacionfm.cl\/?p=59095","title":{"rendered":"Proyecto de Ley busca fortalecer y vincular la participaci\u00f3n ciudadana con el Estado"},"content":{"rendered":"<div class=\"flex_column av_one_full  flex_column_div av-zero-column-padding first  avia-builder-el-0  el_before_av_one_full  avia-builder-el-first  \" style='border-radius:0px; '><div  class='avia-image-container  av-styling-    avia-builder-el-1  avia-builder-el-no-sibling  avia-align-center '  itemprop=\"image\" itemscope=\"itemscope\" itemtype=\"https:\/\/schema.org\/ImageObject\"  ><div class='avia-image-container-inner'><div class='avia-image-overlay-wrap'><img decoding=\"async\" class='wp-image-59096 avia-img-lazy-loading-not-59096 avia_image' src=\"https:\/\/radiorevelacionfm.cl\/wp-content\/uploads\/2025\/09\/foto-comunicado-fortalecimiento-ley-20500-1_optimized.jpeg\" alt='' title='foto-comunicado-fortalecimiento-ley-20500-(1)_optimized' height=\"600\" width=\"975\"  itemprop=\"thumbnailUrl\" srcset=\"https:\/\/radiorevelacionfm.cl\/wp-content\/uploads\/2025\/09\/foto-comunicado-fortalecimiento-ley-20500-1_optimized.jpeg 975w, https:\/\/radiorevelacionfm.cl\/wp-content\/uploads\/2025\/09\/foto-comunicado-fortalecimiento-ley-20500-1_optimized-300x185.jpeg 300w, https:\/\/radiorevelacionfm.cl\/wp-content\/uploads\/2025\/09\/foto-comunicado-fortalecimiento-ley-20500-1_optimized-768x473.jpeg 768w, https:\/\/radiorevelacionfm.cl\/wp-content\/uploads\/2025\/09\/foto-comunicado-fortalecimiento-ley-20500-1_optimized-705x434.jpeg 705w, https:\/\/radiorevelacionfm.cl\/wp-content\/uploads\/2025\/09\/foto-comunicado-fortalecimiento-ley-20500-1_optimized-450x277.jpeg 450w, https:\/\/radiorevelacionfm.cl\/wp-content\/uploads\/2025\/09\/foto-comunicado-fortalecimiento-ley-20500-1_optimized-600x369.jpeg 600w\" sizes=\"(max-width: 975px) 100vw, 975px\" \/><\/div><\/div><\/div><\/div><div class=\"flex_column av_one_full  flex_column_div av-zero-column-padding first  avia-builder-el-2  el_after_av_one_full  el_before_av_one_full  column-top-margin\" style='border-radius:0px; '><section class=\"av_textblock_section \"  itemscope=\"itemscope\" itemtype=\"https:\/\/schema.org\/BlogPosting\" itemprop=\"blogPost\" ><div class='avia_textblock  '   itemprop=\"text\" ><p style=\"text-align: center;\"><span style=\"font-size: 18pt;\"><strong>Proyecto de Ley busca fortalecer y vincular la participaci\u00f3n ciudadana con el Estado<\/strong><\/span><\/p>\n<div id=\"gtx-trans\" style=\"position: absolute; left: -50px; top: 4.31534px;\">\n<div class=\"gtx-trans-icon\"><\/div>\n<\/div>\n<\/div><\/section><\/div><div class=\"flex_column av_one_full  flex_column_div av-zero-column-padding first  avia-builder-el-4  el_after_av_one_full  el_before_av_hr  column-top-margin\" style='border-radius:0px; '><section class=\"av_textblock_section \"  itemscope=\"itemscope\" itemtype=\"https:\/\/schema.org\/BlogPosting\" itemprop=\"blogPost\" ><div class='avia_textblock  '   itemprop=\"text\" ><p style=\"text-align: justify;\">La Ley 20.500 fue un salto para el pa\u00eds en materia de participaci\u00f3n ciudadana, permitiendo vincular al Estado con las personas. Pese a estos avances, es necesario precisar la normativa en materia de conceptos, como la definici\u00f3n de participaci\u00f3n en la administraci\u00f3n p\u00fablica, sus alcances, y la entrega de herramientas vinculantes de participaci\u00f3n. Con estos antecedentes, el Gobierno del Presidente Gabriel Boric el a\u00f1o 2023 llev\u00f3 a cabo a nivel nacional la consulta ciudadana \u201cHablemos de Participaci\u00f3n\u201d, impulsada por la Secretar\u00eda General de Gobierno e implementada por la Divisi\u00f3n de Organizaciones Sociales (DOS).<\/p>\n<p style=\"text-align: justify;\">Este proceso se llev\u00f3 a cabo entre los meses de septiembre de 2023 y febrero de 2024, permitiendo generar un documento con diagn\u00f3sticos, propuestas y sugerencias para nutrir el proceso de reforma y establecer directrices para la propuesta de modificaci\u00f3n de la Ley 20.500 sobre Asociaciones y Participaci\u00f3n Ciudadana en la Gesti\u00f3n P\u00fablica. Este trabajo consider\u00f3 155 Di\u00e1logos Participativos en todas las regiones de Chile, un seminario con expertas y expertos y una Consulta Ciudadana virtual, donde participaron m\u00e1s de 6.600 personas.<\/p>\n<p style=\"text-align: justify;\">Al respecto, la Seremi de Gobierno \u00darsula Mix se\u00f1al\u00f3 \u201cEl resultado de este arduo trabajo es una propuesta robusta que fortalece la participaci\u00f3n ciudadana institucional, reconoci\u00e9ndola como un derecho fundamental, dota con car\u00e1cter de incidente y deliberativos a los mecanismos de participaci\u00f3n, incorpora principios rectores vinculantes como la accesibilidad, transparencia, diversidad, no discriminaci\u00f3n, institucionalidad, voluntariedad, gratuidad y pertinencia territorial, promoviendo mayor paridad, inclusi\u00f3n y enfoque local, haci\u00e9ndose cargo de la diversidad cultural y territorial de Chile\u201d.<\/p>\n<p style=\"text-align: justify;\">Adem\u00e1s, la propuesta de modificaci\u00f3n establece cambios concretos como la definici\u00f3n de dirigente social, organizaciones de la sociedad civil y participaci\u00f3n ciudadana en la gesti\u00f3n p\u00fablica, dejando de lado el rol meramente de opini\u00f3n y transform\u00e1ndolo en un rol vinculante. Se fortalecen los Consejos de la Sociedad Civil (Cosoc), dejando de tener un rol consultivo para convertirse en consultivos, deliberativos e incidentes. Se crean nuevos mecanismos de participaci\u00f3n, como los di\u00e1logos participativos, presenciales o virtuales, con devoluci\u00f3n obligatoria de resultados en informes p\u00fablicos. Tambi\u00e9n, se establece la obligaci\u00f3n de planes de capacitaci\u00f3n anuales para dirigentes y funcionarios con un foco de participaci\u00f3n en juventudes, pueblos originarios, mujeres, diversidades y personas con discapacidad.<\/p>\n<p style=\"text-align: justify;\">\u201cDignifica la labor dirigencial, refuerza a las instituciones p\u00fablicas, especialmente al Ministerio Secretar\u00eda General de Gobierno y a la Divisi\u00f3n de Organizaciones Sociales, permitiendo mejor coordinaci\u00f3n y fiscalizaci\u00f3n de la participaci\u00f3n ciudadana, y fortalece los COSOC, garantizando su funcionamiento con atribuciones reales, recursos municipales y autoridades elegidas democr\u00e1ticamente\u201d, indic\u00f3 la Seremi de Gobierno.<\/p>\n<p style=\"text-align: justify;\">Es necesario avanzar en la reforma de la Ley 20.500 para que la ciudadan\u00eda se vincule en las pol\u00edticas p\u00fablicas y su incidencia es fundamental en el avance de procesos democr\u00e1ticos y participativos. Sin participaci\u00f3n ciudadana, no avanzamos en pol\u00edticas p\u00fablicas.<\/p>\n<\/div><\/section><\/div><div  style='height:50px' class='hr hr-invisible   avia-builder-el-6  el_after_av_one_full  el_before_av_social_share '><span class='hr-inner ' ><span class='hr-inner-style'><\/span><\/span><\/div><\/p>\n<div  class='av-social-sharing-box  avia-builder-el-7  el_after_av_hr  el_before_av_hr  '><div class='av-share-box'><h5 class='av-share-link-description av-no-toc '>Compartir esta noticia<\/h5><ul class='av-share-box-list noLightbox'><li class='av-share-link av-social-link-facebook' ><a target=\"_blank\" aria-label=\"Compartir en Facebook\" href='https:\/\/www.facebook.com\/sharer.php?u=https:\/\/radiorevelacionfm.cl\/?p=59095&#038;t=Proyecto%20de%20Ley%20busca%20fortalecer%20y%20vincular%20la%20participaci%C3%B3n%20ciudadana%20con%20el%20Estado' aria-hidden='false' data-av_icon='\ue8f3' data-av_iconfont='entypo-fontello' title='' data-avia-related-tooltip='Compartir en Facebook' rel=\"noopener\"><span class='avia_hidden_link_text'>Compartir en Facebook<\/span><\/a><\/li><li class='av-share-link av-social-link-twitter' ><a target=\"_blank\" aria-label=\"Compartir en Twitter\" href='https:\/\/twitter.com\/share?text=Proyecto%20de%20Ley%20busca%20fortalecer%20y%20vincular%20la%20participaci%C3%B3n%20ciudadana%20con%20el%20Estado&#038;url=https:\/\/radiorevelacionfm.cl\/?p=59095' aria-hidden='false' data-av_icon='\ue8f1' data-av_iconfont='entypo-fontello' title='' data-avia-related-tooltip='Compartir en Twitter' rel=\"noopener\"><span class='avia_hidden_link_text'>Compartir en Twitter<\/span><\/a><\/li><li class='av-share-link av-social-link-whatsapp' ><a target=\"_blank\" aria-label=\"Compartir en Whatsapp\" href='https:\/\/api.whatsapp.com\/send?text=https:\/\/radiorevelacionfm.cl\/?p=59095' aria-hidden='false' data-av_icon='\uf232' data-av_iconfont='entypo-fontello' title='' data-avia-related-tooltip='Compartir en Whatsapp' rel=\"noopener\"><span class='avia_hidden_link_text'>Compartir en Whatsapp<\/span><\/a><\/li><li class='av-share-link av-social-link-linkedin' ><a target=\"_blank\" aria-label=\"Compartir en LinkedIn\" href='https:\/\/linkedin.com\/shareArticle?mini=true&#038;title=Proyecto%20de%20Ley%20busca%20fortalecer%20y%20vincular%20la%20participaci%C3%B3n%20ciudadana%20con%20el%20Estado&#038;url=https:\/\/radiorevelacionfm.cl\/?p=59095' aria-hidden='false' data-av_icon='\ue8fc' data-av_iconfont='entypo-fontello' title='' data-avia-related-tooltip='Compartir en LinkedIn' rel=\"noopener\"><span class='avia_hidden_link_text'>Compartir en LinkedIn<\/span><\/a><\/li><li class='av-share-link av-social-link-mail' ><a  aria-label=\"Compartir por correo\" href='mailto:?subject=Proyecto%20de%20Ley%20busca%20fortalecer%20y%20vincular%20la%20participaci%C3%B3n%20ciudadana%20con%20el%20Estado&#038;body=https:\/\/radiorevelacionfm.cl\/?p=59095' aria-hidden='false' data-av_icon='\ue805' data-av_iconfont='entypo-fontello' title='' data-avia-related-tooltip='Compartir por correo'><span class='avia_hidden_link_text'>Compartir por correo<\/span><\/a><\/li><\/ul><\/div><\/div>\n<div  style='height:50px' class='hr hr-invisible   avia-builder-el-8  el_after_av_social_share  el_before_av_comments_list '><span class='hr-inner ' ><span class='hr-inner-style'><\/span><\/span><\/div>\n<div  class='av-buildercomment  av-blog-meta-html-info-disabled av-blog-meta-tag-disabled  '><\/div>\n","protected":false},"excerpt":{"rendered":"","protected":false},"author":1,"featured_media":59096,"comment_status":"closed","ping_status":"closed","sticky":false,"template":"","format":"standard","meta":{"footnotes":""},"categories":[38],"tags":[],"class_list":["post-59095","post","type-post","status-publish","format-standard","has-post-thumbnail","hentry","category-regional"],"jetpack_featured_media_url":"https:\/\/radiorevelacionfm.cl\/wp-content\/uploads\/2025\/09\/foto-comunicado-fortalecimiento-ley-20500-1_optimized.jpeg","_links":{"self":[{"href":"https:\/\/radiorevelacionfm.cl\/index.php?rest_route=\/wp\/v2\/posts\/59095","targetHints":{"allow":["GET"]}}],"collection":[{"href":"https:\/\/radiorevelacionfm.cl\/index.php?rest_route=\/wp\/v2\/posts"}],"about":[{"href":"https:\/\/radiorevelacionfm.cl\/index.php?rest_route=\/wp\/v2\/types\/post"}],"author":[{"embeddable":true,"href":"https:\/\/radiorevelacionfm.cl\/index.php?rest_route=\/wp\/v2\/users\/1"}],"replies":[{"embeddable":true,"href":"https:\/\/radiorevelacionfm.cl\/index.php?rest_route=%2Fwp%2Fv2%2Fcomments&post=59095"}],"version-history":[{"count":2,"href":"https:\/\/radiorevelacionfm.cl\/index.php?rest_route=\/wp\/v2\/posts\/59095\/revisions"}],"predecessor-version":[{"id":59118,"href":"https:\/\/radiorevelacionfm.cl\/index.php?rest_route=\/wp\/v2\/posts\/59095\/revisions\/59118"}],"wp:featuredmedia":[{"embeddable":true,"href":"https:\/\/radiorevelacionfm.cl\/index.php?rest_route=\/wp\/v2\/media\/59096"}],"wp:attachment":[{"href":"https:\/\/radiorevelacionfm.cl\/index.php?rest_route=%2Fwp%2Fv2%2Fmedia&parent=59095"}],"wp:term":[{"taxonomy":"category","embeddable":true,"href":"https:\/\/radiorevelacionfm.cl\/index.php?rest_route=%2Fwp%2Fv2%2Fcategories&post=59095"},{"taxonomy":"post_tag","embeddable":true,"href":"https:\/\/radiorevelacionfm.cl\/index.php?rest_route=%2Fwp%2Fv2%2Ftags&post=59095"}],"curies":[{"name":"wp","href":"https:\/\/api.w.org\/{rel}","templated":true}]}}