{"id":59090,"date":"2025-09-11T16:59:48","date_gmt":"2025-09-11T19:59:48","guid":{"rendered":"https:\/\/radiorevelacionfm.cl\/?p=59090"},"modified":"2025-09-11T16:59:48","modified_gmt":"2025-09-11T19:59:48","slug":"simulacro-de-siniestro-vial-en-puerto-aysen-llaman-a-tomar-precauciones-al-volante-en-fiestas-patrias","status":"publish","type":"post","link":"https:\/\/radiorevelacionfm.cl\/?p=59090","title":{"rendered":"Simulacro de siniestro vial en Puerto Ays\u00e9n: Llaman a tomar precauciones al volante en Fiestas Patrias"},"content":{"rendered":"<div class=\"flex_column av_one_full  flex_column_div av-zero-column-padding first  avia-builder-el-0  el_before_av_one_full  avia-builder-el-first  \" style='border-radius:0px; '><div  class='avia-image-container  av-styling-    avia-builder-el-1  avia-builder-el-no-sibling  avia-align-center '  itemprop=\"image\" itemscope=\"itemscope\" itemtype=\"https:\/\/schema.org\/ImageObject\"  ><div class='avia-image-container-inner'><div class='avia-image-overlay-wrap'><img decoding=\"async\" class='wp-image-59091 avia-img-lazy-loading-not-59091 avia_image' src=\"https:\/\/radiorevelacionfm.cl\/wp-content\/uploads\/2025\/09\/dsc_0007_-1_optimized.jpg\" alt='' title='dsc_0007_-(1)_optimized' height=\"600\" width=\"903\"  itemprop=\"thumbnailUrl\" srcset=\"https:\/\/radiorevelacionfm.cl\/wp-content\/uploads\/2025\/09\/dsc_0007_-1_optimized.jpg 903w, https:\/\/radiorevelacionfm.cl\/wp-content\/uploads\/2025\/09\/dsc_0007_-1_optimized-300x199.jpg 300w, https:\/\/radiorevelacionfm.cl\/wp-content\/uploads\/2025\/09\/dsc_0007_-1_optimized-768x510.jpg 768w, https:\/\/radiorevelacionfm.cl\/wp-content\/uploads\/2025\/09\/dsc_0007_-1_optimized-705x468.jpg 705w, https:\/\/radiorevelacionfm.cl\/wp-content\/uploads\/2025\/09\/dsc_0007_-1_optimized-450x299.jpg 450w, https:\/\/radiorevelacionfm.cl\/wp-content\/uploads\/2025\/09\/dsc_0007_-1_optimized-600x399.jpg 600w\" sizes=\"(max-width: 903px) 100vw, 903px\" \/><\/div><\/div><\/div><\/div><div class=\"flex_column av_one_full  flex_column_div av-zero-column-padding first  avia-builder-el-2  el_after_av_one_full  el_before_av_one_full  column-top-margin\" style='border-radius:0px; '><section class=\"av_textblock_section \"  itemscope=\"itemscope\" itemtype=\"https:\/\/schema.org\/BlogPosting\" itemprop=\"blogPost\" ><div class='avia_textblock  '   itemprop=\"text\" ><p style=\"text-align: center;\"><span style=\"font-size: 18pt;\"><b>Simulacro de siniestro vial en Puerto Ays\u00e9n: Llaman a tomar precauciones al volante en Fiestas Patrias<\/b><\/span><\/p>\n<div id=\"gtx-trans\" style=\"position: absolute; left: -50px; top: 4.31534px;\">\n<div class=\"gtx-trans-icon\"><\/div>\n<\/div>\n<\/div><\/section><\/div><div class=\"flex_column av_one_full  flex_column_div av-zero-column-padding first  avia-builder-el-4  el_after_av_one_full  el_before_av_hr  column-top-margin\" style='border-radius:0px; '><section class=\"av_textblock_section \"  itemscope=\"itemscope\" itemtype=\"https:\/\/schema.org\/BlogPosting\" itemprop=\"blogPost\" ><div class='avia_textblock  '   itemprop=\"text\" ><ul>\n<li style=\"text-align: justify;\"><em>Simulaci\u00f3n mostr\u00f3 una conductora que arroll\u00f3 a un ciclista con resultado fatal, producto de un descuido al estar pendiente del celular, demostrando las devastadoras consecuencias de este mal h\u00e1bito al volante<\/em><\/li>\n<li style=\"text-align: justify;\"><em>Desde el 2020 no se registran fallecidos por siniestros viales en la Regi\u00f3n de Ays\u00e9n. El llamado es a evitar muertes a causa de siniestros viales y mantener esta cifra en cero.<\/em><\/li>\n<\/ul>\n<p style=\"text-align: justify;\">Tal como en a\u00f1os anteriores, la Comisi\u00f3n Regional de Seguridad de Tr\u00e1nsito, Coreset, realiz\u00f3 un simulacro de siniestro vial, incluyendo el despliegue del dispositivo ABC (Some, Bomberos y Carabineros), actividad que tiene como prop\u00f3sito concientizar a todos los usuarios de las v\u00edas sobre el respeto a la normativa de tr\u00e1nsito como forma de evitar colisiones, choques o atropellos que resulten en personas lesionadas o muertes en el tr\u00e1nsito. En esta oportunidad, la puesta en escena mostr\u00f3 a una conductora distra\u00edda con el celular y fumando, provocando en este descuido el atropello de un ciclista y provoc\u00e1ndole la muerte.<\/p>\n<p style=\"text-align: justify;\">Usualmente en Fiestas Patrias se refuerza el llamado a tomar los resguardos al circular por las calles, dado que coincide con d\u00edas libres para la mayor\u00eda de los chilenos y actividades como el consumo de alcohol que se asocian a estas fechas. En cuanto a las cifras, desde el a\u00f1o 2020 que no se registran fallecidos en Ays\u00e9n durante estas fechas producto de siniestros viales, y el a\u00f1o 2023 (comparativa por id\u00e9ntica cantidad de d\u00edas de feriado) se registraron 4 siniestros viales con dos personas lesionadas.<\/p>\n<p style=\"text-align: justify;\">El seremiTT Hans Zimmermann recalc\u00f3 que el llamado de Gobierno y el enfoque ministerial es el de evitar las muertes en el tr\u00e1nsito, lo cual implica el despliegue institucional para aumentar los controles de tr\u00e1nsito y concientizar a la poblaci\u00f3n. En este sentido, las decisiones que tomamos al circular por las v\u00edas es el factor m\u00e1s importante para evitar siniestros.<\/p>\n<p style=\"text-align: justify;\">\u201cComo Coreset realizamos este simulacro que lo que busca, por una parte, es poder sensibilizar a la poblaci\u00f3n sobre la importancia del autocuidado, la prevenci\u00f3n, evitar el consumo de alcohol si es que se va a conducir, manejar atento a las condiciones del tr\u00e1nsito y una serie de otras recomendaciones. Con este tipo de actividades, queremos demostrar tambi\u00e9n, el actuar coordinado en las distintas instituciones del Estado en pos de la prevenci\u00f3n.\u00a0No queremos lamentar m\u00e1s muertes en el tr\u00e1nsito, ese es el llamado central desde el Ministerio de Transportes\u201d, destac\u00f3 Zimmermann.<\/p>\n<p style=\"text-align: justify;\">La seremi de Seguridad P\u00fablica, Ruth Vallejos se refiri\u00f3 a la puesta en escena y a la reacci\u00f3n emp\u00e1tica de vecinas y vecinos: \u201cDestaco la participaci\u00f3n de la poblaci\u00f3n de Ays\u00e9n, vimos gente que se acercaba a ayudar. Pero acercarse a ayudar, si bien es nuestra misi\u00f3n siempre tiene que ser desde el inicio. Nosotros vamos a estar presentes en todas las actividades de este dieciocho y vamos a brindar seguridad, pero nuestro esfuerzo es in\u00fatil si no nos prestamos ayuda a nosotros mismos y a nuestras familias como punto inicial de estas medidas de seguridad\u201d.<\/p>\n<p style=\"text-align: justify;\">La seremi de Salud, Gloria \u00c1guila tambi\u00e9n llam\u00f3 la atenci\u00f3n sobre los riesgos del consumo de alcohol en las festividades dieciocheras. \u201cLo ideal es que estemos todos contentos, alegres, como familia, pero el gran consumo de alcohol que se produce y, adem\u00e1s, el manejar con un estado de ebriedad, como muchas veces pasa en nuestra regi\u00f3n y el pa\u00eds, produce este tipo de accidentes que muchas veces son fatales. Por eso les recomendamos a toda la familia, pero con el cuidado de la persona que conduzca, no consuma alcohol. As\u00ed que les invito a festejar bien, porque son muchos d\u00edas de fiesta, pero que se cuiden, el exceso de alcohol jam\u00e1s es positivo.\u201d<\/p>\n<p style=\"text-align: justify;\">En su rol de vocer\u00eda, la seremi de gobierno \u00darsula Mix, tambi\u00e9n se refiri\u00f3 a otros efectos negativos del consumo de alcohol. \u201cTambi\u00e9n es importante poner ojo en los temas de violencia intrafamiliar en estas fechas, hay un aumento en esta tem\u00e1tica, por lo tanto tambi\u00e9n estamos preparados desde esa \u00edndole, con todos los mecanismos que existen desde el Estado para dar apoyo y ayuda en estas circunstancias. Est\u00e1 todo el Estado desplegado para dar seguridad, para estar atentos y acompa\u00f1ar, para que estas fiestas efectivamente sean eso, una fiesta de disfrute y por lo tanto siempre el llamado al autocuidado es lo m\u00e1s importante, a prepararse, a organizarse como familia para que todos lo puedan pasar bien y disfrutar\u201d, se\u00f1al\u00f3.<\/p>\n<p style=\"text-align: justify;\">Finalmente desde Edelaysen, el jefe de zona Francisco Pavez, se refiri\u00f3 a los riesgos que suponen los siniestros viales para la conservaci\u00f3n de la infraestructura el\u00e9ctrica: \u201cNosotros llevamos un registro de alrededor de 40 postes siniestrados por choque de veh\u00edculos, cada una de estas interrupciones ha afectado alrededor de 2 a 3 horas, en lo que demoramos nosotros en reponer el servicio el\u00e9ctrico y ha afectado a m\u00e1s de 13.000 clientes hasta el momento, entonces el llamado de nosotros es al autocuidado, a la prevenci\u00f3n, y a no conducir bajo los efectos del alcohol.\u201d<\/p>\n<p style=\"text-align: justify;\">Este hito comunicacional se refuerza con todo un despliegue de diversas instituciones enfocadas a la fiscalizaci\u00f3n y control de tr\u00e1nsito, de manera de corregir y prevenir situaciones de riesgo en las v\u00edas.<\/p>\n<\/div><\/section><\/div><div  style='height:50px' class='hr hr-invisible   avia-builder-el-6  el_after_av_one_full  el_before_av_social_share '><span class='hr-inner ' ><span class='hr-inner-style'><\/span><\/span><\/div><\/p>\n<div  class='av-social-sharing-box  avia-builder-el-7  el_after_av_hr  el_before_av_hr  '><div class='av-share-box'><h5 class='av-share-link-description av-no-toc '>Compartir esta noticia<\/h5><ul class='av-share-box-list noLightbox'><li class='av-share-link av-social-link-facebook' ><a target=\"_blank\" aria-label=\"Compartir en Facebook\" href='https:\/\/www.facebook.com\/sharer.php?u=https:\/\/radiorevelacionfm.cl\/?p=59090&#038;t=Simulacro%20de%20siniestro%20vial%20en%20Puerto%20Ays%C3%A9n%3A%20Llaman%20a%20tomar%20precauciones%20al%20volante%20en%20Fiestas%20Patrias' aria-hidden='false' data-av_icon='\ue8f3' data-av_iconfont='entypo-fontello' title='' data-avia-related-tooltip='Compartir en Facebook' rel=\"noopener\"><span class='avia_hidden_link_text'>Compartir en Facebook<\/span><\/a><\/li><li class='av-share-link av-social-link-twitter' ><a target=\"_blank\" aria-label=\"Compartir en Twitter\" href='https:\/\/twitter.com\/share?text=Simulacro%20de%20siniestro%20vial%20en%20Puerto%20Ays%C3%A9n%3A%20Llaman%20a%20tomar%20precauciones%20al%20volante%20en%20Fiestas%20Patrias&#038;url=https:\/\/radiorevelacionfm.cl\/?p=59090' aria-hidden='false' data-av_icon='\ue8f1' data-av_iconfont='entypo-fontello' title='' data-avia-related-tooltip='Compartir en Twitter' rel=\"noopener\"><span class='avia_hidden_link_text'>Compartir en Twitter<\/span><\/a><\/li><li class='av-share-link av-social-link-whatsapp' ><a target=\"_blank\" aria-label=\"Compartir en Whatsapp\" href='https:\/\/api.whatsapp.com\/send?text=https:\/\/radiorevelacionfm.cl\/?p=59090' aria-hidden='false' data-av_icon='\uf232' data-av_iconfont='entypo-fontello' title='' data-avia-related-tooltip='Compartir en Whatsapp' rel=\"noopener\"><span class='avia_hidden_link_text'>Compartir en Whatsapp<\/span><\/a><\/li><li class='av-share-link av-social-link-linkedin' ><a target=\"_blank\" aria-label=\"Compartir en LinkedIn\" href='https:\/\/linkedin.com\/shareArticle?mini=true&#038;title=Simulacro%20de%20siniestro%20vial%20en%20Puerto%20Ays%C3%A9n%3A%20Llaman%20a%20tomar%20precauciones%20al%20volante%20en%20Fiestas%20Patrias&#038;url=https:\/\/radiorevelacionfm.cl\/?p=59090' aria-hidden='false' data-av_icon='\ue8fc' data-av_iconfont='entypo-fontello' title='' data-avia-related-tooltip='Compartir en LinkedIn' rel=\"noopener\"><span class='avia_hidden_link_text'>Compartir en LinkedIn<\/span><\/a><\/li><li class='av-share-link av-social-link-mail' ><a  aria-label=\"Compartir por correo\" href='mailto:?subject=Simulacro%20de%20siniestro%20vial%20en%20Puerto%20Ays%C3%A9n%3A%20Llaman%20a%20tomar%20precauciones%20al%20volante%20en%20Fiestas%20Patrias&#038;body=https:\/\/radiorevelacionfm.cl\/?p=59090' aria-hidden='false' data-av_icon='\ue805' data-av_iconfont='entypo-fontello' title='' data-avia-related-tooltip='Compartir por correo'><span class='avia_hidden_link_text'>Compartir por correo<\/span><\/a><\/li><\/ul><\/div><\/div>\n<div  style='height:50px' class='hr hr-invisible   avia-builder-el-8  el_after_av_social_share  el_before_av_comments_list '><span class='hr-inner ' ><span class='hr-inner-style'><\/span><\/span><\/div>\n<div  class='av-buildercomment  av-blog-meta-html-info-disabled av-blog-meta-tag-disabled  '><\/div>\n","protected":false},"excerpt":{"rendered":"","protected":false},"author":1,"featured_media":59091,"comment_status":"closed","ping_status":"closed","sticky":false,"template":"","format":"standard","meta":{"footnotes":""},"categories":[38],"tags":[],"class_list":["post-59090","post","type-post","status-publish","format-standard","has-post-thumbnail","hentry","category-regional"],"jetpack_featured_media_url":"https:\/\/radiorevelacionfm.cl\/wp-content\/uploads\/2025\/09\/dsc_0007_-1_optimized.jpg","_links":{"self":[{"href":"https:\/\/radiorevelacionfm.cl\/index.php?rest_route=\/wp\/v2\/posts\/59090","targetHints":{"allow":["GET"]}}],"collection":[{"href":"https:\/\/radiorevelacionfm.cl\/index.php?rest_route=\/wp\/v2\/posts"}],"about":[{"href":"https:\/\/radiorevelacionfm.cl\/index.php?rest_route=\/wp\/v2\/types\/post"}],"author":[{"embeddable":true,"href":"https:\/\/radiorevelacionfm.cl\/index.php?rest_route=\/wp\/v2\/users\/1"}],"replies":[{"embeddable":true,"href":"https:\/\/radiorevelacionfm.cl\/index.php?rest_route=%2Fwp%2Fv2%2Fcomments&post=59090"}],"version-history":[{"count":2,"href":"https:\/\/radiorevelacionfm.cl\/index.php?rest_route=\/wp\/v2\/posts\/59090\/revisions"}],"predecessor-version":[{"id":59093,"href":"https:\/\/radiorevelacionfm.cl\/index.php?rest_route=\/wp\/v2\/posts\/59090\/revisions\/59093"}],"wp:featuredmedia":[{"embeddable":true,"href":"https:\/\/radiorevelacionfm.cl\/index.php?rest_route=\/wp\/v2\/media\/59091"}],"wp:attachment":[{"href":"https:\/\/radiorevelacionfm.cl\/index.php?rest_route=%2Fwp%2Fv2%2Fmedia&parent=59090"}],"wp:term":[{"taxonomy":"category","embeddable":true,"href":"https:\/\/radiorevelacionfm.cl\/index.php?rest_route=%2Fwp%2Fv2%2Fcategories&post=59090"},{"taxonomy":"post_tag","embeddable":true,"href":"https:\/\/radiorevelacionfm.cl\/index.php?rest_route=%2Fwp%2Fv2%2Ftags&post=59090"}],"curies":[{"name":"wp","href":"https:\/\/api.w.org\/{rel}","templated":true}]}}