{"id":59085,"date":"2025-09-11T16:45:23","date_gmt":"2025-09-11T19:45:23","guid":{"rendered":"https:\/\/radiorevelacionfm.cl\/?p=59085"},"modified":"2025-09-11T16:45:23","modified_gmt":"2025-09-11T19:45:23","slug":"seremi-de-salud-reitera-importancia-del-autocuidado-y-vacunacion-frente-a-enfermedades-respiratorias","status":"publish","type":"post","link":"https:\/\/radiorevelacionfm.cl\/?p=59085","title":{"rendered":"Seremi de Salud reitera importancia del autocuidado y vacunaci\u00f3n frente a enfermedades respiratorias"},"content":{"rendered":"<div class=\"flex_column av_one_full  flex_column_div av-zero-column-padding first  avia-builder-el-0  el_before_av_one_full  avia-builder-el-first  \" style='border-radius:0px; '><div  class='avia-image-container  av-styling-    avia-builder-el-1  avia-builder-el-no-sibling  avia-align-center '  itemprop=\"image\" itemscope=\"itemscope\" itemtype=\"https:\/\/schema.org\/ImageObject\"  ><div class='avia-image-container-inner'><div class='avia-image-overlay-wrap'><img decoding=\"async\" class='wp-image-59086 avia-img-lazy-loading-not-59086 avia_image' src=\"https:\/\/radiorevelacionfm.cl\/wp-content\/uploads\/2025\/09\/cesfam-la-junta-3-1_optimized.jpeg\" alt='' title='cesfam-la-junta-(3)-(1)_optimized' height=\"600\" width=\"800\"  itemprop=\"thumbnailUrl\" srcset=\"https:\/\/radiorevelacionfm.cl\/wp-content\/uploads\/2025\/09\/cesfam-la-junta-3-1_optimized.jpeg 800w, https:\/\/radiorevelacionfm.cl\/wp-content\/uploads\/2025\/09\/cesfam-la-junta-3-1_optimized-300x225.jpeg 300w, https:\/\/radiorevelacionfm.cl\/wp-content\/uploads\/2025\/09\/cesfam-la-junta-3-1_optimized-768x576.jpeg 768w, https:\/\/radiorevelacionfm.cl\/wp-content\/uploads\/2025\/09\/cesfam-la-junta-3-1_optimized-705x529.jpeg 705w, https:\/\/radiorevelacionfm.cl\/wp-content\/uploads\/2025\/09\/cesfam-la-junta-3-1_optimized-450x338.jpeg 450w, https:\/\/radiorevelacionfm.cl\/wp-content\/uploads\/2025\/09\/cesfam-la-junta-3-1_optimized-600x450.jpeg 600w\" sizes=\"(max-width: 800px) 100vw, 800px\" \/><\/div><\/div><\/div><\/div><div class=\"flex_column av_one_full  flex_column_div av-zero-column-padding first  avia-builder-el-2  el_after_av_one_full  el_before_av_one_full  column-top-margin\" style='border-radius:0px; '><section class=\"av_textblock_section \"  itemscope=\"itemscope\" itemtype=\"https:\/\/schema.org\/BlogPosting\" itemprop=\"blogPost\" ><div class='avia_textblock  '   itemprop=\"text\" ><p style=\"text-align: center;\"><strong><span style=\"font-size: 18pt;\">Seremi de Salud reitera importancia del autocuidado y vacunaci\u00f3n frente a enfermedades respiratorias<\/span><\/strong><\/p>\n<div id=\"gtx-trans\" style=\"position: absolute; left: -50px; top: 4.31534px;\">\n<div class=\"gtx-trans-icon\"><\/div>\n<\/div>\n<\/div><\/section><\/div><div class=\"flex_column av_one_full  flex_column_div av-zero-column-padding first  avia-builder-el-4  el_after_av_one_full  el_before_av_hr  column-top-margin\" style='border-radius:0px; '><section class=\"av_textblock_section \"  itemscope=\"itemscope\" itemtype=\"https:\/\/schema.org\/BlogPosting\" itemprop=\"blogPost\" ><div class='avia_textblock  '   itemprop=\"text\" ><ul>\n<li style=\"text-align: justify;\"><em>Equipos de salud contin\u00faan monitoreando situaci\u00f3n de consultas respiratorias en la red asistencial de la regi\u00f3n.<\/em><\/li>\n<\/ul>\n<p style=\"text-align: justify;\">Durante las \u00faltimas semanas, a nivel regional, los distintos equipos de la red asistencial han podido advertir la circulaci\u00f3n de diversos virus que han afectado la salud de ni\u00f1os y adultos mayores, principalmente en todo lo relacionado a enfermedades respiratorias, tal como ocurri\u00f3 con menores de edad en la localidad de Villa O\u201dHiggins; situaci\u00f3n a la que se sum\u00f3 \u2013 en el mismo per\u00edodo- el aumento de consultas respiratorias en escolares de la localidad de La Junta.\u00a0 Esta situaci\u00f3n gener\u00f3 el despliegue de los equipos de epidemiolog\u00eda con la finalidad de evaluar la situaci\u00f3n in situ y reforzar las medidas de autocuidado en la poblaci\u00f3n.<\/p>\n<p style=\"text-align: justify;\">En este sentido, el epidemi\u00f3logo de la Seremi de Salud, Marco Acu\u00f1a Briones, fue enf\u00e1tico en reiterar la importancia de extremar las medidas de autocuidado frente a las enfermedades respiratorias. \u201cLas enfermedades respiratorias son comunes en esta \u00e9poca del a\u00f1o, sin embargo, cuando se producen en lugares donde existe una alta aglomeraci\u00f3n de personas como centros educativos infantiles, escuelas o albergues de adultos mayores, se deben adoptar medidas inmediatas con el prop\u00f3sito que estas enfermedades no se propaguen al resto de la comunidad.\u00a0 Una consulta temprana a los centros de salud, mantener un lavado de manos constante, el uso de mascarilla por los sintom\u00e1ticos respiratorios y la limpieza de superficies en lugares con personas enfermas, son medidas b\u00e1sicas para el cuidado del resto de la poblaci\u00f3n,\u201d puntualiz\u00f3.<\/p>\n<p style=\"text-align: justify;\">Sumado a estas acciones, los equipos de epidemiolog\u00eda se reunieron a su vez con los equipos de salud local y parte de la comunidad de Villa O\u201dHiggins, con la finalidad de informar de la evoluci\u00f3n del brote comunitario y responder las consultas y requerimientos de la poblaci\u00f3n.<\/p>\n<p style=\"text-align: justify;\">De igual modo, un segundo equipo de epidemiolog\u00eda se traslad\u00f3 hasta la localidad de La Junta en la zona norte de la regi\u00f3n, donde junto a la Seremi de Salud, Gloria \u00c1guila Schmeisser, se realiz\u00f3 una visita al CESFAM de esa localidad, reuni\u00e9ndose con profesionales del centro asistencial, adem\u00e1s de sostener un encuentro con vecinos de la localidad para aclarar sus dudas respecto a la circulaci\u00f3n viral y medidas de autocuidado en la comunidad.<\/p>\n<p style=\"text-align: justify;\">\u201cEn el sector de La Junta, nos reunimos con personal de salud y de la comunidad, con la finalidad de abordar las inquietudes sobre el aumento de consultas respiratorias, donde reiteramos la importancia del autocuidado frente a las enfermedades respiratorias, lo que, sumado a una consulta oportuna en los centros de salud, puede incidir directamente en el control y cuidado de estas enfermedades. Es por eso que el uso de mascarilla y lavado de manos, son medidas que debemos mantener, especialmente en estas fechas donde el invierno a\u00fan no termina en Ays\u00e9n\u201d, indic\u00f3 la Autoridad Ministerial.<\/p>\n<p style=\"text-align: justify;\">De esta forma, es importante mencionar que los equipos de vigilancia epidemiol\u00f3gica contin\u00faan monitoreando las consultas respiratorias a lo largo de toda la regi\u00f3n, lo que sumado a los procesos de inmunizaci\u00f3n temprana con el anticuerpo monoclonal NIRSEVIMAB para prevenir la infecci\u00f3n por el virus sincicial respiratorio en los lactantes y reci\u00e9n nacidos, adem\u00e1s de las vacunas contra la Influenza o el covid19, han permitido proteger a la poblaci\u00f3n m\u00e1s vulnerable durante este invierno.<\/p>\n<\/div><\/section><\/div><div  style='height:50px' class='hr hr-invisible   avia-builder-el-6  el_after_av_one_full  el_before_av_social_share '><span class='hr-inner ' ><span class='hr-inner-style'><\/span><\/span><\/div><\/p>\n<div  class='av-social-sharing-box  avia-builder-el-7  el_after_av_hr  el_before_av_hr  '><div class='av-share-box'><h5 class='av-share-link-description av-no-toc '>Compartir esta noticia<\/h5><ul class='av-share-box-list noLightbox'><li class='av-share-link av-social-link-facebook' ><a target=\"_blank\" aria-label=\"Compartir en Facebook\" href='https:\/\/www.facebook.com\/sharer.php?u=https:\/\/radiorevelacionfm.cl\/?p=59085&#038;t=Seremi%20de%20Salud%20reitera%20importancia%20del%20autocuidado%20y%20vacunaci%C3%B3n%20frente%20a%20enfermedades%20respiratorias' aria-hidden='false' data-av_icon='\ue8f3' data-av_iconfont='entypo-fontello' title='' data-avia-related-tooltip='Compartir en Facebook' rel=\"noopener\"><span class='avia_hidden_link_text'>Compartir en Facebook<\/span><\/a><\/li><li class='av-share-link av-social-link-twitter' ><a target=\"_blank\" aria-label=\"Compartir en Twitter\" href='https:\/\/twitter.com\/share?text=Seremi%20de%20Salud%20reitera%20importancia%20del%20autocuidado%20y%20vacunaci%C3%B3n%20frente%20a%20enfermedades%20respiratorias&#038;url=https:\/\/radiorevelacionfm.cl\/?p=59085' aria-hidden='false' data-av_icon='\ue8f1' data-av_iconfont='entypo-fontello' title='' data-avia-related-tooltip='Compartir en Twitter' rel=\"noopener\"><span class='avia_hidden_link_text'>Compartir en Twitter<\/span><\/a><\/li><li class='av-share-link av-social-link-whatsapp' ><a target=\"_blank\" aria-label=\"Compartir en Whatsapp\" href='https:\/\/api.whatsapp.com\/send?text=https:\/\/radiorevelacionfm.cl\/?p=59085' aria-hidden='false' data-av_icon='\uf232' data-av_iconfont='entypo-fontello' title='' data-avia-related-tooltip='Compartir en Whatsapp' rel=\"noopener\"><span class='avia_hidden_link_text'>Compartir en Whatsapp<\/span><\/a><\/li><li class='av-share-link av-social-link-linkedin' ><a target=\"_blank\" aria-label=\"Compartir en LinkedIn\" href='https:\/\/linkedin.com\/shareArticle?mini=true&#038;title=Seremi%20de%20Salud%20reitera%20importancia%20del%20autocuidado%20y%20vacunaci%C3%B3n%20frente%20a%20enfermedades%20respiratorias&#038;url=https:\/\/radiorevelacionfm.cl\/?p=59085' aria-hidden='false' data-av_icon='\ue8fc' data-av_iconfont='entypo-fontello' title='' data-avia-related-tooltip='Compartir en LinkedIn' rel=\"noopener\"><span class='avia_hidden_link_text'>Compartir en LinkedIn<\/span><\/a><\/li><li class='av-share-link av-social-link-mail' ><a  aria-label=\"Compartir por correo\" href='mailto:?subject=Seremi%20de%20Salud%20reitera%20importancia%20del%20autocuidado%20y%20vacunaci%C3%B3n%20frente%20a%20enfermedades%20respiratorias&#038;body=https:\/\/radiorevelacionfm.cl\/?p=59085' aria-hidden='false' data-av_icon='\ue805' data-av_iconfont='entypo-fontello' title='' data-avia-related-tooltip='Compartir por correo'><span class='avia_hidden_link_text'>Compartir por correo<\/span><\/a><\/li><\/ul><\/div><\/div>\n<div  style='height:50px' class='hr hr-invisible   avia-builder-el-8  el_after_av_social_share  el_before_av_comments_list '><span class='hr-inner ' ><span class='hr-inner-style'><\/span><\/span><\/div>\n<div  class='av-buildercomment  av-blog-meta-html-info-disabled av-blog-meta-tag-disabled  '><\/div>\n","protected":false},"excerpt":{"rendered":"","protected":false},"author":1,"featured_media":59086,"comment_status":"closed","ping_status":"closed","sticky":false,"template":"","format":"standard","meta":{"footnotes":""},"categories":[46],"tags":[],"class_list":["post-59085","post","type-post","status-publish","format-standard","has-post-thumbnail","hentry","category-salud"],"jetpack_featured_media_url":"https:\/\/radiorevelacionfm.cl\/wp-content\/uploads\/2025\/09\/cesfam-la-junta-3-1_optimized.jpeg","_links":{"self":[{"href":"https:\/\/radiorevelacionfm.cl\/index.php?rest_route=\/wp\/v2\/posts\/59085","targetHints":{"allow":["GET"]}}],"collection":[{"href":"https:\/\/radiorevelacionfm.cl\/index.php?rest_route=\/wp\/v2\/posts"}],"about":[{"href":"https:\/\/radiorevelacionfm.cl\/index.php?rest_route=\/wp\/v2\/types\/post"}],"author":[{"embeddable":true,"href":"https:\/\/radiorevelacionfm.cl\/index.php?rest_route=\/wp\/v2\/users\/1"}],"replies":[{"embeddable":true,"href":"https:\/\/radiorevelacionfm.cl\/index.php?rest_route=%2Fwp%2Fv2%2Fcomments&post=59085"}],"version-history":[{"count":2,"href":"https:\/\/radiorevelacionfm.cl\/index.php?rest_route=\/wp\/v2\/posts\/59085\/revisions"}],"predecessor-version":[{"id":59088,"href":"https:\/\/radiorevelacionfm.cl\/index.php?rest_route=\/wp\/v2\/posts\/59085\/revisions\/59088"}],"wp:featuredmedia":[{"embeddable":true,"href":"https:\/\/radiorevelacionfm.cl\/index.php?rest_route=\/wp\/v2\/media\/59086"}],"wp:attachment":[{"href":"https:\/\/radiorevelacionfm.cl\/index.php?rest_route=%2Fwp%2Fv2%2Fmedia&parent=59085"}],"wp:term":[{"taxonomy":"category","embeddable":true,"href":"https:\/\/radiorevelacionfm.cl\/index.php?rest_route=%2Fwp%2Fv2%2Fcategories&post=59085"},{"taxonomy":"post_tag","embeddable":true,"href":"https:\/\/radiorevelacionfm.cl\/index.php?rest_route=%2Fwp%2Fv2%2Ftags&post=59085"}],"curies":[{"name":"wp","href":"https:\/\/api.w.org\/{rel}","templated":true}]}}