{"id":59076,"date":"2025-09-11T16:30:32","date_gmt":"2025-09-11T19:30:32","guid":{"rendered":"https:\/\/radiorevelacionfm.cl\/?p=59076"},"modified":"2025-09-11T16:30:32","modified_gmt":"2025-09-11T19:30:32","slug":"se-inicio-construccion-del-primer-centro-comunitario-de-cuidados-de-coyhaique","status":"publish","type":"post","link":"https:\/\/radiorevelacionfm.cl\/?p=59076","title":{"rendered":"Se inici\u00f3 construcci\u00f3n del primer Centro Comunitario de Cuidados de Coyhaique"},"content":{"rendered":"<div class=\"flex_column av_one_full  flex_column_div av-zero-column-padding first  avia-builder-el-0  el_before_av_one_full  avia-builder-el-first  \" style='border-radius:0px; '><div  class='avia-image-container  av-styling-    avia-builder-el-1  avia-builder-el-no-sibling  avia-align-center '  itemprop=\"image\" itemscope=\"itemscope\" itemtype=\"https:\/\/schema.org\/ImageObject\"  ><div class='avia-image-container-inner'><div class='avia-image-overlay-wrap'><img decoding=\"async\" class='wp-image-59077 avia-img-lazy-loading-not-59077 avia_image' src=\"https:\/\/radiorevelacionfm.cl\/wp-content\/uploads\/2025\/09\/autoridades-y-vecinos-dejan-planos-firmados-en-el-terreno-para-iniciar-la-obra-1_optimized-1.jpg\" alt='' title='autoridades-y-vecinos-dejan-planos-firmados-en-el-terreno-para-iniciar-la-obra-(1)_optimized (1)' height=\"600\" width=\"1067\"  itemprop=\"thumbnailUrl\" srcset=\"https:\/\/radiorevelacionfm.cl\/wp-content\/uploads\/2025\/09\/autoridades-y-vecinos-dejan-planos-firmados-en-el-terreno-para-iniciar-la-obra-1_optimized-1.jpg 1067w, https:\/\/radiorevelacionfm.cl\/wp-content\/uploads\/2025\/09\/autoridades-y-vecinos-dejan-planos-firmados-en-el-terreno-para-iniciar-la-obra-1_optimized-1-300x169.jpg 300w, https:\/\/radiorevelacionfm.cl\/wp-content\/uploads\/2025\/09\/autoridades-y-vecinos-dejan-planos-firmados-en-el-terreno-para-iniciar-la-obra-1_optimized-1-1030x579.jpg 1030w, https:\/\/radiorevelacionfm.cl\/wp-content\/uploads\/2025\/09\/autoridades-y-vecinos-dejan-planos-firmados-en-el-terreno-para-iniciar-la-obra-1_optimized-1-768x432.jpg 768w, https:\/\/radiorevelacionfm.cl\/wp-content\/uploads\/2025\/09\/autoridades-y-vecinos-dejan-planos-firmados-en-el-terreno-para-iniciar-la-obra-1_optimized-1-705x396.jpg 705w, https:\/\/radiorevelacionfm.cl\/wp-content\/uploads\/2025\/09\/autoridades-y-vecinos-dejan-planos-firmados-en-el-terreno-para-iniciar-la-obra-1_optimized-1-450x253.jpg 450w, https:\/\/radiorevelacionfm.cl\/wp-content\/uploads\/2025\/09\/autoridades-y-vecinos-dejan-planos-firmados-en-el-terreno-para-iniciar-la-obra-1_optimized-1-600x337.jpg 600w\" sizes=\"(max-width: 1067px) 100vw, 1067px\" \/><\/div><\/div><\/div><\/div><div class=\"flex_column av_one_full  flex_column_div av-zero-column-padding first  avia-builder-el-2  el_after_av_one_full  el_before_av_one_full  column-top-margin\" style='border-radius:0px; '><section class=\"av_textblock_section \"  itemscope=\"itemscope\" itemtype=\"https:\/\/schema.org\/BlogPosting\" itemprop=\"blogPost\" ><div class='avia_textblock  '   itemprop=\"text\" ><p style=\"text-align: center;\"><strong><span style=\"font-size: 18pt;\">Se inici\u00f3 construcci\u00f3n del primer Centro Comunitario de Cuidados de Coyhaique<\/span><\/strong><\/p>\n<div id=\"gtx-trans\" style=\"position: absolute; left: -50px; top: 4.31534px;\">\n<div class=\"gtx-trans-icon\"><\/div>\n<\/div>\n<\/div><\/section><\/div><div class=\"flex_column av_one_full  flex_column_div av-zero-column-padding first  avia-builder-el-4  el_after_av_one_full  el_before_av_hr  column-top-margin\" style='border-radius:0px; '><section class=\"av_textblock_section \"  itemscope=\"itemscope\" itemtype=\"https:\/\/schema.org\/BlogPosting\" itemprop=\"blogPost\" ><div class='avia_textblock  '   itemprop=\"text\" ><p style=\"text-align: justify;\">Con una entusiasta participaci\u00f3n de autoridades, dirigentes, vecinas y vecinos, se realiz\u00f3 el pasado jueves la ceremonia en que el Ministerio de Vivienda y Urbanismo (Minvu) entreg\u00f3 terreno a la empresa constructora de Roberto Alvarado para iniciar las obras de construcci\u00f3n del primer Centro Comunitario de Cuidados, en la capital regional.<\/p>\n<p style=\"text-align: justify;\">Tal como explic\u00f3 la Seremi de Vivienda y Urbanismo, Paulina Ruz, se trata de una obra que tendr\u00e1 un gran impacto social, ya que busca redistribuir entre hogares, Estado y comunidad la corresponsabilidad del cuidado de personas, incluyendo a ni\u00f1os y ni\u00f1as, personas con discapacidad, personas mayores con dependencia, y tambi\u00e9n a las personas que est\u00e1n a cargo del cuidado.<\/p>\n<p style=\"text-align: justify;\">Precis\u00f3 la autoridad que el proyecto forma parte del Plan Maestro del Barrio \u201cQuebrada La Cruz\u201d y corresponde a una obra priorizada por los mismos vecinos. \u201cEste centro ser\u00e1 el segundo de su tipo en la regi\u00f3n y se har\u00e1 realidad en base al trabajo conjunto entre nuestro Ministerio de Vivienda, el Ministerio de Desarrollo Social, la municipalidad de Coyhaique y el Programa Quiero mi Barrio. Y es justamente en el marco de ese programa que, junto al municipio, dirigentes y vecinos, se tom\u00f3 la decisi\u00f3n de postular la iniciativa al Programa de Mejoramiento de Viviendas y Barrios del Minvu, resultando seleccionada para su financiamiento, con un monto que alcanza a los 330 millones de pesos. Por eso hay que felicitar a los vecinos y dirigentes, ya que han trabajado mucho para contar con un espacio como este, que aportar\u00e1 al fortalecimiento y apoyo comunitario en todo el sector alto de la ciudad\u201d, afirm\u00f3.<\/p>\n<p style=\"text-align: justify;\">Fue justamente la Presidenta del Consejo Vecinal de Desarrollo del barrio Quebrada la Cruz, Luz Marina Chodil, quien destac\u00f3 el inicio de obras y agradeci\u00f3 en nombre de sus vecinos y vecinas. \u201cHoy es un d\u00eda muy especial para m\u00ed y para todos los vecinos, porque este proyecto se trabaj\u00f3 con opiniones, con acuerdos y desacuerdos de todos para poder lograr que se haga este centro comunitario. As\u00ed que para nosotros es una alegr\u00eda grande estar hoy aqu\u00ed para poner la primera piedra, porque que esto va a ser algo hermoso, donde van a poder estar los vecinos, tener m\u00e9dicos, no s\u00e9, se puede hacer tantas cosas en un centro comunitario\u201d, manifest\u00f3.<\/p>\n<p style=\"text-align: justify;\">Tambi\u00e9n la Subsecretaria de Vivienda y Urbanismo, Gabriela Elgueta, destac\u00f3 la relevancia de concretar esta iniciativa, ya que uno de los grandes objetivos del Gobierno es contar con pol\u00edticas p\u00fablicas con enfoque de g\u00e9nero y avanzar hacia un sistema nacional de cuidados. \u201cEs un espacio que est\u00e1 pensado para reconocer esa labor muchas veces invisibilidad de las personas cuidadoras. Es un soporte f\u00edsico donde las personas cuidadoras van a tener talleres, contenci\u00f3n psicoemocional y adem\u00e1s es un espacio que est\u00e1 pensado para que ellas vengan con las personas a las que les toca cuidar. Y ah\u00ed habr\u00e1 un convenio que va a tener el Ministerio de Desarrollo Social a trav\u00e9s de su red local de apoyos y cuidados y la municipalidad para que haya una dupla que acompa\u00f1e toda esta oferta que van a tener las personas cuidadoras. Esto es parte adem\u00e1s de los espacios que tiene el Minvu para dar apoyo a las viviendas y barrios que muchas veces llegaron sin estos equipamientos\u201d, acot\u00f3.<\/p>\n<p style=\"text-align: justify;\">Por su parte, la Seremi de Desarrollo Social y Familia, Karina Acevedo, expres\u00f3 tambi\u00e9n su satisfacci\u00f3n de seguir avanzando en la implementaci\u00f3n de estos centros que dan vida al programa de Gobierno \u201cChile Cuida\u201d. \u201cEste centro abre un mundo de posibilidades para el barrio Quebrada la Cruz, donde van a poder tener actividades con programas que son nuestros, que van a llegar a la Municipalidad, donde van a tener profesionales como atenci\u00f3n de quinesi\u00f3logo, terapeuta ocupacional, un programa de trabajo constante todos los d\u00edas, de lunes a viernes, para que puedan justamente apoyar la actividad que en el barrio se establezca. Quiero decirles que este Centro Comunitario de Cuidados va a marcar un antes y un despu\u00e9s para las personas que son adultas mayores, que tienen alg\u00fan tipo de incapacidad y dependencia, y hay adem\u00e1s una pol\u00edtica p\u00fablica, que ya est\u00e1 discutida en los diferentes estamentos de Gobierno, justamente para poder acompa\u00f1arlos\u201d, puntualiz\u00f3.<\/p>\n<p style=\"text-align: justify;\">Finalmente, el Delegado Presidencial Regional, Jorge D\u00edaz, destac\u00f3 el trabajo conjunto que ha hecho posible empezar con la construcci\u00f3n de la obra. \u201cLo que estamos haciendo ac\u00e1, en el mes de la patria, es cumplir precisamente, de forma patri\u00f3tica, los compromisos con la gente, con los ciudadanos y ciudadanas de Ays\u00e9n. As\u00ed que estamos muy contentos, tenemos muchas cosas que mostrar, pero hoy d\u00eda, la alegr\u00eda de nuestras vecinas es que este centro de cuidados va a ser una realidad, y, por lo tanto, aqu\u00ed no solamente van a concurrir quienes se dedican a cuidar a los suyos, sino que tambi\u00e9n quienes son cuidados, de forma que las mujeres puedan coordinarse con los distintos servicios p\u00fablicos que van a estar operando este recinto. As\u00ed que estamos muy contentos por este logro\u201d, indic\u00f3.<\/p>\n<p style=\"text-align: justify;\">El futuro Centro Comunitario de Cuidados del barrio Quebrada la Cruz contar\u00e1 con una superficie de 204 metros cuadrados, incluyendo sala multiuso, sal\u00f3n recreativo con terraza, patio techado, oficina, ba\u00f1os, cocina y bodega, todo dise\u00f1ado con accesibilidad universal y funcionamiento aut\u00f3nomo. La empresa tiene 8 meses de plazo para ejecutar la obra, dando paso a la posterior entrega a los servicios administradores y al uso de la comunidad.<\/p>\n<\/div><\/section><\/div><div  style='height:50px' class='hr hr-invisible   avia-builder-el-6  el_after_av_one_full  el_before_av_social_share '><span class='hr-inner ' ><span class='hr-inner-style'><\/span><\/span><\/div><\/p>\n<div  class='av-social-sharing-box  avia-builder-el-7  el_after_av_hr  el_before_av_hr  '><div class='av-share-box'><h5 class='av-share-link-description av-no-toc '>Compartir esta noticia<\/h5><ul class='av-share-box-list noLightbox'><li class='av-share-link av-social-link-facebook' ><a target=\"_blank\" aria-label=\"Compartir en Facebook\" href='https:\/\/www.facebook.com\/sharer.php?u=https:\/\/radiorevelacionfm.cl\/?p=59076&#038;t=Se%20inici%C3%B3%20construcci%C3%B3n%20del%20primer%20Centro%20Comunitario%20de%20Cuidados%20de%20Coyhaique' aria-hidden='false' data-av_icon='\ue8f3' data-av_iconfont='entypo-fontello' title='' data-avia-related-tooltip='Compartir en Facebook' rel=\"noopener\"><span class='avia_hidden_link_text'>Compartir en Facebook<\/span><\/a><\/li><li class='av-share-link av-social-link-twitter' ><a target=\"_blank\" aria-label=\"Compartir en Twitter\" href='https:\/\/twitter.com\/share?text=Se%20inici%C3%B3%20construcci%C3%B3n%20del%20primer%20Centro%20Comunitario%20de%20Cuidados%20de%20Coyhaique&#038;url=https:\/\/radiorevelacionfm.cl\/?p=59076' aria-hidden='false' data-av_icon='\ue8f1' data-av_iconfont='entypo-fontello' title='' data-avia-related-tooltip='Compartir en Twitter' rel=\"noopener\"><span class='avia_hidden_link_text'>Compartir en Twitter<\/span><\/a><\/li><li class='av-share-link av-social-link-whatsapp' ><a target=\"_blank\" aria-label=\"Compartir en Whatsapp\" href='https:\/\/api.whatsapp.com\/send?text=https:\/\/radiorevelacionfm.cl\/?p=59076' aria-hidden='false' data-av_icon='\uf232' data-av_iconfont='entypo-fontello' title='' data-avia-related-tooltip='Compartir en Whatsapp' rel=\"noopener\"><span class='avia_hidden_link_text'>Compartir en Whatsapp<\/span><\/a><\/li><li class='av-share-link av-social-link-linkedin' ><a target=\"_blank\" aria-label=\"Compartir en LinkedIn\" href='https:\/\/linkedin.com\/shareArticle?mini=true&#038;title=Se%20inici%C3%B3%20construcci%C3%B3n%20del%20primer%20Centro%20Comunitario%20de%20Cuidados%20de%20Coyhaique&#038;url=https:\/\/radiorevelacionfm.cl\/?p=59076' aria-hidden='false' data-av_icon='\ue8fc' data-av_iconfont='entypo-fontello' title='' data-avia-related-tooltip='Compartir en LinkedIn' rel=\"noopener\"><span class='avia_hidden_link_text'>Compartir en LinkedIn<\/span><\/a><\/li><li class='av-share-link av-social-link-mail' ><a  aria-label=\"Compartir por correo\" href='mailto:?subject=Se%20inici%C3%B3%20construcci%C3%B3n%20del%20primer%20Centro%20Comunitario%20de%20Cuidados%20de%20Coyhaique&#038;body=https:\/\/radiorevelacionfm.cl\/?p=59076' aria-hidden='false' data-av_icon='\ue805' data-av_iconfont='entypo-fontello' title='' data-avia-related-tooltip='Compartir por correo'><span class='avia_hidden_link_text'>Compartir por correo<\/span><\/a><\/li><\/ul><\/div><\/div>\n<div  style='height:50px' class='hr hr-invisible   avia-builder-el-8  el_after_av_social_share  el_before_av_comments_list '><span class='hr-inner ' ><span class='hr-inner-style'><\/span><\/span><\/div>\n<div  class='av-buildercomment  av-blog-meta-html-info-disabled av-blog-meta-tag-disabled  '><\/div>\n","protected":false},"excerpt":{"rendered":"","protected":false},"author":1,"featured_media":59077,"comment_status":"closed","ping_status":"closed","sticky":false,"template":"","format":"standard","meta":{"footnotes":""},"categories":[38],"tags":[],"class_list":["post-59076","post","type-post","status-publish","format-standard","has-post-thumbnail","hentry","category-regional"],"jetpack_featured_media_url":"https:\/\/radiorevelacionfm.cl\/wp-content\/uploads\/2025\/09\/autoridades-y-vecinos-dejan-planos-firmados-en-el-terreno-para-iniciar-la-obra-1_optimized-1.jpg","_links":{"self":[{"href":"https:\/\/radiorevelacionfm.cl\/index.php?rest_route=\/wp\/v2\/posts\/59076","targetHints":{"allow":["GET"]}}],"collection":[{"href":"https:\/\/radiorevelacionfm.cl\/index.php?rest_route=\/wp\/v2\/posts"}],"about":[{"href":"https:\/\/radiorevelacionfm.cl\/index.php?rest_route=\/wp\/v2\/types\/post"}],"author":[{"embeddable":true,"href":"https:\/\/radiorevelacionfm.cl\/index.php?rest_route=\/wp\/v2\/users\/1"}],"replies":[{"embeddable":true,"href":"https:\/\/radiorevelacionfm.cl\/index.php?rest_route=%2Fwp%2Fv2%2Fcomments&post=59076"}],"version-history":[{"count":2,"href":"https:\/\/radiorevelacionfm.cl\/index.php?rest_route=\/wp\/v2\/posts\/59076\/revisions"}],"predecessor-version":[{"id":59083,"href":"https:\/\/radiorevelacionfm.cl\/index.php?rest_route=\/wp\/v2\/posts\/59076\/revisions\/59083"}],"wp:featuredmedia":[{"embeddable":true,"href":"https:\/\/radiorevelacionfm.cl\/index.php?rest_route=\/wp\/v2\/media\/59077"}],"wp:attachment":[{"href":"https:\/\/radiorevelacionfm.cl\/index.php?rest_route=%2Fwp%2Fv2%2Fmedia&parent=59076"}],"wp:term":[{"taxonomy":"category","embeddable":true,"href":"https:\/\/radiorevelacionfm.cl\/index.php?rest_route=%2Fwp%2Fv2%2Fcategories&post=59076"},{"taxonomy":"post_tag","embeddable":true,"href":"https:\/\/radiorevelacionfm.cl\/index.php?rest_route=%2Fwp%2Fv2%2Ftags&post=59076"}],"curies":[{"name":"wp","href":"https:\/\/api.w.org\/{rel}","templated":true}]}}