{"id":59072,"date":"2025-09-11T11:57:46","date_gmt":"2025-09-11T14:57:46","guid":{"rendered":"https:\/\/radiorevelacionfm.cl\/?p=59072"},"modified":"2025-09-11T11:57:46","modified_gmt":"2025-09-11T14:57:46","slug":"440-proyectos-y-35-billones-de-inversion-el-plan-de-infraestructura-que-transformara-aysen-en-los-proximos-30-anos","status":"publish","type":"post","link":"https:\/\/radiorevelacionfm.cl\/?p=59072","title":{"rendered":"440 proyectos y 3,5 billones de inversi\u00f3n: El plan de infraestructura que transformar\u00e1 Ays\u00e9n en los pr\u00f3ximos 30 a\u00f1os"},"content":{"rendered":"<div class=\"flex_column av_one_full  flex_column_div av-zero-column-padding first  avia-builder-el-0  el_before_av_one_full  avia-builder-el-first  \" style='border-radius:0px; '><div  class='avia-image-container  av-styling-    avia-builder-el-1  avia-builder-el-no-sibling  avia-align-center '  itemprop=\"image\" itemscope=\"itemscope\" itemtype=\"https:\/\/schema.org\/ImageObject\"  ><div class='avia-image-container-inner'><div class='avia-image-overlay-wrap'><img decoding=\"async\" class='wp-image-59073 avia-img-lazy-loading-not-59073 avia_image' src=\"https:\/\/radiorevelacionfm.cl\/wp-content\/uploads\/2025\/09\/img_9277-copia-1_optimized.jpg\" alt='' title='img_9277-copia-(1)_optimized' height=\"600\" width=\"900\"  itemprop=\"thumbnailUrl\" srcset=\"https:\/\/radiorevelacionfm.cl\/wp-content\/uploads\/2025\/09\/img_9277-copia-1_optimized.jpg 900w, https:\/\/radiorevelacionfm.cl\/wp-content\/uploads\/2025\/09\/img_9277-copia-1_optimized-300x200.jpg 300w, https:\/\/radiorevelacionfm.cl\/wp-content\/uploads\/2025\/09\/img_9277-copia-1_optimized-768x512.jpg 768w, https:\/\/radiorevelacionfm.cl\/wp-content\/uploads\/2025\/09\/img_9277-copia-1_optimized-705x470.jpg 705w, https:\/\/radiorevelacionfm.cl\/wp-content\/uploads\/2025\/09\/img_9277-copia-1_optimized-450x300.jpg 450w, https:\/\/radiorevelacionfm.cl\/wp-content\/uploads\/2025\/09\/img_9277-copia-1_optimized-600x400.jpg 600w\" sizes=\"(max-width: 900px) 100vw, 900px\" \/><\/div><\/div><\/div><\/div><div class=\"flex_column av_one_full  flex_column_div av-zero-column-padding first  avia-builder-el-2  el_after_av_one_full  el_before_av_one_full  column-top-margin\" style='border-radius:0px; '><section class=\"av_textblock_section \"  itemscope=\"itemscope\" itemtype=\"https:\/\/schema.org\/BlogPosting\" itemprop=\"blogPost\" ><div class='avia_textblock  '   itemprop=\"text\" ><p style=\"text-align: center;\"><strong><span style=\"font-size: 18pt;\">440 proyectos y 3,5 billones de inversi\u00f3n: El plan de infraestructura que transformar\u00e1 Ays\u00e9n en los pr\u00f3ximos 30 a\u00f1os<\/span><\/strong><\/p>\n<div id=\"gtx-trans\" style=\"position: absolute; left: -50px; top: 4.31534px;\">\n<div class=\"gtx-trans-icon\"><\/div>\n<\/div>\n<\/div><\/section><\/div><div class=\"flex_column av_one_full  flex_column_div av-zero-column-padding first  avia-builder-el-4  el_after_av_one_full  el_before_av_hr  column-top-margin\" style='border-radius:0px; '><section class=\"av_textblock_section \"  itemscope=\"itemscope\" itemtype=\"https:\/\/schema.org\/BlogPosting\" itemprop=\"blogPost\" ><div class='avia_textblock  '   itemprop=\"text\" ><p style=\"text-align: justify;\">La infraestructura p\u00fablica es mucho m\u00e1s que fierro y cemento: es base para calidad de vida, equidad, cohesi\u00f3n social y oportunidades para los territorios. Es tambi\u00e9n una herramienta clave para el desarrollo econ\u00f3mico y social, y un soporte esencial frente a los desaf\u00edos de sostenibilidad y resiliencia que imponen los tiempos que vivimos. En esa direcci\u00f3n, el Plan Nacional de Infraestructura P\u00fablica (PNIP) 2025-2055 que presentamos en la Regi\u00f3n de Ays\u00e9n establece una hoja de ruta con 443 proyectos y una inversi\u00f3n estimada de 3,5 billones de pesos. Este plan se articula en torno a cuatro \u00e1mbitos estrat\u00e9gicos: conectividad e integraci\u00f3n territorial, seguridad h\u00eddrica, habitabilidad de centros poblados y seguridad energ\u00e9tica.<\/p>\n<p style=\"text-align: justify;\">Se trata de un instrumento din\u00e1mico y de largo plazo, con evaluaciones y actualizaciones cada cinco a\u00f1os. As\u00ed, distintos gobiernos podr\u00e1n realizar ajustes manteniendo un marco com\u00fan de acci\u00f3n. M\u00e1s que un listado de obras, el PNIP propone una visi\u00f3n compartida de futuro, orientada en cuatro ejes de acci\u00f3n:<\/p>\n<ul style=\"text-align: justify;\">\n<li>Conectividad e integraci\u00f3n territorial: avanzar hacia una regi\u00f3n m\u00e1s conectada, resiliente y segura frente al cambio clim\u00e1tico, con m\u00e1s kil\u00f3metros pavimentados, mejoramiento vial, fortalecimiento de la red a\u00e9rea regional y puntos de posada para emergencias; adem\u00e1s de la construcci\u00f3n de rampas e infraestructura portuaria.<\/li>\n<li>Habitabilidad de centros poblados: acercar servicios p\u00fablicos a las comunidades, diversificar la econom\u00eda local y consolidar infraestructura social, cultural y patrimonial en los distintos territorios.<\/li>\n<li>Seguridad h\u00eddrica: garantizar una gesti\u00f3n integrada y sostenible del agua, con sistemas de monitoreo, planificaci\u00f3n territorial y fortalecimiento institucional.<\/li>\n<li>Seguridad energ\u00e9tica: avanzar hacia un sistema descentralizado, sostenible y adaptado a las condiciones locales, disminuyendo la dependencia de combustibles f\u00f3siles en localidades aisladas.<\/li>\n<\/ul>\n<p style=\"text-align: justify;\">En este trabajo se han integrado ministerios, gobiernos regionales, Corfo y un Consejo Experto Asesor de 21 integrantes, garantizando diversidad de miradas y pertinencia t\u00e9cnica.<\/p>\n<p style=\"text-align: justify;\">Esta propuesta busca ser el legado del Gobierno del Presidente Gabriel Boric en infraestructura p\u00fablica, administraci\u00f3n desde la que hemos puesto en marcha una cartera robusta de iniciativas que d\u00eda a d\u00eda transforman la vida de las personas. Detr\u00e1s de cada proyecto hay un esfuerzo silencioso y constante de los equipos del Ministerio de Obras P\u00fablicas: profesionales, t\u00e9cnicos y trabajadores que aportan desde su experiencia y compromiso para consolidar una verdadera pol\u00edtica de Estado en infraestructura, capaz de trascender los vaivenes pol\u00edticos y responder a las brechas y sue\u00f1os de cada territorio.<\/p>\n<p style=\"text-align: justify;\">El trabajo de nuestras direcciones y de los m\u00e1s de 400 funcionarios y funcionarias del MOP en Ays\u00e9n ya se traduce en beneficios concretos: familias que pueden llegar a sus hogares por caminos y puentes seguros, comunidades que acceden a agua potable, personas que encuentran atenci\u00f3n oportuna en un aer\u00f3dromo durante una emergencia, visitantes que disfrutan de un patrimonio protegido y ciudadanos que reciben un mejor servicio en edificios p\u00fablicos renovados.<\/p>\n<p style=\"text-align: justify;\">La infraestructura no es solo presente: es futuro. Es la base sobre la cual construiremos un pa\u00eds y una regi\u00f3n m\u00e1s justos, cohesionados y resilientes.<\/p>\n<\/div><\/section><\/div><div  style='height:50px' class='hr hr-invisible   avia-builder-el-6  el_after_av_one_full  el_before_av_social_share '><span class='hr-inner ' ><span class='hr-inner-style'><\/span><\/span><\/div><\/p>\n<div  class='av-social-sharing-box  avia-builder-el-7  el_after_av_hr  el_before_av_hr  '><div class='av-share-box'><h5 class='av-share-link-description av-no-toc '>Compartir esta noticia<\/h5><ul class='av-share-box-list noLightbox'><li class='av-share-link av-social-link-facebook' ><a target=\"_blank\" aria-label=\"Compartir en Facebook\" href='https:\/\/www.facebook.com\/sharer.php?u=https:\/\/radiorevelacionfm.cl\/?p=59072&#038;t=440%20proyectos%20y%203%2C5%20billones%20de%20inversi%C3%B3n%3A%20El%20plan%20de%20infraestructura%20que%20transformar%C3%A1%20Ays%C3%A9n%20en%20los%20pr%C3%B3ximos%2030%20a%C3%B1os' aria-hidden='false' data-av_icon='\ue8f3' data-av_iconfont='entypo-fontello' title='' data-avia-related-tooltip='Compartir en Facebook' rel=\"noopener\"><span class='avia_hidden_link_text'>Compartir en Facebook<\/span><\/a><\/li><li class='av-share-link av-social-link-twitter' ><a target=\"_blank\" aria-label=\"Compartir en Twitter\" href='https:\/\/twitter.com\/share?text=440%20proyectos%20y%203%2C5%20billones%20de%20inversi%C3%B3n%3A%20El%20plan%20de%20infraestructura%20que%20transformar%C3%A1%20Ays%C3%A9n%20en%20los%20pr%C3%B3ximos%2030%20a%C3%B1os&#038;url=https:\/\/radiorevelacionfm.cl\/?p=59072' aria-hidden='false' data-av_icon='\ue8f1' data-av_iconfont='entypo-fontello' title='' data-avia-related-tooltip='Compartir en Twitter' rel=\"noopener\"><span class='avia_hidden_link_text'>Compartir en Twitter<\/span><\/a><\/li><li class='av-share-link av-social-link-whatsapp' ><a target=\"_blank\" aria-label=\"Compartir en Whatsapp\" href='https:\/\/api.whatsapp.com\/send?text=https:\/\/radiorevelacionfm.cl\/?p=59072' aria-hidden='false' data-av_icon='\uf232' data-av_iconfont='entypo-fontello' title='' data-avia-related-tooltip='Compartir en Whatsapp' rel=\"noopener\"><span class='avia_hidden_link_text'>Compartir en Whatsapp<\/span><\/a><\/li><li class='av-share-link av-social-link-linkedin' ><a target=\"_blank\" aria-label=\"Compartir en LinkedIn\" href='https:\/\/linkedin.com\/shareArticle?mini=true&#038;title=440%20proyectos%20y%203%2C5%20billones%20de%20inversi%C3%B3n%3A%20El%20plan%20de%20infraestructura%20que%20transformar%C3%A1%20Ays%C3%A9n%20en%20los%20pr%C3%B3ximos%2030%20a%C3%B1os&#038;url=https:\/\/radiorevelacionfm.cl\/?p=59072' aria-hidden='false' data-av_icon='\ue8fc' data-av_iconfont='entypo-fontello' title='' data-avia-related-tooltip='Compartir en LinkedIn' rel=\"noopener\"><span class='avia_hidden_link_text'>Compartir en LinkedIn<\/span><\/a><\/li><li class='av-share-link av-social-link-mail' ><a  aria-label=\"Compartir por correo\" href='mailto:?subject=440%20proyectos%20y%203%2C5%20billones%20de%20inversi%C3%B3n%3A%20El%20plan%20de%20infraestructura%20que%20transformar%C3%A1%20Ays%C3%A9n%20en%20los%20pr%C3%B3ximos%2030%20a%C3%B1os&#038;body=https:\/\/radiorevelacionfm.cl\/?p=59072' aria-hidden='false' data-av_icon='\ue805' data-av_iconfont='entypo-fontello' title='' data-avia-related-tooltip='Compartir por correo'><span class='avia_hidden_link_text'>Compartir por correo<\/span><\/a><\/li><\/ul><\/div><\/div>\n<div  style='height:50px' class='hr hr-invisible   avia-builder-el-8  el_after_av_social_share  el_before_av_comments_list '><span class='hr-inner ' ><span class='hr-inner-style'><\/span><\/span><\/div>\n<div  class='av-buildercomment  av-blog-meta-html-info-disabled av-blog-meta-tag-disabled  '><\/div>\n","protected":false},"excerpt":{"rendered":"","protected":false},"author":1,"featured_media":59073,"comment_status":"closed","ping_status":"closed","sticky":false,"template":"","format":"standard","meta":{"footnotes":""},"categories":[38],"tags":[],"class_list":["post-59072","post","type-post","status-publish","format-standard","has-post-thumbnail","hentry","category-regional"],"jetpack_featured_media_url":"https:\/\/radiorevelacionfm.cl\/wp-content\/uploads\/2025\/09\/img_9277-copia-1_optimized.jpg","_links":{"self":[{"href":"https:\/\/radiorevelacionfm.cl\/index.php?rest_route=\/wp\/v2\/posts\/59072","targetHints":{"allow":["GET"]}}],"collection":[{"href":"https:\/\/radiorevelacionfm.cl\/index.php?rest_route=\/wp\/v2\/posts"}],"about":[{"href":"https:\/\/radiorevelacionfm.cl\/index.php?rest_route=\/wp\/v2\/types\/post"}],"author":[{"embeddable":true,"href":"https:\/\/radiorevelacionfm.cl\/index.php?rest_route=\/wp\/v2\/users\/1"}],"replies":[{"embeddable":true,"href":"https:\/\/radiorevelacionfm.cl\/index.php?rest_route=%2Fwp%2Fv2%2Fcomments&post=59072"}],"version-history":[{"count":2,"href":"https:\/\/radiorevelacionfm.cl\/index.php?rest_route=\/wp\/v2\/posts\/59072\/revisions"}],"predecessor-version":[{"id":59075,"href":"https:\/\/radiorevelacionfm.cl\/index.php?rest_route=\/wp\/v2\/posts\/59072\/revisions\/59075"}],"wp:featuredmedia":[{"embeddable":true,"href":"https:\/\/radiorevelacionfm.cl\/index.php?rest_route=\/wp\/v2\/media\/59073"}],"wp:attachment":[{"href":"https:\/\/radiorevelacionfm.cl\/index.php?rest_route=%2Fwp%2Fv2%2Fmedia&parent=59072"}],"wp:term":[{"taxonomy":"category","embeddable":true,"href":"https:\/\/radiorevelacionfm.cl\/index.php?rest_route=%2Fwp%2Fv2%2Fcategories&post=59072"},{"taxonomy":"post_tag","embeddable":true,"href":"https:\/\/radiorevelacionfm.cl\/index.php?rest_route=%2Fwp%2Fv2%2Ftags&post=59072"}],"curies":[{"name":"wp","href":"https:\/\/api.w.org\/{rel}","templated":true}]}}