{"id":5907,"date":"2021-07-04T13:51:54","date_gmt":"2021-07-04T16:51:54","guid":{"rendered":"https:\/\/radiorevelacionfm.cl\/?p=5907"},"modified":"2021-07-04T13:51:54","modified_gmt":"2021-07-04T16:51:54","slug":"consejero-eligio-montecinos-propuso-mesa-de-regionalizacion-de-recursos-bentonicos","status":"publish","type":"post","link":"https:\/\/radiorevelacionfm.cl\/?p=5907","title":{"rendered":"Consejero Eligio Montecinos propuso mesa de regionalizaci\u00f3n de recursos bent\u00f3nicos"},"content":{"rendered":"<div class=\"flex_column av_one_full  flex_column_div av-zero-column-padding first  avia-builder-el-0  el_before_av_one_full  avia-builder-el-first  \" style='border-radius:0px; '><div  class='avia-image-container  av-styling-    avia-builder-el-1  avia-builder-el-no-sibling  avia-align-center '  itemprop=\"image\" itemscope=\"itemscope\" itemtype=\"https:\/\/schema.org\/ImageObject\"  ><div class='avia-image-container-inner'><div class='avia-image-overlay-wrap'><img decoding=\"async\" class='wp-image-5908 avia-img-lazy-loading-not-5908 avia_image' src=\"https:\/\/radiorevelacionfm.cl\/wp-content\/uploads\/2021\/07\/erizo-1-1-1.jpg\" alt='' title='erizo (1) (1) (1)' height=\"600\" width=\"900\"  itemprop=\"thumbnailUrl\" srcset=\"https:\/\/radiorevelacionfm.cl\/wp-content\/uploads\/2021\/07\/erizo-1-1-1.jpg 900w, https:\/\/radiorevelacionfm.cl\/wp-content\/uploads\/2021\/07\/erizo-1-1-1-300x200.jpg 300w, https:\/\/radiorevelacionfm.cl\/wp-content\/uploads\/2021\/07\/erizo-1-1-1-768x512.jpg 768w, https:\/\/radiorevelacionfm.cl\/wp-content\/uploads\/2021\/07\/erizo-1-1-1-705x470.jpg 705w, https:\/\/radiorevelacionfm.cl\/wp-content\/uploads\/2021\/07\/erizo-1-1-1-600x400.jpg 600w\" sizes=\"(max-width: 900px) 100vw, 900px\" \/><\/div><\/div><\/div><\/div><div class=\"flex_column av_one_full  flex_column_div av-zero-column-padding first  avia-builder-el-2  el_after_av_one_full  el_before_av_one_full  column-top-margin\" style='border-radius:0px; '><section class=\"av_textblock_section \"  itemscope=\"itemscope\" itemtype=\"https:\/\/schema.org\/BlogPosting\" itemprop=\"blogPost\" ><div class='avia_textblock  '   itemprop=\"text\" ><p style=\"text-align: center;\"><strong><span style=\"font-size: 18pt;\">Consejero Eligio Montecinos propuso mesa de regionalizaci\u00f3n de recursos bent\u00f3nicos<\/span><\/strong><\/p>\n<div id=\"gtx-trans\" style=\"position: absolute; left: -50px; top: 4.31534px;\">\n<div class=\"gtx-trans-icon\"><\/div>\n<\/div>\n<\/div><\/section><\/div><div class=\"flex_column av_one_full  flex_column_div av-zero-column-padding first  avia-builder-el-4  el_after_av_one_full  el_before_av_hr  column-top-margin\" style='border-radius:0px; '><section class=\"av_textblock_section \"  itemscope=\"itemscope\" itemtype=\"https:\/\/schema.org\/BlogPosting\" itemprop=\"blogPost\" ><div class='avia_textblock  '   itemprop=\"text\" ><p class=\"v1MsoNormal\" style=\"text-align: justify;\">Una mesa integrada por todos los organismos competentes exclusivamente abocada a la regionalizaci\u00f3n de recursos bent\u00f3nicos, como el erizo, loco, machas y cholgas, propuso el consejero regional por la provincia de Ays\u00e9n, Eligio Montecinos Araya, con la venia del pleno del Consejo Regional de Ays\u00e9n.<\/p>\n<p class=\"v1MsoNormal\" style=\"text-align: justify;\">\u00abPor muchos a\u00f1os estos recursos regionales no han tenido reglas claras, ya sea en la ley y sus reglamentos, menos una Pol\u00edtica Pesquera Regional. Incluso la autoridad no ha enfrentado con fuerza la defensa y autonom\u00eda de nuestros recursos, salvo algunas excepciones. Las dem\u00e1s regiones se han aprovechado de esta debilidad, para operar indiscriminadamente en nuestras aguas, prueba de ello es el crecimiento de nuestras regiones vecinas en los \u00faltimos tiempos, en desmedro de la nuestra\u00bb, indic\u00f3.<\/p>\n<p class=\"v1MsoNormal\" style=\"text-align: justify;\">En su ponencia, Eligio Montecinos manifest\u00f3 que \u00abestamos en un punto de inflexi\u00f3n muy importante, por cuanto el parlamento est\u00e1 legislando y se estar\u00eda modificando la Ley General de Pesca y Acuicultura en el \u00e1mbito de los recursos bent\u00f3nicos, en un proceso que implica participaci\u00f3n de pescadores artesanales de Ays\u00e9n, Magallanes y Los Lagos, junto a instituciones como Indespa y organizaciones como Conapach, entre otras\u00bb.<\/p>\n<p class=\"v1MsoNormal\" style=\"text-align: justify;\">Entre los temas que se est\u00e1n abordando se cuenta registro pesquero, n\u00famero de embarcaciones, n\u00famero de pesquer\u00edas bent\u00f3nicas, planes de manejo, sistema sancionatorio, seguridad del buceo, zonas contiguas y participaci\u00f3n de la mujer.<\/p>\n<p class=\"v1MsoNormal\" style=\"text-align: justify;\">\u00abCobra mucha importancia el rol que cumplir\u00e1 el Comit\u00e9 Cient\u00edfico, instituci\u00f3n que velar\u00e1 por la sustentabilidad del recurso, adem\u00e1s habr\u00e1 un Comit\u00e9 de Manejo Regional, que obviamente defender\u00e1 \u00a0nuestra soberan\u00eda productiva territorial. Tambi\u00e9n qued\u00f3 claro en este debate y discusi\u00f3n que hay que afianzar fuertemente la fiscalizaci\u00f3n por parte de las instituciones, que corresponde Sernapesca y la Armada de Chile\u00bb.<\/p>\n<p class=\"v1MsoNormal\" style=\"text-align: justify;\">Para el consejero esta instancia es fundamental, dada la importancia de esta actividad para la econom\u00eda, peque\u00f1as empresas, trabajadores del mar, adem\u00e1s de las modificaciones de la ley, por lo que insisti\u00f3 en la relevancia de la participaci\u00f3n conjunta del ejecutivo regional, CORE, parlamentarios y pescadores artesanales.<\/p>\n<\/div><\/section><\/div><div  style='height:50px' class='hr hr-invisible   avia-builder-el-6  el_after_av_one_full  el_before_av_social_share '><span class='hr-inner ' ><span class='hr-inner-style'><\/span><\/span><\/div><\/p>\n<div  class='av-social-sharing-box  avia-builder-el-7  el_after_av_hr  el_before_av_hr  '><div class='av-share-box'><h5 class='av-share-link-description av-no-toc '>Compartir esta noticia<\/h5><ul class='av-share-box-list noLightbox'><li class='av-share-link av-social-link-facebook' ><a target=\"_blank\" aria-label=\"Compartir en Facebook\" href='https:\/\/www.facebook.com\/sharer.php?u=https:\/\/radiorevelacionfm.cl\/?p=5907&#038;t=Consejero%20Eligio%20Montecinos%20propuso%20mesa%20de%20regionalizaci%C3%B3n%20de%20recursos%20bent%C3%B3nicos' aria-hidden='false' data-av_icon='\ue8f3' data-av_iconfont='entypo-fontello' title='' data-avia-related-tooltip='Compartir en Facebook' rel=\"noopener\"><span class='avia_hidden_link_text'>Compartir en Facebook<\/span><\/a><\/li><li class='av-share-link av-social-link-twitter' ><a target=\"_blank\" aria-label=\"Compartir en Twitter\" href='https:\/\/twitter.com\/share?text=Consejero%20Eligio%20Montecinos%20propuso%20mesa%20de%20regionalizaci%C3%B3n%20de%20recursos%20bent%C3%B3nicos&#038;url=https:\/\/radiorevelacionfm.cl\/?p=5907' aria-hidden='false' data-av_icon='\ue8f1' data-av_iconfont='entypo-fontello' title='' data-avia-related-tooltip='Compartir en Twitter' rel=\"noopener\"><span class='avia_hidden_link_text'>Compartir en Twitter<\/span><\/a><\/li><li class='av-share-link av-social-link-whatsapp' ><a target=\"_blank\" aria-label=\"Compartir en Whatsapp\" href='https:\/\/api.whatsapp.com\/send?text=https:\/\/radiorevelacionfm.cl\/?p=5907' aria-hidden='false' data-av_icon='\uf232' data-av_iconfont='entypo-fontello' title='' data-avia-related-tooltip='Compartir en Whatsapp' rel=\"noopener\"><span class='avia_hidden_link_text'>Compartir en Whatsapp<\/span><\/a><\/li><li class='av-share-link av-social-link-linkedin' ><a target=\"_blank\" aria-label=\"Compartir en LinkedIn\" href='https:\/\/linkedin.com\/shareArticle?mini=true&#038;title=Consejero%20Eligio%20Montecinos%20propuso%20mesa%20de%20regionalizaci%C3%B3n%20de%20recursos%20bent%C3%B3nicos&#038;url=https:\/\/radiorevelacionfm.cl\/?p=5907' aria-hidden='false' data-av_icon='\ue8fc' data-av_iconfont='entypo-fontello' title='' data-avia-related-tooltip='Compartir en LinkedIn' rel=\"noopener\"><span class='avia_hidden_link_text'>Compartir en LinkedIn<\/span><\/a><\/li><li class='av-share-link av-social-link-mail' ><a  aria-label=\"Compartir por correo\" href='mailto:?subject=Consejero%20Eligio%20Montecinos%20propuso%20mesa%20de%20regionalizaci%C3%B3n%20de%20recursos%20bent%C3%B3nicos&#038;body=https:\/\/radiorevelacionfm.cl\/?p=5907' aria-hidden='false' data-av_icon='\ue805' data-av_iconfont='entypo-fontello' title='' data-avia-related-tooltip='Compartir por correo'><span class='avia_hidden_link_text'>Compartir por correo<\/span><\/a><\/li><\/ul><\/div><\/div>\n<div  style='height:50px' class='hr hr-invisible   avia-builder-el-8  el_after_av_social_share  el_before_av_comments_list '><span class='hr-inner ' ><span class='hr-inner-style'><\/span><\/span><\/div>\n<div  class='av-buildercomment  av-blog-meta-html-info-disabled av-blog-meta-tag-disabled  '><\/div>\n","protected":false},"excerpt":{"rendered":"","protected":false},"author":1,"featured_media":5908,"comment_status":"open","ping_status":"open","sticky":false,"template":"","format":"standard","meta":{"footnotes":""},"categories":[38],"tags":[],"class_list":["post-5907","post","type-post","status-publish","format-standard","has-post-thumbnail","hentry","category-regional"],"jetpack_featured_media_url":"https:\/\/radiorevelacionfm.cl\/wp-content\/uploads\/2021\/07\/erizo-1-1-1.jpg","_links":{"self":[{"href":"https:\/\/radiorevelacionfm.cl\/index.php?rest_route=\/wp\/v2\/posts\/5907","targetHints":{"allow":["GET"]}}],"collection":[{"href":"https:\/\/radiorevelacionfm.cl\/index.php?rest_route=\/wp\/v2\/posts"}],"about":[{"href":"https:\/\/radiorevelacionfm.cl\/index.php?rest_route=\/wp\/v2\/types\/post"}],"author":[{"embeddable":true,"href":"https:\/\/radiorevelacionfm.cl\/index.php?rest_route=\/wp\/v2\/users\/1"}],"replies":[{"embeddable":true,"href":"https:\/\/radiorevelacionfm.cl\/index.php?rest_route=%2Fwp%2Fv2%2Fcomments&post=5907"}],"version-history":[{"count":1,"href":"https:\/\/radiorevelacionfm.cl\/index.php?rest_route=\/wp\/v2\/posts\/5907\/revisions"}],"predecessor-version":[{"id":5909,"href":"https:\/\/radiorevelacionfm.cl\/index.php?rest_route=\/wp\/v2\/posts\/5907\/revisions\/5909"}],"wp:featuredmedia":[{"embeddable":true,"href":"https:\/\/radiorevelacionfm.cl\/index.php?rest_route=\/wp\/v2\/media\/5908"}],"wp:attachment":[{"href":"https:\/\/radiorevelacionfm.cl\/index.php?rest_route=%2Fwp%2Fv2%2Fmedia&parent=5907"}],"wp:term":[{"taxonomy":"category","embeddable":true,"href":"https:\/\/radiorevelacionfm.cl\/index.php?rest_route=%2Fwp%2Fv2%2Fcategories&post=5907"},{"taxonomy":"post_tag","embeddable":true,"href":"https:\/\/radiorevelacionfm.cl\/index.php?rest_route=%2Fwp%2Fv2%2Ftags&post=5907"}],"curies":[{"name":"wp","href":"https:\/\/api.w.org\/{rel}","templated":true}]}}