{"id":59068,"date":"2025-09-11T13:18:05","date_gmt":"2025-09-11T16:18:05","guid":{"rendered":"https:\/\/radiorevelacionfm.cl\/?p=59068"},"modified":"2025-09-11T13:18:05","modified_gmt":"2025-09-11T16:18:05","slug":"bahia-jara-suma-un-nuevo-club-de-adulto-mayor-y-la-comuna-alcanza-su-septima-organizacion-en-funcionamiento","status":"publish","type":"post","link":"https:\/\/radiorevelacionfm.cl\/?p=59068","title":{"rendered":"Bah\u00eda Jara suma un nuevo Club de Adulto Mayor y la comuna alcanza su s\u00e9ptima organizaci\u00f3n en funcionamiento"},"content":{"rendered":"<div class=\"flex_column av_one_full  flex_column_div av-zero-column-padding first  avia-builder-el-0  el_before_av_one_full  avia-builder-el-first  \" style='border-radius:0px; '><div  class='avia-image-container  av-styling-    avia-builder-el-1  avia-builder-el-no-sibling  avia-align-center '  itemprop=\"image\" itemscope=\"itemscope\" itemtype=\"https:\/\/schema.org\/ImageObject\"  ><div class='avia-image-container-inner'><div class='avia-image-overlay-wrap'><img decoding=\"async\" class='wp-image-59069 avia-img-lazy-loading-not-59069 avia_image' src=\"https:\/\/radiorevelacionfm.cl\/wp-content\/uploads\/2025\/09\/whatsapp-image-2025-09-11-at-10_optimized.51.23-1-1.jpeg\" alt='' title='whatsapp-image-2025-09-11-at-10_optimized.51.23-(1)-(1)' height=\"600\" width=\"800\"  itemprop=\"thumbnailUrl\" srcset=\"https:\/\/radiorevelacionfm.cl\/wp-content\/uploads\/2025\/09\/whatsapp-image-2025-09-11-at-10_optimized.51.23-1-1.jpeg 800w, https:\/\/radiorevelacionfm.cl\/wp-content\/uploads\/2025\/09\/whatsapp-image-2025-09-11-at-10_optimized.51.23-1-1-300x225.jpeg 300w, https:\/\/radiorevelacionfm.cl\/wp-content\/uploads\/2025\/09\/whatsapp-image-2025-09-11-at-10_optimized.51.23-1-1-768x576.jpeg 768w, https:\/\/radiorevelacionfm.cl\/wp-content\/uploads\/2025\/09\/whatsapp-image-2025-09-11-at-10_optimized.51.23-1-1-705x529.jpeg 705w, https:\/\/radiorevelacionfm.cl\/wp-content\/uploads\/2025\/09\/whatsapp-image-2025-09-11-at-10_optimized.51.23-1-1-450x338.jpeg 450w, https:\/\/radiorevelacionfm.cl\/wp-content\/uploads\/2025\/09\/whatsapp-image-2025-09-11-at-10_optimized.51.23-1-1-600x450.jpeg 600w\" sizes=\"(max-width: 800px) 100vw, 800px\" \/><\/div><\/div><\/div><\/div><div class=\"flex_column av_one_full  flex_column_div av-zero-column-padding first  avia-builder-el-2  el_after_av_one_full  el_before_av_one_full  column-top-margin\" style='border-radius:0px; '><section class=\"av_textblock_section \"  itemscope=\"itemscope\" itemtype=\"https:\/\/schema.org\/BlogPosting\" itemprop=\"blogPost\" ><div class='avia_textblock  '   itemprop=\"text\" ><p style=\"text-align: center;\"><strong><span style=\"font-size: 18pt;\">Bah\u00eda Jara suma un nuevo Club de Adulto Mayor y la comuna alcanza su s\u00e9ptima organizaci\u00f3n en funcionamiento<\/span><\/strong><\/p>\n<div id=\"gtx-trans\" style=\"position: absolute; left: -50px; top: 4.31534px;\">\n<div class=\"gtx-trans-icon\"><\/div>\n<\/div>\n<\/div><\/section><\/div><div class=\"flex_column av_one_full  flex_column_div av-zero-column-padding first  avia-builder-el-4  el_after_av_one_full  el_before_av_hr  column-top-margin\" style='border-radius:0px; '><section class=\"av_textblock_section \"  itemscope=\"itemscope\" itemtype=\"https:\/\/schema.org\/BlogPosting\" itemprop=\"blogPost\" ><div class='avia_textblock  '   itemprop=\"text\" ><p style=\"text-align: justify;\">El Club \u201cLa Esperanza\u201d fue conformado por vecinos y vecinas de la localidad, con el liderazgo de Jos\u00e9 Lizardo Zapata. La iniciativa se enmarca en el impulso municipal para reactivar las organizaciones sociales de adultos mayores en Chile Chico.<\/p>\n<p style=\"text-align: justify;\">La conformaci\u00f3n de este club marca un paso importante para la vida comunitaria en Bah\u00eda Jara, pues responde a un anhelo largamente esperado por los adultos mayores de la localidad: contar con un espacio propio donde organizar actividades, compartir experiencias y proyectar sue\u00f1os en com\u00fan. Con este nuevo club, la comuna de Chile Chico alcanza siete organizaciones de adultos mayores activas, en contraste con las apenas tres que exist\u00edan al inicio de la actual administraci\u00f3n.<\/p>\n<p style=\"text-align: justify;\">Don, Jos\u00e9 Lizardo Zapata manifest\u00f3 su emoci\u00f3n por asumir este desaf\u00edo y el compromiso de trabajar junto a sus vecinos y vecinas: \u201cEstoy feliz de asumir este compromiso, porque aqu\u00ed nac\u00ed y crec\u00ed, y me emociona poder aportar a mis vecinos. Ya vemos cambios positivos, como la entrega de gas que realiza el municipio a las casas de las familias que no pod\u00edan trasladarse hasta Chile Chico. Adem\u00e1s, queremos que nuestro club sea una puerta para viajar, conocer m\u00e1s de nuestra comuna y, si es posible, recorrer otras partes de Chile\u201d, expres\u00f3.<\/p>\n<p style=\"text-align: justify;\">El alcalde de Chile Chico, Ariel Keim Hermosilla, valor\u00f3 este logro comunitario y destac\u00f3 el trabajo que ha permitido revitalizar las organizaciones sociales:<\/p>\n<p style=\"text-align: justify;\">\u201cLa creaci\u00f3n de este club de adultos mayores es un motivo de orgullo y alegr\u00eda para nosotros como municipio. Sabemos que detr\u00e1s de cada organizaci\u00f3n que nace hay un grupo de personas, sobre todo adultos mayores, que quieren encontrarse, compartir y vivir con m\u00e1s compa\u00f1\u00eda y dignidad. Cuando iniciamos nuestra administraci\u00f3n apenas hab\u00edan tres clubes de adultos mayores activos en nuestra comuna, y hoy ya hemos logrado que existan siete funcionando, con un octavo en conversaciones para formalizarse. Esto demuestra el enorme esfuerzo que hemos puesto en reactivar y apoyar nuestras organizaciones sociales. Creemos firmemente que nuestros adultos mayores son el coraz\u00f3n de la comunidad y por eso seguiremos trabajando para entregarles espacios de participaci\u00f3n, recreaci\u00f3n y bienestar en cada una de las localidades, porque se lo merecen y porque su experiencia de vida es un pilar fundamental para el desarrollo de nuestra comuna\u201d.<\/p>\n<p style=\"text-align: justify;\">Desde el municipio se subray\u00f3 que el fortalecimiento de estas organizaciones no solo aporta al bienestar directo de los adultos mayores, sino que tambi\u00e9n revitaliza la vida comunitaria, impulsa actividades de recreaci\u00f3n y fomenta la solidaridad intergeneracional. La consolidaci\u00f3n del Club \u201cLa Esperanza\u201d es vista como una oportunidad para que Bah\u00eda Jara contin\u00fae potenciando su identidad local y se integre activamente en el quehacer comunal.<\/p>\n<p style=\"text-align: justify;\">Con la creaci\u00f3n del Club de Adulto Mayor \u201cLa Esperanza\u201d, Bah\u00eda Jara se proyecta como una localidad m\u00e1s participativa y cohesionada, reafirmando que la experiencia y sabidur\u00eda de sus adultos mayores constituyen un pilar esencial en la construcci\u00f3n de un futuro com\u00fan. El municipio reiter\u00f3 su compromiso de seguir acompa\u00f1ando y respaldando a cada organizaci\u00f3n, porque cada nuevo club refleja el valor de la uni\u00f3n comunitaria y la esperanza de un mejor vivir.<\/p>\n<\/div><\/section><\/div><div  style='height:50px' class='hr hr-invisible   avia-builder-el-6  el_after_av_one_full  el_before_av_social_share '><span class='hr-inner ' ><span class='hr-inner-style'><\/span><\/span><\/div><\/p>\n<div  class='av-social-sharing-box  avia-builder-el-7  el_after_av_hr  el_before_av_hr  '><div class='av-share-box'><h5 class='av-share-link-description av-no-toc '>Compartir esta noticia<\/h5><ul class='av-share-box-list noLightbox'><li class='av-share-link av-social-link-facebook' ><a target=\"_blank\" aria-label=\"Compartir en Facebook\" href='https:\/\/www.facebook.com\/sharer.php?u=https:\/\/radiorevelacionfm.cl\/?p=59068&#038;t=Bah%C3%ADa%20Jara%20suma%20un%20nuevo%20Club%20de%20Adulto%20Mayor%20y%20la%20comuna%20alcanza%20su%20s%C3%A9ptima%20organizaci%C3%B3n%20en%20funcionamiento' aria-hidden='false' data-av_icon='\ue8f3' data-av_iconfont='entypo-fontello' title='' data-avia-related-tooltip='Compartir en Facebook' rel=\"noopener\"><span class='avia_hidden_link_text'>Compartir en Facebook<\/span><\/a><\/li><li class='av-share-link av-social-link-twitter' ><a target=\"_blank\" aria-label=\"Compartir en Twitter\" href='https:\/\/twitter.com\/share?text=Bah%C3%ADa%20Jara%20suma%20un%20nuevo%20Club%20de%20Adulto%20Mayor%20y%20la%20comuna%20alcanza%20su%20s%C3%A9ptima%20organizaci%C3%B3n%20en%20funcionamiento&#038;url=https:\/\/radiorevelacionfm.cl\/?p=59068' aria-hidden='false' data-av_icon='\ue8f1' data-av_iconfont='entypo-fontello' title='' data-avia-related-tooltip='Compartir en Twitter' rel=\"noopener\"><span class='avia_hidden_link_text'>Compartir en Twitter<\/span><\/a><\/li><li class='av-share-link av-social-link-whatsapp' ><a target=\"_blank\" aria-label=\"Compartir en Whatsapp\" href='https:\/\/api.whatsapp.com\/send?text=https:\/\/radiorevelacionfm.cl\/?p=59068' aria-hidden='false' data-av_icon='\uf232' data-av_iconfont='entypo-fontello' title='' data-avia-related-tooltip='Compartir en Whatsapp' rel=\"noopener\"><span class='avia_hidden_link_text'>Compartir en Whatsapp<\/span><\/a><\/li><li class='av-share-link av-social-link-linkedin' ><a target=\"_blank\" aria-label=\"Compartir en LinkedIn\" href='https:\/\/linkedin.com\/shareArticle?mini=true&#038;title=Bah%C3%ADa%20Jara%20suma%20un%20nuevo%20Club%20de%20Adulto%20Mayor%20y%20la%20comuna%20alcanza%20su%20s%C3%A9ptima%20organizaci%C3%B3n%20en%20funcionamiento&#038;url=https:\/\/radiorevelacionfm.cl\/?p=59068' aria-hidden='false' data-av_icon='\ue8fc' data-av_iconfont='entypo-fontello' title='' data-avia-related-tooltip='Compartir en LinkedIn' rel=\"noopener\"><span class='avia_hidden_link_text'>Compartir en LinkedIn<\/span><\/a><\/li><li class='av-share-link av-social-link-mail' ><a  aria-label=\"Compartir por correo\" href='mailto:?subject=Bah%C3%ADa%20Jara%20suma%20un%20nuevo%20Club%20de%20Adulto%20Mayor%20y%20la%20comuna%20alcanza%20su%20s%C3%A9ptima%20organizaci%C3%B3n%20en%20funcionamiento&#038;body=https:\/\/radiorevelacionfm.cl\/?p=59068' aria-hidden='false' data-av_icon='\ue805' data-av_iconfont='entypo-fontello' title='' data-avia-related-tooltip='Compartir por correo'><span class='avia_hidden_link_text'>Compartir por correo<\/span><\/a><\/li><\/ul><\/div><\/div>\n<div  style='height:50px' class='hr hr-invisible   avia-builder-el-8  el_after_av_social_share  el_before_av_comments_list '><span class='hr-inner ' ><span class='hr-inner-style'><\/span><\/span><\/div>\n<div  class='av-buildercomment  av-blog-meta-html-info-disabled av-blog-meta-tag-disabled  '><\/div>\n","protected":false},"excerpt":{"rendered":"","protected":false},"author":1,"featured_media":59069,"comment_status":"closed","ping_status":"closed","sticky":false,"template":"","format":"standard","meta":{"footnotes":""},"categories":[38],"tags":[],"class_list":["post-59068","post","type-post","status-publish","format-standard","has-post-thumbnail","hentry","category-regional"],"jetpack_featured_media_url":"https:\/\/radiorevelacionfm.cl\/wp-content\/uploads\/2025\/09\/whatsapp-image-2025-09-11-at-10_optimized.51.23-1-1.jpeg","_links":{"self":[{"href":"https:\/\/radiorevelacionfm.cl\/index.php?rest_route=\/wp\/v2\/posts\/59068","targetHints":{"allow":["GET"]}}],"collection":[{"href":"https:\/\/radiorevelacionfm.cl\/index.php?rest_route=\/wp\/v2\/posts"}],"about":[{"href":"https:\/\/radiorevelacionfm.cl\/index.php?rest_route=\/wp\/v2\/types\/post"}],"author":[{"embeddable":true,"href":"https:\/\/radiorevelacionfm.cl\/index.php?rest_route=\/wp\/v2\/users\/1"}],"replies":[{"embeddable":true,"href":"https:\/\/radiorevelacionfm.cl\/index.php?rest_route=%2Fwp%2Fv2%2Fcomments&post=59068"}],"version-history":[{"count":2,"href":"https:\/\/radiorevelacionfm.cl\/index.php?rest_route=\/wp\/v2\/posts\/59068\/revisions"}],"predecessor-version":[{"id":59079,"href":"https:\/\/radiorevelacionfm.cl\/index.php?rest_route=\/wp\/v2\/posts\/59068\/revisions\/59079"}],"wp:featuredmedia":[{"embeddable":true,"href":"https:\/\/radiorevelacionfm.cl\/index.php?rest_route=\/wp\/v2\/media\/59069"}],"wp:attachment":[{"href":"https:\/\/radiorevelacionfm.cl\/index.php?rest_route=%2Fwp%2Fv2%2Fmedia&parent=59068"}],"wp:term":[{"taxonomy":"category","embeddable":true,"href":"https:\/\/radiorevelacionfm.cl\/index.php?rest_route=%2Fwp%2Fv2%2Fcategories&post=59068"},{"taxonomy":"post_tag","embeddable":true,"href":"https:\/\/radiorevelacionfm.cl\/index.php?rest_route=%2Fwp%2Fv2%2Ftags&post=59068"}],"curies":[{"name":"wp","href":"https:\/\/api.w.org\/{rel}","templated":true}]}}