{"id":59063,"date":"2025-09-11T10:54:18","date_gmt":"2025-09-11T13:54:18","guid":{"rendered":"https:\/\/radiorevelacionfm.cl\/?p=59063"},"modified":"2025-09-11T10:54:18","modified_gmt":"2025-09-11T13:54:18","slug":"toneladas-de-baterias-fueron-recolectadas-por-vecinos-de-la-comuna-de-aysen-para-reciclaje","status":"publish","type":"post","link":"https:\/\/radiorevelacionfm.cl\/?p=59063","title":{"rendered":"Toneladas de bater\u00edas fueron recolectadas por vecinos de la comuna de Ays\u00e9n para reciclaje"},"content":{"rendered":"<div class=\"flex_column av_one_full  flex_column_div av-zero-column-padding first  avia-builder-el-0  el_before_av_one_full  avia-builder-el-first  \" style='border-radius:0px; '><div  class='avia-image-container  av-styling-    avia-builder-el-1  avia-builder-el-no-sibling  avia-align-center '  itemprop=\"image\" itemscope=\"itemscope\" itemtype=\"https:\/\/schema.org\/ImageObject\"  ><div class='avia-image-container-inner'><div class='avia-image-overlay-wrap'><img decoding=\"async\" class='wp-image-59065 avia-img-lazy-loading-not-59065 avia_image' src=\"https:\/\/radiorevelacionfm.cl\/wp-content\/uploads\/2025\/09\/3-2025-09-11t104853_optimized_optimized.252-1-1.jpg\" alt='' title='3 - - 2025-09-11t104853_optimized_optimized.252-(1)-(1)' height=\"600\" width=\"1067\"  itemprop=\"thumbnailUrl\" srcset=\"https:\/\/radiorevelacionfm.cl\/wp-content\/uploads\/2025\/09\/3-2025-09-11t104853_optimized_optimized.252-1-1.jpg 1067w, https:\/\/radiorevelacionfm.cl\/wp-content\/uploads\/2025\/09\/3-2025-09-11t104853_optimized_optimized.252-1-1-300x169.jpg 300w, https:\/\/radiorevelacionfm.cl\/wp-content\/uploads\/2025\/09\/3-2025-09-11t104853_optimized_optimized.252-1-1-1030x579.jpg 1030w, https:\/\/radiorevelacionfm.cl\/wp-content\/uploads\/2025\/09\/3-2025-09-11t104853_optimized_optimized.252-1-1-768x432.jpg 768w, https:\/\/radiorevelacionfm.cl\/wp-content\/uploads\/2025\/09\/3-2025-09-11t104853_optimized_optimized.252-1-1-705x396.jpg 705w, https:\/\/radiorevelacionfm.cl\/wp-content\/uploads\/2025\/09\/3-2025-09-11t104853_optimized_optimized.252-1-1-450x253.jpg 450w, https:\/\/radiorevelacionfm.cl\/wp-content\/uploads\/2025\/09\/3-2025-09-11t104853_optimized_optimized.252-1-1-600x337.jpg 600w\" sizes=\"(max-width: 1067px) 100vw, 1067px\" \/><\/div><\/div><\/div><\/div><div class=\"flex_column av_one_full  flex_column_div av-zero-column-padding first  avia-builder-el-2  el_after_av_one_full  el_before_av_one_full  column-top-margin\" style='border-radius:0px; '><section class=\"av_textblock_section \"  itemscope=\"itemscope\" itemtype=\"https:\/\/schema.org\/BlogPosting\" itemprop=\"blogPost\" ><div class='avia_textblock  '   itemprop=\"text\" ><p style=\"text-align: center;\"><strong><span style=\"font-size: 18pt;\">Toneladas de bater\u00edas fueron recolectadas por vecinos de la comuna de Ays\u00e9n para reciclaje<\/span><\/strong><\/p>\n<div id=\"gtx-trans\" style=\"position: absolute; left: -50px; top: 4.31534px;\">\n<div class=\"gtx-trans-icon\"><\/div>\n<\/div>\n<\/div><\/section><\/div><div class=\"flex_column av_one_full  flex_column_div av-zero-column-padding first  avia-builder-el-4  el_after_av_one_full  el_before_av_hr  column-top-margin\" style='border-radius:0px; '><section class=\"av_textblock_section \"  itemscope=\"itemscope\" itemtype=\"https:\/\/schema.org\/BlogPosting\" itemprop=\"blogPost\" ><div class='avia_textblock  '   itemprop=\"text\" ><p style=\"text-align: justify;\">Los residuos peligrosos como las bater\u00edas pueden tener un impacto negativo en el entorno natural si no se gestionan adecuadamente. Los vecinos de la comuna de Ays\u00e9n est\u00e1n tomando conciencia del resguardo y protecci\u00f3n ambiental que merece su comuna, con una activa participaci\u00f3n en campa\u00f1as de recolecci\u00f3n de residuos como la desarrollada el pasado fin de semana en Puerto Ays\u00e9n, Villa Ma\u00f1ihuales y Puerto Chacabuco.<\/p>\n<p style=\"text-align: justify;\">En bicicleta, carretillas y veh\u00edculos motorizados, los vecinos se acercaron hasta los puntos limpios para depositar sus\u00a0 bater\u00edas, botellas pl\u00e1stico, vidrio, latas, pilas\u00a0 y cart\u00f3n. Una respuesta activa de la comunidad, al llamado de la llustre Municipalidad de Ays\u00e9n y la Empresa de Reciclajes Martino, quienes mediante un trabajo colaborativo, lograron recepcionar alrededor de 20 toneladas de residuos peligrosos que ser\u00e1n derivados a otras plantas de tratamiento y reciclaje del pa\u00eds.<\/p>\n<p style=\"text-align: justify;\">La vecina Marisel Bahamonde acudi\u00f3 hasta el estacionamiento del Polideportivo de Puerto Ays\u00e9n, habilitado como punto temporal de recolecci\u00f3n y agradeci\u00f3 la instancia, porque \u201cmuchas veces uno no sabe c\u00f3mo deshacerse de las bater\u00edas que tiene en su casa; vi que era una excelente oportunidad y aprovech\u00e9 de traer todas las bater\u00edas en desuso que ten\u00edamos como familia\u201d, indic\u00f3.<\/p>\n<p style=\"text-align: justify;\">Con el mismo entusiasmo, el vecino y deportista de la ciudad porte\u00f1a, Norman Torres, acudi\u00f3 a dejar sus bater\u00edas, \u00a0explicando que, \u00a0en reiteradas ocasiones ha visto materiales peligrosos\u00a0 en el entorno natural de Ays\u00e9n donde practica deporte al aire libre y \u201cpor eso es muy importante que se realicen este tipo de campa\u00f1as porque el m\u00e1s beneficiado es nuestro medio ambiente y las personas que habitamos en este lugar\u201d agreg\u00f3.<\/p>\n<p style=\"text-align: justify;\">Por su parte, el\u00a0 Representante de la Planta de Tratamiento de Residuos S\u00f3lidos Inorg\u00e1nicos Domiciliarios e Industriales, Christian Martino, explic\u00f3 que esta iniciativa busca promover la conciencia ambiental y fomentar pr\u00e1cticas sostenibles en la Regi\u00f3n de Ays\u00e9n. \u201cLos vecinos de la comunidad fueron \u00a0invitados a participar y disponer de sus residuos de manera responsable y as\u00ed lo hicieron. Esta exitosa campa\u00f1a nos permitir\u00e1 dar un correcto destino final a estos residuos; el planeta est\u00e1 vivo y por eso debemos cuidarlo\u201d, fue el mensaje inspirador\u00a0 que entreg\u00f3.<\/p>\n<p style=\"text-align: justify;\">Al reciclar estos materiales, se reduce la cantidad de residuos que terminan en vertederos y se minimiza el riesgo de contaminaci\u00f3n del suelo y del agua. Aspecto que fue destacado por la funcionaria de la Unidad de Medio Ambiente de la Ilustre Municipalidad de Ays\u00e9n, Ang\u00e9lica Hidalgo. \u201cLa idea de esta actividad fue que los vecinos pudieran recolectar sus residuos peligrosos y disponer de aquellos que son reciclables para poder disponerlos de una forma adecuada, logrando con ello evitar que contin\u00fae la contaminaci\u00f3n de nuestro medio ambiente\u201d, enfatiz\u00f3.<\/p>\n<p style=\"text-align: justify;\">La Municipalidad de Ays\u00e9n y Reciclajes Martino, valoraron la participaci\u00f3n de los vecinos, haciendo un llamado conjunto, a sumarse a estas campa\u00f1as \u00a0y a ser parte del cambio hacia un futuro m\u00e1s sostenible para Ays\u00e9n.<\/p>\n<\/div><\/section><\/div><div  style='height:50px' class='hr hr-invisible   avia-builder-el-6  el_after_av_one_full  el_before_av_social_share '><span class='hr-inner ' ><span class='hr-inner-style'><\/span><\/span><\/div><\/p>\n<div  class='av-social-sharing-box  avia-builder-el-7  el_after_av_hr  el_before_av_hr  '><div class='av-share-box'><h5 class='av-share-link-description av-no-toc '>Compartir esta noticia<\/h5><ul class='av-share-box-list noLightbox'><li class='av-share-link av-social-link-facebook' ><a target=\"_blank\" aria-label=\"Compartir en Facebook\" href='https:\/\/www.facebook.com\/sharer.php?u=https:\/\/radiorevelacionfm.cl\/?p=59063&#038;t=Toneladas%20de%20bater%C3%ADas%20fueron%20recolectadas%20por%20vecinos%20de%20la%20comuna%20de%20Ays%C3%A9n%20para%20reciclaje' aria-hidden='false' data-av_icon='\ue8f3' data-av_iconfont='entypo-fontello' title='' data-avia-related-tooltip='Compartir en Facebook' rel=\"noopener\"><span class='avia_hidden_link_text'>Compartir en Facebook<\/span><\/a><\/li><li class='av-share-link av-social-link-twitter' ><a target=\"_blank\" aria-label=\"Compartir en Twitter\" href='https:\/\/twitter.com\/share?text=Toneladas%20de%20bater%C3%ADas%20fueron%20recolectadas%20por%20vecinos%20de%20la%20comuna%20de%20Ays%C3%A9n%20para%20reciclaje&#038;url=https:\/\/radiorevelacionfm.cl\/?p=59063' aria-hidden='false' data-av_icon='\ue8f1' data-av_iconfont='entypo-fontello' title='' data-avia-related-tooltip='Compartir en Twitter' rel=\"noopener\"><span class='avia_hidden_link_text'>Compartir en Twitter<\/span><\/a><\/li><li class='av-share-link av-social-link-whatsapp' ><a target=\"_blank\" aria-label=\"Compartir en Whatsapp\" href='https:\/\/api.whatsapp.com\/send?text=https:\/\/radiorevelacionfm.cl\/?p=59063' aria-hidden='false' data-av_icon='\uf232' data-av_iconfont='entypo-fontello' title='' data-avia-related-tooltip='Compartir en Whatsapp' rel=\"noopener\"><span class='avia_hidden_link_text'>Compartir en Whatsapp<\/span><\/a><\/li><li class='av-share-link av-social-link-linkedin' ><a target=\"_blank\" aria-label=\"Compartir en LinkedIn\" href='https:\/\/linkedin.com\/shareArticle?mini=true&#038;title=Toneladas%20de%20bater%C3%ADas%20fueron%20recolectadas%20por%20vecinos%20de%20la%20comuna%20de%20Ays%C3%A9n%20para%20reciclaje&#038;url=https:\/\/radiorevelacionfm.cl\/?p=59063' aria-hidden='false' data-av_icon='\ue8fc' data-av_iconfont='entypo-fontello' title='' data-avia-related-tooltip='Compartir en LinkedIn' rel=\"noopener\"><span class='avia_hidden_link_text'>Compartir en LinkedIn<\/span><\/a><\/li><li class='av-share-link av-social-link-mail' ><a  aria-label=\"Compartir por correo\" href='mailto:?subject=Toneladas%20de%20bater%C3%ADas%20fueron%20recolectadas%20por%20vecinos%20de%20la%20comuna%20de%20Ays%C3%A9n%20para%20reciclaje&#038;body=https:\/\/radiorevelacionfm.cl\/?p=59063' aria-hidden='false' data-av_icon='\ue805' data-av_iconfont='entypo-fontello' title='' data-avia-related-tooltip='Compartir por correo'><span class='avia_hidden_link_text'>Compartir por correo<\/span><\/a><\/li><\/ul><\/div><\/div>\n<div  style='height:50px' class='hr hr-invisible   avia-builder-el-8  el_after_av_social_share  el_before_av_comments_list '><span class='hr-inner ' ><span class='hr-inner-style'><\/span><\/span><\/div>\n<div  class='av-buildercomment  av-blog-meta-html-info-disabled av-blog-meta-tag-disabled  '><\/div>\n","protected":false},"excerpt":{"rendered":"","protected":false},"author":1,"featured_media":59065,"comment_status":"closed","ping_status":"closed","sticky":false,"template":"","format":"standard","meta":{"footnotes":""},"categories":[38],"tags":[],"class_list":["post-59063","post","type-post","status-publish","format-standard","has-post-thumbnail","hentry","category-regional"],"jetpack_featured_media_url":"https:\/\/radiorevelacionfm.cl\/wp-content\/uploads\/2025\/09\/3-2025-09-11t104853_optimized_optimized.252-1-1.jpg","_links":{"self":[{"href":"https:\/\/radiorevelacionfm.cl\/index.php?rest_route=\/wp\/v2\/posts\/59063","targetHints":{"allow":["GET"]}}],"collection":[{"href":"https:\/\/radiorevelacionfm.cl\/index.php?rest_route=\/wp\/v2\/posts"}],"about":[{"href":"https:\/\/radiorevelacionfm.cl\/index.php?rest_route=\/wp\/v2\/types\/post"}],"author":[{"embeddable":true,"href":"https:\/\/radiorevelacionfm.cl\/index.php?rest_route=\/wp\/v2\/users\/1"}],"replies":[{"embeddable":true,"href":"https:\/\/radiorevelacionfm.cl\/index.php?rest_route=%2Fwp%2Fv2%2Fcomments&post=59063"}],"version-history":[{"count":2,"href":"https:\/\/radiorevelacionfm.cl\/index.php?rest_route=\/wp\/v2\/posts\/59063\/revisions"}],"predecessor-version":[{"id":59067,"href":"https:\/\/radiorevelacionfm.cl\/index.php?rest_route=\/wp\/v2\/posts\/59063\/revisions\/59067"}],"wp:featuredmedia":[{"embeddable":true,"href":"https:\/\/radiorevelacionfm.cl\/index.php?rest_route=\/wp\/v2\/media\/59065"}],"wp:attachment":[{"href":"https:\/\/radiorevelacionfm.cl\/index.php?rest_route=%2Fwp%2Fv2%2Fmedia&parent=59063"}],"wp:term":[{"taxonomy":"category","embeddable":true,"href":"https:\/\/radiorevelacionfm.cl\/index.php?rest_route=%2Fwp%2Fv2%2Fcategories&post=59063"},{"taxonomy":"post_tag","embeddable":true,"href":"https:\/\/radiorevelacionfm.cl\/index.php?rest_route=%2Fwp%2Fv2%2Ftags&post=59063"}],"curies":[{"name":"wp","href":"https:\/\/api.w.org\/{rel}","templated":true}]}}