{"id":59057,"date":"2025-09-11T10:01:04","date_gmt":"2025-09-11T13:01:04","guid":{"rendered":"https:\/\/radiorevelacionfm.cl\/?p=59057"},"modified":"2025-09-11T10:01:04","modified_gmt":"2025-09-11T13:01:04","slug":"abren-inscripciones-para-que-personas-emprendedoras-accedan-a-capacitaciones-y-apoyo-en-materias-tributarias","status":"publish","type":"post","link":"https:\/\/radiorevelacionfm.cl\/?p=59057","title":{"rendered":"Abren inscripciones para que personas emprendedoras accedan a capacitaciones y apoyo en materias tributarias"},"content":{"rendered":"<div class=\"flex_column av_one_full  flex_column_div av-zero-column-padding first  avia-builder-el-0  el_before_av_one_full  avia-builder-el-first  \" style='border-radius:0px; '><div  class='avia-image-container  av-styling-    avia-builder-el-1  avia-builder-el-no-sibling  avia-align-center '  itemprop=\"image\" itemscope=\"itemscope\" itemtype=\"https:\/\/schema.org\/ImageObject\"  ><div class='avia-image-container-inner'><div class='avia-image-overlay-wrap'><img decoding=\"async\" class='wp-image-59058 avia-img-lazy-loading-not-59058 avia_image' src=\"https:\/\/radiorevelacionfm.cl\/wp-content\/uploads\/2025\/09\/FOSIS-AIEP-1-1-1.jpg\" alt='' title='FOSIS-AIEP 1 (1) (1)' height=\"600\" width=\"900\"  itemprop=\"thumbnailUrl\" srcset=\"https:\/\/radiorevelacionfm.cl\/wp-content\/uploads\/2025\/09\/FOSIS-AIEP-1-1-1.jpg 900w, https:\/\/radiorevelacionfm.cl\/wp-content\/uploads\/2025\/09\/FOSIS-AIEP-1-1-1-300x200.jpg 300w, https:\/\/radiorevelacionfm.cl\/wp-content\/uploads\/2025\/09\/FOSIS-AIEP-1-1-1-768x512.jpg 768w, https:\/\/radiorevelacionfm.cl\/wp-content\/uploads\/2025\/09\/FOSIS-AIEP-1-1-1-705x470.jpg 705w, https:\/\/radiorevelacionfm.cl\/wp-content\/uploads\/2025\/09\/FOSIS-AIEP-1-1-1-450x300.jpg 450w, https:\/\/radiorevelacionfm.cl\/wp-content\/uploads\/2025\/09\/FOSIS-AIEP-1-1-1-600x400.jpg 600w\" sizes=\"(max-width: 900px) 100vw, 900px\" \/><\/div><\/div><\/div><\/div><div class=\"flex_column av_one_full  flex_column_div av-zero-column-padding first  avia-builder-el-2  el_after_av_one_full  el_before_av_one_full  column-top-margin\" style='border-radius:0px; '><section class=\"av_textblock_section \"  itemscope=\"itemscope\" itemtype=\"https:\/\/schema.org\/BlogPosting\" itemprop=\"blogPost\" ><div class='avia_textblock  '   itemprop=\"text\" ><p style=\"text-align: center;\"><strong><span style=\"font-size: 18pt;\">Abren inscripciones para que personas emprendedoras accedan a capacitaciones y apoyo en materias tributarias<\/span><\/strong><\/p>\n<div id=\"gtx-trans\" style=\"position: absolute; left: -50px; top: 4.31534px;\">\n<div class=\"gtx-trans-icon\"><\/div>\n<\/div>\n<\/div><\/section><\/div><div class=\"flex_column av_one_full  flex_column_div av-zero-column-padding first  avia-builder-el-4  el_after_av_one_full  el_before_av_hr  column-top-margin\" style='border-radius:0px; '><section class=\"av_textblock_section \"  itemscope=\"itemscope\" itemtype=\"https:\/\/schema.org\/BlogPosting\" itemprop=\"blogPost\" ><div class='avia_textblock  '   itemprop=\"text\" ><ul>\n<li style=\"text-align: justify;\"><em>Gracias a alianza FOSIS-AIEP se podr\u00e1 acceder de manera gratuita a orientaci\u00f3n en tr\u00e1mites asociados a la formalizaci\u00f3n de un negocio y capacitaciones en marketing, finanzas y recursos humanos.<\/em><\/li>\n<li style=\"text-align: justify;\"><em>Las inscripciones estar\u00e1n abiertas hasta el 30 de septiembre en <\/em><a href=\"http:\/\/www.fosis.gob.cl\"><em>fosis.gob.cl<\/em><\/a><em> con Clave\u00danica.<\/em><\/li>\n<\/ul>\n<p style=\"text-align: justify;\">El Fondo de Solidaridad e Inversi\u00f3n Social, FOSIS, y el Instituto Profesional AIEP, de la Universidad Andr\u00e9s Bello, se unieron para apoyar a las personas emprendedoras de menores ingresos con asistencia t\u00e9cnica en materias tributarias, como tambi\u00e9n en la elaboraci\u00f3n de un modelo de negocio.<\/p>\n<p style=\"text-align: justify;\">La iniciativa se realiza a trav\u00e9s de dos iniciativas de AIEP: el N\u00facleo de Apoyo Fiscal y el N\u00facleo de Apoyo a los Negocios. Ambas instancias ofrecen asistencia de forma telem\u00e1tica en cualquier regi\u00f3n o comuna del pa\u00eds.<\/p>\n<p style=\"text-align: justify;\">La directora regional del FOSIS en Ays\u00e9n, Fernanda Leiva Mu\u00f1oz, destac\u00f3 que \u201cesta alianza con AIEP nos permite seguir entregando oportunidades para que personas emprendedoras puedan capacitarse en tem\u00e1ticas importantes para el desarrollo de sus negocios como lo son el marketing, las finanzas, recursos humanos y adem\u00e1s que puedan recibir orientaci\u00f3n gratuita en materia tributaria\u201d.<\/p>\n<p style=\"text-align: justify;\">La autoridad tambi\u00e9n enfatiz\u00f3 que \u201cdesde el FOSIS estamos comprometidos en el desaf\u00edo de promover el acceso a informaci\u00f3n precisa y clara sobre tr\u00e1mites, principalmente asociados a la formalizaci\u00f3n de negocios, que muchas veces son complejos para quienes los realizan por primera vez o se est\u00e1n iniciando en el camino del emprendimiento\u201d.<\/p>\n<p style=\"text-align: justify;\">El N\u00facleo de Apoyo Fiscal es una iniciativa en la que estudiantes del AIEP \u2014capacitados especialmente por el Servicio de Impuestos Internos\u2014 ofrecen asistencia t\u00e9cnica virtual o presencial a personas usuarias de los programas del FOSIS.<\/p>\n<p style=\"text-align: justify;\">Las asistencias y apoyos abordar\u00e1n temas como el inicio de actividades, la declaraci\u00f3n del IVA, aspectos b\u00e1sicos de la declaraci\u00f3n de la renta y la tramitaci\u00f3n de documentos tributarios electr\u00f3nicos. Adem\u00e1s, la iniciativa entregar\u00e1 orientaci\u00f3n para acceder al beneficio del aval\u00fao fiscal para adultos mayores del Servicio de Impuestos Internos.<\/p>\n<p style=\"text-align: justify;\">Por su parte, el N\u00facleo de Apoyo a los Negocios aborda materias como recursos humanos, finanzas y marketing, y ofrece asistencia a personas que reci\u00e9n comienzan a dar forma a sus emprendimientos.<\/p>\n<p style=\"text-align: justify;\">Los requisitos para inscribirse en las iniciativas son: ser mayor de 18 a\u00f1os y contar con Clave\u00danica. Las inscripciones estar\u00e1n abiertas hasta el 30 de septiembre en www.fosis.gob.cl.<\/p>\n<\/div><\/section><\/div><div  style='height:50px' class='hr hr-invisible   avia-builder-el-6  el_after_av_one_full  el_before_av_social_share '><span class='hr-inner ' ><span class='hr-inner-style'><\/span><\/span><\/div><\/p>\n<div  class='av-social-sharing-box  avia-builder-el-7  el_after_av_hr  el_before_av_hr  '><div class='av-share-box'><h5 class='av-share-link-description av-no-toc '>Compartir esta noticia<\/h5><ul class='av-share-box-list noLightbox'><li class='av-share-link av-social-link-facebook' ><a target=\"_blank\" aria-label=\"Compartir en Facebook\" href='https:\/\/www.facebook.com\/sharer.php?u=https:\/\/radiorevelacionfm.cl\/?p=59057&#038;t=Abren%20inscripciones%20para%20que%20personas%20emprendedoras%20accedan%20a%20capacitaciones%20y%20apoyo%20en%20materias%20tributarias' aria-hidden='false' data-av_icon='\ue8f3' data-av_iconfont='entypo-fontello' title='' data-avia-related-tooltip='Compartir en Facebook' rel=\"noopener\"><span class='avia_hidden_link_text'>Compartir en Facebook<\/span><\/a><\/li><li class='av-share-link av-social-link-twitter' ><a target=\"_blank\" aria-label=\"Compartir en Twitter\" href='https:\/\/twitter.com\/share?text=Abren%20inscripciones%20para%20que%20personas%20emprendedoras%20accedan%20a%20capacitaciones%20y%20apoyo%20en%20materias%20tributarias&#038;url=https:\/\/radiorevelacionfm.cl\/?p=59057' aria-hidden='false' data-av_icon='\ue8f1' data-av_iconfont='entypo-fontello' title='' data-avia-related-tooltip='Compartir en Twitter' rel=\"noopener\"><span class='avia_hidden_link_text'>Compartir en Twitter<\/span><\/a><\/li><li class='av-share-link av-social-link-whatsapp' ><a target=\"_blank\" aria-label=\"Compartir en Whatsapp\" href='https:\/\/api.whatsapp.com\/send?text=https:\/\/radiorevelacionfm.cl\/?p=59057' aria-hidden='false' data-av_icon='\uf232' data-av_iconfont='entypo-fontello' title='' data-avia-related-tooltip='Compartir en Whatsapp' rel=\"noopener\"><span class='avia_hidden_link_text'>Compartir en Whatsapp<\/span><\/a><\/li><li class='av-share-link av-social-link-linkedin' ><a target=\"_blank\" aria-label=\"Compartir en LinkedIn\" href='https:\/\/linkedin.com\/shareArticle?mini=true&#038;title=Abren%20inscripciones%20para%20que%20personas%20emprendedoras%20accedan%20a%20capacitaciones%20y%20apoyo%20en%20materias%20tributarias&#038;url=https:\/\/radiorevelacionfm.cl\/?p=59057' aria-hidden='false' data-av_icon='\ue8fc' data-av_iconfont='entypo-fontello' title='' data-avia-related-tooltip='Compartir en LinkedIn' rel=\"noopener\"><span class='avia_hidden_link_text'>Compartir en LinkedIn<\/span><\/a><\/li><li class='av-share-link av-social-link-mail' ><a  aria-label=\"Compartir por correo\" href='mailto:?subject=Abren%20inscripciones%20para%20que%20personas%20emprendedoras%20accedan%20a%20capacitaciones%20y%20apoyo%20en%20materias%20tributarias&#038;body=https:\/\/radiorevelacionfm.cl\/?p=59057' aria-hidden='false' data-av_icon='\ue805' data-av_iconfont='entypo-fontello' title='' data-avia-related-tooltip='Compartir por correo'><span class='avia_hidden_link_text'>Compartir por correo<\/span><\/a><\/li><\/ul><\/div><\/div>\n<div  style='height:50px' class='hr hr-invisible   avia-builder-el-8  el_after_av_social_share  el_before_av_comments_list '><span class='hr-inner ' ><span class='hr-inner-style'><\/span><\/span><\/div>\n<div  class='av-buildercomment  av-blog-meta-html-info-disabled av-blog-meta-tag-disabled  '><\/div>\n","protected":false},"excerpt":{"rendered":"","protected":false},"author":1,"featured_media":59058,"comment_status":"closed","ping_status":"closed","sticky":false,"template":"","format":"standard","meta":{"footnotes":""},"categories":[38],"tags":[],"class_list":["post-59057","post","type-post","status-publish","format-standard","has-post-thumbnail","hentry","category-regional"],"jetpack_featured_media_url":"https:\/\/radiorevelacionfm.cl\/wp-content\/uploads\/2025\/09\/FOSIS-AIEP-1-1-1.jpg","_links":{"self":[{"href":"https:\/\/radiorevelacionfm.cl\/index.php?rest_route=\/wp\/v2\/posts\/59057","targetHints":{"allow":["GET"]}}],"collection":[{"href":"https:\/\/radiorevelacionfm.cl\/index.php?rest_route=\/wp\/v2\/posts"}],"about":[{"href":"https:\/\/radiorevelacionfm.cl\/index.php?rest_route=\/wp\/v2\/types\/post"}],"author":[{"embeddable":true,"href":"https:\/\/radiorevelacionfm.cl\/index.php?rest_route=\/wp\/v2\/users\/1"}],"replies":[{"embeddable":true,"href":"https:\/\/radiorevelacionfm.cl\/index.php?rest_route=%2Fwp%2Fv2%2Fcomments&post=59057"}],"version-history":[{"count":2,"href":"https:\/\/radiorevelacionfm.cl\/index.php?rest_route=\/wp\/v2\/posts\/59057\/revisions"}],"predecessor-version":[{"id":59062,"href":"https:\/\/radiorevelacionfm.cl\/index.php?rest_route=\/wp\/v2\/posts\/59057\/revisions\/59062"}],"wp:featuredmedia":[{"embeddable":true,"href":"https:\/\/radiorevelacionfm.cl\/index.php?rest_route=\/wp\/v2\/media\/59058"}],"wp:attachment":[{"href":"https:\/\/radiorevelacionfm.cl\/index.php?rest_route=%2Fwp%2Fv2%2Fmedia&parent=59057"}],"wp:term":[{"taxonomy":"category","embeddable":true,"href":"https:\/\/radiorevelacionfm.cl\/index.php?rest_route=%2Fwp%2Fv2%2Fcategories&post=59057"},{"taxonomy":"post_tag","embeddable":true,"href":"https:\/\/radiorevelacionfm.cl\/index.php?rest_route=%2Fwp%2Fv2%2Ftags&post=59057"}],"curies":[{"name":"wp","href":"https:\/\/api.w.org\/{rel}","templated":true}]}}