{"id":59052,"date":"2025-09-15T11:17:43","date_gmt":"2025-09-15T14:17:43","guid":{"rendered":"https:\/\/radiorevelacionfm.cl\/?p=59052"},"modified":"2025-09-15T11:17:43","modified_gmt":"2025-09-15T14:17:43","slug":"ensena-chile-busca-jovenes-que-quieran-liderar-el-cambio-y-transformar-el-pais","status":"publish","type":"post","link":"https:\/\/radiorevelacionfm.cl\/?p=59052","title":{"rendered":"Ense\u00f1a Chile busca j\u00f3venes que quieran liderar el cambio y transformar el pa\u00eds"},"content":{"rendered":"<div class=\"flex_column av_one_full  flex_column_div av-zero-column-padding first  avia-builder-el-0  el_before_av_one_full  avia-builder-el-first  \" style='border-radius:0px; '><div  class='avia-image-container  av-styling-    avia-builder-el-1  avia-builder-el-no-sibling  avia-align-center '  itemprop=\"image\" itemscope=\"itemscope\" itemtype=\"https:\/\/schema.org\/ImageObject\"  ><div class='avia-image-container-inner'><div class='avia-image-overlay-wrap'><img decoding=\"async\" class='wp-image-59053 avia-img-lazy-loading-not-59053 avia_image' src=\"https:\/\/radiorevelacionfm.cl\/wp-content\/uploads\/2025\/09\/foto1-18_optimized.jpg\" alt='' title='foto1-(18)_optimized' height=\"600\" width=\"800\"  itemprop=\"thumbnailUrl\" srcset=\"https:\/\/radiorevelacionfm.cl\/wp-content\/uploads\/2025\/09\/foto1-18_optimized.jpg 800w, https:\/\/radiorevelacionfm.cl\/wp-content\/uploads\/2025\/09\/foto1-18_optimized-300x225.jpg 300w, https:\/\/radiorevelacionfm.cl\/wp-content\/uploads\/2025\/09\/foto1-18_optimized-768x576.jpg 768w, https:\/\/radiorevelacionfm.cl\/wp-content\/uploads\/2025\/09\/foto1-18_optimized-705x529.jpg 705w, https:\/\/radiorevelacionfm.cl\/wp-content\/uploads\/2025\/09\/foto1-18_optimized-450x338.jpg 450w, https:\/\/radiorevelacionfm.cl\/wp-content\/uploads\/2025\/09\/foto1-18_optimized-600x450.jpg 600w\" sizes=\"(max-width: 800px) 100vw, 800px\" \/><\/div><\/div><\/div><\/div><div class=\"flex_column av_one_full  flex_column_div av-zero-column-padding first  avia-builder-el-2  el_after_av_one_full  el_before_av_one_full  column-top-margin\" style='border-radius:0px; '><section class=\"av_textblock_section \"  itemscope=\"itemscope\" itemtype=\"https:\/\/schema.org\/BlogPosting\" itemprop=\"blogPost\" ><div class='avia_textblock  '   itemprop=\"text\" ><p style=\"text-align: center;\"><span style=\"font-size: 18pt;\"><b>Ense\u00f1a Chile busca j\u00f3venes que quieran liderar el cambio y transformar el pa\u00eds<\/b>\u00a0<\/span><\/p>\n<div id=\"gtx-trans\" style=\"position: absolute; left: -50px; top: 4.31534px;\">\n<div class=\"gtx-trans-icon\"><\/div>\n<\/div>\n<\/div><\/section><\/div><div class=\"flex_column av_one_full  flex_column_div av-zero-column-padding first  avia-builder-el-4  el_after_av_one_full  el_before_av_hr  column-top-margin\" style='border-radius:0px; '><section class=\"av_textblock_section \"  itemscope=\"itemscope\" itemtype=\"https:\/\/schema.org\/BlogPosting\" itemprop=\"blogPost\" ><div class='avia_textblock  '   itemprop=\"text\" ><ul>\n<li style=\"text-align: justify;\"><em>Un trabajo con impacto en la sociedad y a la vez desarrollo profesional y crecimiento personal. Esa es la oferta de la fundaci\u00f3n que lleva m\u00e1s de 15 a\u00f1os formando l\u00edderes que comienzan su trayectoria en una sala de clases para luego transformar Chile desde distintas \u00e1reas de desempe\u00f1o profesional.<\/em><\/li>\n<\/ul>\n<p style=\"text-align: justify;\">Con m\u00e1s de 2.000 postulantes anuales, principalmente profesionales con experiencia laboral de 0 a 4 a\u00f1os, el Programa de Liderazgo Ense\u00f1a Chile ofrece a sus seleccionados un trabajo formal remunerado, acompa\u00f1ado de un programa formativo, con el objetivo de desarrollar en ellos habilidades clave que acelerar\u00e1 el crecimiento personal y potenciar\u00e1 su carrera profesional. Los egresados del programa se incorporar\u00e1n a una potente red de agentes de cambio, capaz de generar un efecto multiplicador en el potencial de impacto social de cada uno de sus integrantes.<\/p>\n<p style=\"text-align: justify;\">Los seleccionados trabajar\u00e1n por dos a\u00f1os como docentes remunerados a tiempo completo en establecimientos con alto \u00edndice de vulnerabilidad. Durante esta experiencia, ser\u00e1n acompa\u00f1ados por mentores de formaci\u00f3n que desarrollar\u00e1n en ellos competencias clave de liderazgo, resoluci\u00f3n de problemas, construcci\u00f3n de relaciones, perseverancia, planificaci\u00f3n, entre otras.<\/p>\n<p style=\"text-align: justify;\"><em>Jennifer Masotti, directora regional de la Patagonia enfatiza: <\/em><\/p>\n<p style=\"text-align: justify;\"><em>\u201cLa brecha educativa sigue siendo enorme. Y para avanzar de verdad, necesitamos a todas las generaciones colaborando con conocimiento, imaginaci\u00f3n, valent\u00eda y compromiso. <\/em><\/p>\n<p style=\"text-align: justify;\"><em>Que tu primer trabajo no sea solo un paso m\u00e1s. Que sea el comienzo de una vida con prop\u00f3sito, crecimiento y contribuci\u00f3n. Convi\u00e9rtete en el mejor profesional para Chile. Porque los l\u00edderes que el pa\u00eds necesita est\u00e1n construyendo el futuro desde hoy.\u201d<\/em><\/p>\n<p style=\"text-align: justify;\">Para postular es necesario contar con un t\u00edtulo profesional o licenciatura a diciembre 2025. Adem\u00e1s, es altamente deseable tener experiencia de liderazgo, tales como ayudant\u00edas, centros de estudiantes, voluntariados, iniciativas de impacto social, entre otras. En la zona se buscan especialmente perfiles de ingenier\u00eda, periodismo, letras, pedagog\u00edas en ense\u00f1anza media y ciencias como bioqu\u00edmica, bioingenier\u00eda o biotecnolog\u00eda.<\/p>\n<p style=\"text-align: justify;\">Con m\u00e1s de 15 a\u00f1os, el Programa de Liderazgo Ense\u00f1a Chile cuenta con m\u00e1s de mil egresados, adem\u00e1s de 140 profesionales en salas de clases de Tarapac\u00e1 hasta Magallanes, alcanzando a m\u00e1s de 250 mil estudiantes. Quienes deseen postular pueden hacerlo a trav\u00e9s de <a href=\"http:\/\/www.ensenachile.cl\/postula\">www.ensenachile.cl\/postula<\/a>. Para m\u00e1s informaci\u00f3n, pueden visitar las redes sociales oficiales de @ensenachile.<\/p>\n<p style=\"text-align: justify;\"><u>Acerca de Ense\u00f1a Chile<\/u><\/p>\n<p style=\"text-align: justify;\">Ense\u00f1a Chile es una fundaci\u00f3n sin fines de lucro, con m\u00e1s de 15 a\u00f1os de trayectoria que trabaja en red y desde el terreno para que ni\u00f1as, ni\u00f1os y j\u00f3venes accedan a educaci\u00f3n de calidad. Su modelo se basa en la construcci\u00f3n de una red amplia y diversa de l\u00edderes comprometidos con impactar al pa\u00eds, primero desde la sala de clases y luego desde distintas posiciones en la sociedad.<\/p>\n<p style=\"text-align: justify;\">La fundaci\u00f3n centra su labor en estudiantes, docentes y equipos directivos a trav\u00e9s de tres programas: forma y acompa\u00f1a a profesionales con y sin estudios de pedagog\u00eda para que transformen sus salas de clases; asesora a l\u00edderes escolares y equipos directivos en gesti\u00f3n, liderazgo y aprendizaje continuo; y conecta a comunidades educativas aisladas mediante tecnolog\u00eda satelital y capacitaci\u00f3n para docentes, estudiantes y familias.<\/p>\n<p style=\"text-align: justify;\">Actualmente, la fundaci\u00f3n cuenta con presencia en las regiones de Tarapac\u00e1, Antofagasta, Valpara\u00edso, Metropolitana, O\u2019Higgins, Maule, Biob\u00edo, La Araucan\u00eda, Los R\u00edos, Los Lagos, Ays\u00e9n y Magallanes.<\/p>\n<\/div><\/section><\/div><div  style='height:50px' class='hr hr-invisible   avia-builder-el-6  el_after_av_one_full  el_before_av_social_share '><span class='hr-inner ' ><span class='hr-inner-style'><\/span><\/span><\/div><\/p>\n<div  class='av-social-sharing-box  avia-builder-el-7  el_after_av_hr  el_before_av_hr  '><div class='av-share-box'><h5 class='av-share-link-description av-no-toc '>Compartir esta noticia<\/h5><ul class='av-share-box-list noLightbox'><li class='av-share-link av-social-link-facebook' ><a target=\"_blank\" aria-label=\"Compartir en Facebook\" href='https:\/\/www.facebook.com\/sharer.php?u=https:\/\/radiorevelacionfm.cl\/?p=59052&#038;t=Ense%C3%B1a%20Chile%20busca%20j%C3%B3venes%20que%20quieran%20liderar%20el%20cambio%20y%20transformar%20el%20pa%C3%ADs' aria-hidden='false' data-av_icon='\ue8f3' data-av_iconfont='entypo-fontello' title='' data-avia-related-tooltip='Compartir en Facebook' rel=\"noopener\"><span class='avia_hidden_link_text'>Compartir en Facebook<\/span><\/a><\/li><li class='av-share-link av-social-link-twitter' ><a target=\"_blank\" aria-label=\"Compartir en Twitter\" href='https:\/\/twitter.com\/share?text=Ense%C3%B1a%20Chile%20busca%20j%C3%B3venes%20que%20quieran%20liderar%20el%20cambio%20y%20transformar%20el%20pa%C3%ADs&#038;url=https:\/\/radiorevelacionfm.cl\/?p=59052' aria-hidden='false' data-av_icon='\ue8f1' data-av_iconfont='entypo-fontello' title='' data-avia-related-tooltip='Compartir en Twitter' rel=\"noopener\"><span class='avia_hidden_link_text'>Compartir en Twitter<\/span><\/a><\/li><li class='av-share-link av-social-link-whatsapp' ><a target=\"_blank\" aria-label=\"Compartir en Whatsapp\" href='https:\/\/api.whatsapp.com\/send?text=https:\/\/radiorevelacionfm.cl\/?p=59052' aria-hidden='false' data-av_icon='\uf232' data-av_iconfont='entypo-fontello' title='' data-avia-related-tooltip='Compartir en Whatsapp' rel=\"noopener\"><span class='avia_hidden_link_text'>Compartir en Whatsapp<\/span><\/a><\/li><li class='av-share-link av-social-link-linkedin' ><a target=\"_blank\" aria-label=\"Compartir en LinkedIn\" href='https:\/\/linkedin.com\/shareArticle?mini=true&#038;title=Ense%C3%B1a%20Chile%20busca%20j%C3%B3venes%20que%20quieran%20liderar%20el%20cambio%20y%20transformar%20el%20pa%C3%ADs&#038;url=https:\/\/radiorevelacionfm.cl\/?p=59052' aria-hidden='false' data-av_icon='\ue8fc' data-av_iconfont='entypo-fontello' title='' data-avia-related-tooltip='Compartir en LinkedIn' rel=\"noopener\"><span class='avia_hidden_link_text'>Compartir en LinkedIn<\/span><\/a><\/li><li class='av-share-link av-social-link-mail' ><a  aria-label=\"Compartir por correo\" href='mailto:?subject=Ense%C3%B1a%20Chile%20busca%20j%C3%B3venes%20que%20quieran%20liderar%20el%20cambio%20y%20transformar%20el%20pa%C3%ADs&#038;body=https:\/\/radiorevelacionfm.cl\/?p=59052' aria-hidden='false' data-av_icon='\ue805' data-av_iconfont='entypo-fontello' title='' data-avia-related-tooltip='Compartir por correo'><span class='avia_hidden_link_text'>Compartir por correo<\/span><\/a><\/li><\/ul><\/div><\/div>\n<div  style='height:50px' class='hr hr-invisible   avia-builder-el-8  el_after_av_social_share  el_before_av_comments_list '><span class='hr-inner ' ><span class='hr-inner-style'><\/span><\/span><\/div>\n<div  class='av-buildercomment  av-blog-meta-html-info-disabled av-blog-meta-tag-disabled  '><\/div>\n","protected":false},"excerpt":{"rendered":"","protected":false},"author":1,"featured_media":59053,"comment_status":"closed","ping_status":"closed","sticky":false,"template":"","format":"standard","meta":{"footnotes":""},"categories":[61],"tags":[],"class_list":["post-59052","post","type-post","status-publish","format-standard","has-post-thumbnail","hentry","category-nacional"],"jetpack_featured_media_url":"https:\/\/radiorevelacionfm.cl\/wp-content\/uploads\/2025\/09\/foto1-18_optimized.jpg","_links":{"self":[{"href":"https:\/\/radiorevelacionfm.cl\/index.php?rest_route=\/wp\/v2\/posts\/59052","targetHints":{"allow":["GET"]}}],"collection":[{"href":"https:\/\/radiorevelacionfm.cl\/index.php?rest_route=\/wp\/v2\/posts"}],"about":[{"href":"https:\/\/radiorevelacionfm.cl\/index.php?rest_route=\/wp\/v2\/types\/post"}],"author":[{"embeddable":true,"href":"https:\/\/radiorevelacionfm.cl\/index.php?rest_route=\/wp\/v2\/users\/1"}],"replies":[{"embeddable":true,"href":"https:\/\/radiorevelacionfm.cl\/index.php?rest_route=%2Fwp%2Fv2%2Fcomments&post=59052"}],"version-history":[{"count":2,"href":"https:\/\/radiorevelacionfm.cl\/index.php?rest_route=\/wp\/v2\/posts\/59052\/revisions"}],"predecessor-version":[{"id":59210,"href":"https:\/\/radiorevelacionfm.cl\/index.php?rest_route=\/wp\/v2\/posts\/59052\/revisions\/59210"}],"wp:featuredmedia":[{"embeddable":true,"href":"https:\/\/radiorevelacionfm.cl\/index.php?rest_route=\/wp\/v2\/media\/59053"}],"wp:attachment":[{"href":"https:\/\/radiorevelacionfm.cl\/index.php?rest_route=%2Fwp%2Fv2%2Fmedia&parent=59052"}],"wp:term":[{"taxonomy":"category","embeddable":true,"href":"https:\/\/radiorevelacionfm.cl\/index.php?rest_route=%2Fwp%2Fv2%2Fcategories&post=59052"},{"taxonomy":"post_tag","embeddable":true,"href":"https:\/\/radiorevelacionfm.cl\/index.php?rest_route=%2Fwp%2Fv2%2Ftags&post=59052"}],"curies":[{"name":"wp","href":"https:\/\/api.w.org\/{rel}","templated":true}]}}