{"id":59049,"date":"2025-09-11T16:38:59","date_gmt":"2025-09-11T19:38:59","guid":{"rendered":"https:\/\/radiorevelacionfm.cl\/?p=59049"},"modified":"2025-09-11T16:38:59","modified_gmt":"2025-09-11T19:38:59","slug":"diputada-raphael-y-entidades-patrocinantes-denuncian-cambios-en-subsidios-de-revestimiento-termico-es-un-golpe-a-los-adultos-mayores-y-familias-de-aysen","status":"publish","type":"post","link":"https:\/\/radiorevelacionfm.cl\/?p=59049","title":{"rendered":"Diputada Raphael y Entidades Patrocinantes denuncian cambios en subsidios de revestimiento t\u00e9rmico: \u201cEs un golpe a los adultos mayores y familias de Ays\u00e9n\u201d"},"content":{"rendered":"<div class=\"flex_column av_one_full  flex_column_div av-zero-column-padding first  avia-builder-el-0  el_before_av_one_full  avia-builder-el-first  \" style='border-radius:0px; '><div  class='avia-image-container  av-styling-    avia-builder-el-1  avia-builder-el-no-sibling  avia-align-center '  itemprop=\"image\" itemscope=\"itemscope\" itemtype=\"https:\/\/schema.org\/ImageObject\"  ><div class='avia-image-container-inner'><div class='avia-image-overlay-wrap'><img decoding=\"async\" class='wp-image-59050 avia-img-lazy-loading-not-59050 avia_image' src=\"https:\/\/radiorevelacionfm.cl\/wp-content\/uploads\/2025\/09\/diputada-y-asoc-entidades-patrocinantes-1_optimized.jpeg\" alt='' title='diputada-y-asoc-entidades-patrocinantes-(1)_optimized' height=\"615\" width=\"804\"  itemprop=\"thumbnailUrl\" srcset=\"https:\/\/radiorevelacionfm.cl\/wp-content\/uploads\/2025\/09\/diputada-y-asoc-entidades-patrocinantes-1_optimized.jpeg 804w, https:\/\/radiorevelacionfm.cl\/wp-content\/uploads\/2025\/09\/diputada-y-asoc-entidades-patrocinantes-1_optimized-300x229.jpeg 300w, https:\/\/radiorevelacionfm.cl\/wp-content\/uploads\/2025\/09\/diputada-y-asoc-entidades-patrocinantes-1_optimized-768x587.jpeg 768w, https:\/\/radiorevelacionfm.cl\/wp-content\/uploads\/2025\/09\/diputada-y-asoc-entidades-patrocinantes-1_optimized-705x539.jpeg 705w, https:\/\/radiorevelacionfm.cl\/wp-content\/uploads\/2025\/09\/diputada-y-asoc-entidades-patrocinantes-1_optimized-450x344.jpeg 450w, https:\/\/radiorevelacionfm.cl\/wp-content\/uploads\/2025\/09\/diputada-y-asoc-entidades-patrocinantes-1_optimized-600x459.jpeg 600w\" sizes=\"(max-width: 804px) 100vw, 804px\" \/><\/div><\/div><\/div><\/div><div class=\"flex_column av_one_full  flex_column_div av-zero-column-padding first  avia-builder-el-2  el_after_av_one_full  el_before_av_one_full  column-top-margin\" style='border-radius:0px; '><section class=\"av_textblock_section \"  itemscope=\"itemscope\" itemtype=\"https:\/\/schema.org\/BlogPosting\" itemprop=\"blogPost\" ><div class='avia_textblock  '   itemprop=\"text\" ><p style=\"text-align: center;\"><strong><span style=\"font-size: 18pt;\">Diputada Raphael y Entidades Patrocinantes denuncian cambios en subsidios de revestimiento t\u00e9rmico: \u201cEs un golpe a los adultos mayores y familias de Ays\u00e9n\u201d<\/span><\/strong><\/p>\n<div id=\"gtx-trans\" style=\"position: absolute; left: -50px; top: 4.31534px;\">\n<div class=\"gtx-trans-icon\"><\/div>\n<\/div>\n<\/div><\/section><\/div><div class=\"flex_column av_one_full  flex_column_div av-zero-column-padding first  avia-builder-el-4  el_after_av_one_full  el_before_av_hr  column-top-margin\" style='border-radius:0px; '><section class=\"av_textblock_section \"  itemscope=\"itemscope\" itemtype=\"https:\/\/schema.org\/BlogPosting\" itemprop=\"blogPost\" ><div class='avia_textblock  '   itemprop=\"text\" ><p style=\"text-align: justify;\"><em>La diputada por Ays\u00e9n afirm\u00f3 que<\/em><em> \u201clejos de fortalecer una pol\u00edtica p\u00fablica exitosa en descontaminaci\u00f3n ambiental y calidad de vida,<\/em><em> esto<\/em><em> viene a poner trabas, excluir y reducir el alcance de<\/em><em>l<\/em><em> beneficio<\/em><em>\u201d.<\/em><\/p>\n<p style=\"text-align: justify;\">La diputada por la Regi\u00f3n de Ays\u00e9n, Marcia Raphael Mora, manifest\u00f3 en la Comisi\u00f3n de Vivienda de la C\u00e1mara baja su profunda preocupaci\u00f3n y malestar frente a la Resoluci\u00f3n Exenta 1.229 del MINVU, que introduce modificaciones a la normativa que regula los subsidios para revestimientos t\u00e9rmicos. En tanto, desde la Asociaci\u00f3n de Entidades Patrocinantes respaldaron la intervenci\u00f3n de la parlamentaria y afirmaron que quedar\u00edan fuera de postulaci\u00f3n el 50% de los proyectos que llevan avanzados, principalmente de adultos mayores y familias vulnerables.<\/p>\n<p style=\"text-align: justify;\">Tras reunirse con la Asociaci\u00f3n de Entidades Patrocinantes y conocer el detalle la resoluci\u00f3n emanada desde el Ministerio de Vivienda y Urbanismo, la diputada (RN), Marcia Raphael, enfatiz\u00f3 en la Comisi\u00f3n de Vivienda los efectos m\u00e1s cr\u00edticos de la resoluci\u00f3n, \u201clo que tiene a hacer esta modificaci\u00f3n es aumentar los requisitos de postulaci\u00f3n, lo que dejar\u00eda a miles de familias sin acceso al subsidio. En esa l\u00ednea, se eliminaron los beneficios especiales para adultos mayores y grupos vulnerables, incluyendo la eliminaci\u00f3n del incremento del 40% del subsidio base\u201d.<\/p>\n<p style=\"text-align: justify;\">\u201cOtro aspecto que nos preocupa es la exclusi\u00f3n de viviendas sin regularizaci\u00f3n, muchas de ellas construidas por el propio SERVIU en \u00e9pocas donde no se exig\u00eda recepci\u00f3n municipal, siendo las que mayormente requieren del revestimiento. Adem\u00e1s, s\u00f3lo en nuestra regi\u00f3n, se exigir\u00e1 el Registro Social de Hogares y regularizaci\u00f3n previa a la postulaci\u00f3n, lo que generar\u00e1 falsas esperanzas en las familias, porque ocurrir\u00e1 que podr\u00edan aprobarse las regularizaciones, pero rechazarse sus postulaciones al subsidio\u201d, agreg\u00f3 la diputada.<\/p>\n<h3 style=\"text-align: justify;\"><span style=\"font-size: 12pt;\">Recursos insuficientes y retroceso<\/span><\/h3>\n<p style=\"text-align: justify;\">Marcia Raphael tambi\u00e9n cuestion\u00f3 la reducci\u00f3n de fondos destinados a este programa, 216.513 UF para subsidios del Plan de Descontaminaci\u00f3n Atmosf\u00e9rica (PDA), lo que equivale a 360 proyectos, y apenas 54.129 UF para subsidios t\u00e9rmicos generales, es decir, 108 proyectos.<\/p>\n<p style=\"text-align: justify;\">\u201cCon eso se cubre un universo m\u00ednimo frente a la necesidad real. Nuestras ciudades, especialmente, la capital regional, siguen estando entre las m\u00e1s contaminadas del mundo por material particulado fino. No podemos debilitar una pol\u00edtica p\u00fablica que ha sido una de las pocas realmente exitosas\u201d, expres\u00f3.<\/p>\n<p style=\"text-align: justify;\">La diputada tambi\u00e9n rechaz\u00f3 la recomendaci\u00f3n de expertos convocados por el Ministerio de Hacienda que sugieren eliminar el financiamiento del programa DS27, asegurando que hacerlo ser\u00eda \u201cun error hist\u00f3rico y un retroceso en la lucha contra la contaminaci\u00f3n\u201d.<\/p>\n<h3 style=\"text-align: justify;\"><span style=\"font-size: 12pt;\">Llamado al Gobierno de las Entidades Patrocinantes<\/span><\/h3>\n<p style=\"text-align: justify;\">Por su parte, el presidente de la Asociaci\u00f3n de Entidades Patrocinantes, Rosamel Vera, coment\u00f3 que \u201cnos preocupa que las condiciones de la resoluci\u00f3n 1.229, vengan a desmantelar las condiciones que nos permitieron ser la primera regi\u00f3n de Chile en lograr la meta del Plan de Descontaminaci\u00f3n Atmosf\u00e9rica (PDA)\u201d.<\/p>\n<p style=\"text-align: justify;\">\u201cLas condiciones actuales impiden atender a los adultos mayores, a quienes ya les hab\u00edamos preparado sus proyectos para postular este a\u00f1o, de hecho, estimamos que m\u00e1s del 50% de estos quedar\u00e1n fuera del beneficio con las actuales condiciones que han puesto en la resoluci\u00f3n\u201d, agreg\u00f3.<\/p>\n<p style=\"text-align: justify;\">Finalmente, Rosamel Vera, concluy\u00f3 sum\u00e1ndose al llamado al gobierno y al MINVU a reconsiderar la decisi\u00f3n, \u201cnos sumamos a la acci\u00f3n que est\u00e1 haciendo la diputada, y solicitamos al gobierno revertir esta decisi\u00f3n, dado que estos subsidios han promover la generaci\u00f3n de empleos, reducir el uso de calefacci\u00f3n contaminante, mejorar la salud de la poblaci\u00f3n y dignificar la vidade las personas\u201d.<\/p>\n<\/div><\/section><\/div><div  style='height:50px' class='hr hr-invisible   avia-builder-el-6  el_after_av_one_full  el_before_av_social_share '><span class='hr-inner ' ><span class='hr-inner-style'><\/span><\/span><\/div><\/p>\n<div  class='av-social-sharing-box  avia-builder-el-7  el_after_av_hr  el_before_av_hr  '><div class='av-share-box'><h5 class='av-share-link-description av-no-toc '>Compartir esta noticia<\/h5><ul class='av-share-box-list noLightbox'><li class='av-share-link av-social-link-facebook' ><a target=\"_blank\" aria-label=\"Compartir en Facebook\" href='https:\/\/www.facebook.com\/sharer.php?u=https:\/\/radiorevelacionfm.cl\/?p=59049&#038;t=Diputada%20Raphael%20y%20Entidades%20Patrocinantes%20denuncian%20cambios%20en%20subsidios%20de%20revestimiento%20t%C3%A9rmico%3A%20%E2%80%9CEs%20un%20golpe%20a%20los%20adultos%20mayores%20y%20familias%20de%20Ays%C3%A9n%E2%80%9D' aria-hidden='false' data-av_icon='\ue8f3' data-av_iconfont='entypo-fontello' title='' data-avia-related-tooltip='Compartir en Facebook' rel=\"noopener\"><span class='avia_hidden_link_text'>Compartir en Facebook<\/span><\/a><\/li><li class='av-share-link av-social-link-twitter' ><a target=\"_blank\" aria-label=\"Compartir en Twitter\" href='https:\/\/twitter.com\/share?text=Diputada%20Raphael%20y%20Entidades%20Patrocinantes%20denuncian%20cambios%20en%20subsidios%20de%20revestimiento%20t%C3%A9rmico%3A%20%E2%80%9CEs%20un%20golpe%20a%20los%20adultos%20mayores%20y%20familias%20de%20Ays%C3%A9n%E2%80%9D&#038;url=https:\/\/radiorevelacionfm.cl\/?p=59049' aria-hidden='false' data-av_icon='\ue8f1' data-av_iconfont='entypo-fontello' title='' data-avia-related-tooltip='Compartir en Twitter' rel=\"noopener\"><span class='avia_hidden_link_text'>Compartir en Twitter<\/span><\/a><\/li><li class='av-share-link av-social-link-whatsapp' ><a target=\"_blank\" aria-label=\"Compartir en Whatsapp\" href='https:\/\/api.whatsapp.com\/send?text=https:\/\/radiorevelacionfm.cl\/?p=59049' aria-hidden='false' data-av_icon='\uf232' data-av_iconfont='entypo-fontello' title='' data-avia-related-tooltip='Compartir en Whatsapp' rel=\"noopener\"><span class='avia_hidden_link_text'>Compartir en Whatsapp<\/span><\/a><\/li><li class='av-share-link av-social-link-linkedin' ><a target=\"_blank\" aria-label=\"Compartir en LinkedIn\" href='https:\/\/linkedin.com\/shareArticle?mini=true&#038;title=Diputada%20Raphael%20y%20Entidades%20Patrocinantes%20denuncian%20cambios%20en%20subsidios%20de%20revestimiento%20t%C3%A9rmico%3A%20%E2%80%9CEs%20un%20golpe%20a%20los%20adultos%20mayores%20y%20familias%20de%20Ays%C3%A9n%E2%80%9D&#038;url=https:\/\/radiorevelacionfm.cl\/?p=59049' aria-hidden='false' data-av_icon='\ue8fc' data-av_iconfont='entypo-fontello' title='' data-avia-related-tooltip='Compartir en LinkedIn' rel=\"noopener\"><span class='avia_hidden_link_text'>Compartir en LinkedIn<\/span><\/a><\/li><li class='av-share-link av-social-link-mail' ><a  aria-label=\"Compartir por correo\" href='mailto:?subject=Diputada%20Raphael%20y%20Entidades%20Patrocinantes%20denuncian%20cambios%20en%20subsidios%20de%20revestimiento%20t%C3%A9rmico%3A%20%E2%80%9CEs%20un%20golpe%20a%20los%20adultos%20mayores%20y%20familias%20de%20Ays%C3%A9n%E2%80%9D&#038;body=https:\/\/radiorevelacionfm.cl\/?p=59049' aria-hidden='false' data-av_icon='\ue805' data-av_iconfont='entypo-fontello' title='' data-avia-related-tooltip='Compartir por correo'><span class='avia_hidden_link_text'>Compartir por correo<\/span><\/a><\/li><\/ul><\/div><\/div>\n<div  style='height:50px' class='hr hr-invisible   avia-builder-el-8  el_after_av_social_share  el_before_av_comments_list '><span class='hr-inner ' ><span class='hr-inner-style'><\/span><\/span><\/div>\n<div  class='av-buildercomment  av-blog-meta-html-info-disabled av-blog-meta-tag-disabled  '><\/div>\n","protected":false},"excerpt":{"rendered":"","protected":false},"author":1,"featured_media":59050,"comment_status":"closed","ping_status":"closed","sticky":false,"template":"","format":"standard","meta":{"footnotes":""},"categories":[35],"tags":[],"class_list":["post-59049","post","type-post","status-publish","format-standard","has-post-thumbnail","hentry","category-politica"],"jetpack_featured_media_url":"https:\/\/radiorevelacionfm.cl\/wp-content\/uploads\/2025\/09\/diputada-y-asoc-entidades-patrocinantes-1_optimized.jpeg","_links":{"self":[{"href":"https:\/\/radiorevelacionfm.cl\/index.php?rest_route=\/wp\/v2\/posts\/59049","targetHints":{"allow":["GET"]}}],"collection":[{"href":"https:\/\/radiorevelacionfm.cl\/index.php?rest_route=\/wp\/v2\/posts"}],"about":[{"href":"https:\/\/radiorevelacionfm.cl\/index.php?rest_route=\/wp\/v2\/types\/post"}],"author":[{"embeddable":true,"href":"https:\/\/radiorevelacionfm.cl\/index.php?rest_route=\/wp\/v2\/users\/1"}],"replies":[{"embeddable":true,"href":"https:\/\/radiorevelacionfm.cl\/index.php?rest_route=%2Fwp%2Fv2%2Fcomments&post=59049"}],"version-history":[{"count":2,"href":"https:\/\/radiorevelacionfm.cl\/index.php?rest_route=\/wp\/v2\/posts\/59049\/revisions"}],"predecessor-version":[{"id":59084,"href":"https:\/\/radiorevelacionfm.cl\/index.php?rest_route=\/wp\/v2\/posts\/59049\/revisions\/59084"}],"wp:featuredmedia":[{"embeddable":true,"href":"https:\/\/radiorevelacionfm.cl\/index.php?rest_route=\/wp\/v2\/media\/59050"}],"wp:attachment":[{"href":"https:\/\/radiorevelacionfm.cl\/index.php?rest_route=%2Fwp%2Fv2%2Fmedia&parent=59049"}],"wp:term":[{"taxonomy":"category","embeddable":true,"href":"https:\/\/radiorevelacionfm.cl\/index.php?rest_route=%2Fwp%2Fv2%2Fcategories&post=59049"},{"taxonomy":"post_tag","embeddable":true,"href":"https:\/\/radiorevelacionfm.cl\/index.php?rest_route=%2Fwp%2Fv2%2Ftags&post=59049"}],"curies":[{"name":"wp","href":"https:\/\/api.w.org\/{rel}","templated":true}]}}