{"id":59045,"date":"2025-09-10T21:33:10","date_gmt":"2025-09-11T00:33:10","guid":{"rendered":"https:\/\/radiorevelacionfm.cl\/?p=59045"},"modified":"2025-09-10T21:33:10","modified_gmt":"2025-09-11T00:33:10","slug":"autoridades-regionales-realizan-balance-de-operacion-fortaleza-en-la-region-de-aysen","status":"publish","type":"post","link":"https:\/\/radiorevelacionfm.cl\/?p=59045","title":{"rendered":"Autoridades regionales realizan balance de operaci\u00f3n fortaleza en la regi\u00f3n de Ays\u00e9n"},"content":{"rendered":"<div class=\"flex_column av_one_full  flex_column_div av-zero-column-padding first  avia-builder-el-0  el_before_av_one_full  avia-builder-el-first  \" style='border-radius:0px; '><div  class='avia-image-container  av-styling-    avia-builder-el-1  avia-builder-el-no-sibling  avia-align-center '  itemprop=\"image\" itemscope=\"itemscope\" itemtype=\"https:\/\/schema.org\/ImageObject\"  ><div class='avia-image-container-inner'><div class='avia-image-overlay-wrap'><img decoding=\"async\" class='wp-image-59046 avia-img-lazy-loading-not-59046 avia_image' src=\"https:\/\/radiorevelacionfm.cl\/wp-content\/uploads\/2025\/09\/WhatsApp-Image-2025-09-10-at-5.37.18-PM-1-1.jpeg\" alt='' title='WhatsApp Image 2025-09-10 at 5.37.18 PM (1) (1)' height=\"600\" width=\"1067\"  itemprop=\"thumbnailUrl\" srcset=\"https:\/\/radiorevelacionfm.cl\/wp-content\/uploads\/2025\/09\/WhatsApp-Image-2025-09-10-at-5.37.18-PM-1-1.jpeg 1067w, https:\/\/radiorevelacionfm.cl\/wp-content\/uploads\/2025\/09\/WhatsApp-Image-2025-09-10-at-5.37.18-PM-1-1-300x169.jpeg 300w, https:\/\/radiorevelacionfm.cl\/wp-content\/uploads\/2025\/09\/WhatsApp-Image-2025-09-10-at-5.37.18-PM-1-1-1030x579.jpeg 1030w, https:\/\/radiorevelacionfm.cl\/wp-content\/uploads\/2025\/09\/WhatsApp-Image-2025-09-10-at-5.37.18-PM-1-1-768x432.jpeg 768w, https:\/\/radiorevelacionfm.cl\/wp-content\/uploads\/2025\/09\/WhatsApp-Image-2025-09-10-at-5.37.18-PM-1-1-705x396.jpeg 705w, https:\/\/radiorevelacionfm.cl\/wp-content\/uploads\/2025\/09\/WhatsApp-Image-2025-09-10-at-5.37.18-PM-1-1-450x253.jpeg 450w, https:\/\/radiorevelacionfm.cl\/wp-content\/uploads\/2025\/09\/WhatsApp-Image-2025-09-10-at-5.37.18-PM-1-1-600x337.jpeg 600w\" sizes=\"(max-width: 1067px) 100vw, 1067px\" \/><\/div><\/div><\/div><\/div><div class=\"flex_column av_one_full  flex_column_div av-zero-column-padding first  avia-builder-el-2  el_after_av_one_full  el_before_av_one_full  column-top-margin\" style='border-radius:0px; '><section class=\"av_textblock_section \"  itemscope=\"itemscope\" itemtype=\"https:\/\/schema.org\/BlogPosting\" itemprop=\"blogPost\" ><div class='avia_textblock  '   itemprop=\"text\" ><p style=\"text-align: center;\"><strong><span style=\"font-size: 18pt;\">Autoridades regionales realizan balance de operaci\u00f3n fortaleza en la regi\u00f3n de Ays\u00e9n<\/span><\/strong><\/p>\n<div id=\"gtx-trans\" style=\"position: absolute; left: -50px; top: 4.31534px;\">\n<div class=\"gtx-trans-icon\"><\/div>\n<\/div>\n<\/div><\/section><\/div><div class=\"flex_column av_one_full  flex_column_div av-zero-column-padding first  avia-builder-el-4  el_after_av_one_full  el_before_av_hr  column-top-margin\" style='border-radius:0px; '><section class=\"av_textblock_section \"  itemscope=\"itemscope\" itemtype=\"https:\/\/schema.org\/BlogPosting\" itemprop=\"blogPost\" ><div class='avia_textblock  '   itemprop=\"text\" ><ul>\n<li style=\"text-align: justify;\"><em>Detenidos, extranjeros denunciados, incautaci\u00f3n de drogas, veh\u00edculos y armas cortantes son los resultados de exitoso operativo masivo realizado por Carabineros y PDI.<\/em><\/li>\n<\/ul>\n<p style=\"text-align: justify;\">Este mi\u00e9rcoles, en un punto de prensa realizado en el Complejo Policial Coyhaique, la Seremi de Seguridad P\u00fablica, Carabineros y la Polic\u00eda de Investigaciones de Chile, se refirieron al balance de la \u201cOperaci\u00f3n Fortaleza\u201d, ronda nacional conjunta de ambas polic\u00edas que responde a un dise\u00f1o operativo integrado para combatir la criminalidad y contribuir a la seguridad p\u00fablica.<\/p>\n<p style=\"text-align: justify;\">Sobre los resultados operativos a nivel regional, la seremi de Seguridad P\u00fablica, Ruth Vallejos Cuiti\u00f1o, se\u00f1al\u00f3 que \u201ctenemos 48 detenidos en los servicios ordinarios y extraordinarios que se desplegaron durante estos tres d\u00edas. En dosis de droga, tenemos 294 dosis incautadas en estos operativos, adem\u00e1s de la incautaci\u00f3n de un veh\u00edculo y de dos armas cortantes. En total, fueron 3.120 controles y 261 infracciones de distinto tipo\u201d.<\/p>\n<p style=\"text-align: justify;\">La autoridad de seguridad regional subray\u00f3 que \u201cen el fondo es un operativo conjunto de ambas polic\u00edas y que m\u00e1s all\u00e1 de buscar resultados, buscan mostrar la presencia de este trabajo que se coordina y que est\u00e1 presente en todos los territorios. Ese es el objetivo general de estas rondas, de estos operativos impacto que, en este caso la operaci\u00f3n Fortaleza, pas\u00f3 a ser el segundo de este tipo y esperamos que vengan bastante m\u00e1s por los \u00e9xitos que hemos obtenido\u201d.<\/p>\n<p style=\"text-align: justify;\">Sobre las coordinaciones desarrolladas en torno a las pr\u00f3ximas fiestas patrias, agreg\u00f3 que \u201ctodos los servicios ya est\u00e1n organizados, la operaci\u00f3n para el 18 de septiembre est\u00e1 coordinada con los distintos estamentos fiscalizadores para poder desplegar un 18 seguro en la regi\u00f3n\u201d.<\/p>\n<p style=\"text-align: justify;\"><strong>Polic\u00eda de Investigaciones<\/strong><\/p>\n<p style=\"text-align: justify;\">Por su parte, el subprefecto V\u00edctor Toledo Escalona, jefe subrogante de la Regi\u00f3n Policial de Ays\u00e9n del General Carlos Ib\u00e1\u00f1ez del Campo, indic\u00f3 sobre los resultados de este operativo masivo que \u201cdentro de la Operaci\u00f3n Fortaleza, es que en los \u00faltimos d\u00edas comenzamos un trabajo colaborativo y mancomunado junto a Carabineros de Chile en la Regi\u00f3n de Ays\u00e9n, logrando detener a ciertas personas, que se manten\u00edan pr\u00f3fugas de la justicia, con \u00f3rdenes de detenci\u00f3n pendientes, como tambi\u00e9n a personas que, en situaci\u00f3n de flagrancia, fueron detenidas por microtr\u00e1fico de drogas\u201d.<\/p>\n<p style=\"text-align: justify;\">El oficial policial enfatiz\u00f3 que estos operativos coordinados permiten transmitir mayor seguridad a los habitantes de Ays\u00e9n, \u201ceste tipo de trabajo va a continuar, siempre orientado a llevar mejores resultados para disminuir la percepci\u00f3n de inseguridad entre los habitantes de la comuna\u201d.<\/p>\n<p style=\"text-align: justify;\">De acuerdo a lo informado por la PDI, este trabajo se focaliz\u00f3 en tres l\u00edneas, pr\u00f3fugos de la justicia, controles migratorios y controles de identidad y la neutralizaci\u00f3n de delitos que est\u00e1n ocurriendo en situaci\u00f3n de flagrancia. As\u00ed, el subprefecto Toledo recalc\u00f3 que \u201ceste servicio cont\u00f3 con varias etapas. Fuimos dise\u00f1ando diferentes modelos integrados junto a Carabineros de Chile, se fiscalizaron locales comerciales, se fiscalizaron locales nocturnos, se fiscalizaron algunas personas en la v\u00eda p\u00fablica, veh\u00edculos tambi\u00e9n, diferentes tipos de controles. Rescatar que este trabajo colaborativo permite transmitir mayor seguridad a los ciudadanos\u201d.<\/p>\n<p style=\"text-align: justify;\"><strong>Carabineros<\/strong><\/p>\n<p style=\"text-align: justify;\">Finalmente, el general Eduardo Palma Fuentes, jefe de la XI Zona de Carabineros de Ays\u00e9n, destac\u00f3 los resultados de la planificaci\u00f3n de servicios de este trabajo conjunto denominado \u201cOperaci\u00f3n Fortaleza\u201d, orientado a brindar m\u00e1s seguridad y protecci\u00f3n a la comunidad en v\u00edspera de fiestas patrias.<\/p>\n<p style=\"text-align: justify;\">\u201cLos resultados y la efectividad que ha tenido esta ronda por parte de Carabineros y la Polic\u00eda de Investigaciones, obedece a un trabajo planificado, donde ambas polic\u00edas nos reunimos para establecer los puntos de control y determinar las debilidades que era necesario controlar\u201d, indic\u00f3.<\/p>\n<p style=\"text-align: justify;\">El general Palma indic\u00f3 que delitos asociados a la ley 20.000 de drogas, as\u00ed como la detenci\u00f3n de pr\u00f3fugos de la justicia, fue lo mayormente detectado durante tres d\u00edas de servicio conjunto. \u201cEntre los delitos que mayormente afloraron en esta ronda en cuanto a resultados, fue efectivamente el tema del microtr\u00e1fico, pero no menor fue la cantidad de sujetos aprehendidos -en los controles- por diferentes delitos, entre estos, individuos que inclusive son de fuera de la regi\u00f3n y que vienen a realizar otras labores y que han sido sorprendidos y detenidos en virtud de estas \u00f3rdenes vigentes\u201d, se\u00f1al\u00f3 la m\u00e1xima autoridad de Carabineros en la Regi\u00f3n.<\/p>\n<p style=\"text-align: justify;\">Este tipo de operativos masivos a nivel nacional responden a una estrategia de trabajo coordinada entre las polic\u00edas y tiene como determinaci\u00f3n aunar la capacidad, competencias, conocimientos y experiencias para desarrollar estrategias para enfrentar la delincuencia. En este sentido, Carabineros y la Polic\u00eda de Investigaciones est\u00e1n en coordinaci\u00f3n, cruzando datos, planificando y materializando procedimientos en conjunto que permitan llevar a cabo investigaciones cada vez m\u00e1s robustas, m\u00e1s concretas y transversalizar antecedentes que permitan llevar adelante una estrategia de investigaci\u00f3n para enfrentar el crimen organizado en todo el territorio nacional.<\/p>\n<\/div><\/section><\/div><div  style='height:50px' class='hr hr-invisible   avia-builder-el-6  el_after_av_one_full  el_before_av_social_share '><span class='hr-inner ' ><span class='hr-inner-style'><\/span><\/span><\/div><\/p>\n<div  class='av-social-sharing-box  avia-builder-el-7  el_after_av_hr  el_before_av_hr  '><div class='av-share-box'><h5 class='av-share-link-description av-no-toc '>Compartir esta noticia<\/h5><ul class='av-share-box-list noLightbox'><li class='av-share-link av-social-link-facebook' ><a target=\"_blank\" aria-label=\"Compartir en Facebook\" href='https:\/\/www.facebook.com\/sharer.php?u=https:\/\/radiorevelacionfm.cl\/?p=59045&#038;t=Autoridades%20regionales%20realizan%20balance%20de%20operaci%C3%B3n%20fortaleza%20en%20la%20regi%C3%B3n%20de%20Ays%C3%A9n' aria-hidden='false' data-av_icon='\ue8f3' data-av_iconfont='entypo-fontello' title='' data-avia-related-tooltip='Compartir en Facebook' rel=\"noopener\"><span class='avia_hidden_link_text'>Compartir en Facebook<\/span><\/a><\/li><li class='av-share-link av-social-link-twitter' ><a target=\"_blank\" aria-label=\"Compartir en Twitter\" href='https:\/\/twitter.com\/share?text=Autoridades%20regionales%20realizan%20balance%20de%20operaci%C3%B3n%20fortaleza%20en%20la%20regi%C3%B3n%20de%20Ays%C3%A9n&#038;url=https:\/\/radiorevelacionfm.cl\/?p=59045' aria-hidden='false' data-av_icon='\ue8f1' data-av_iconfont='entypo-fontello' title='' data-avia-related-tooltip='Compartir en Twitter' rel=\"noopener\"><span class='avia_hidden_link_text'>Compartir en Twitter<\/span><\/a><\/li><li class='av-share-link av-social-link-whatsapp' ><a target=\"_blank\" aria-label=\"Compartir en Whatsapp\" href='https:\/\/api.whatsapp.com\/send?text=https:\/\/radiorevelacionfm.cl\/?p=59045' aria-hidden='false' data-av_icon='\uf232' data-av_iconfont='entypo-fontello' title='' data-avia-related-tooltip='Compartir en Whatsapp' rel=\"noopener\"><span class='avia_hidden_link_text'>Compartir en Whatsapp<\/span><\/a><\/li><li class='av-share-link av-social-link-linkedin' ><a target=\"_blank\" aria-label=\"Compartir en LinkedIn\" href='https:\/\/linkedin.com\/shareArticle?mini=true&#038;title=Autoridades%20regionales%20realizan%20balance%20de%20operaci%C3%B3n%20fortaleza%20en%20la%20regi%C3%B3n%20de%20Ays%C3%A9n&#038;url=https:\/\/radiorevelacionfm.cl\/?p=59045' aria-hidden='false' data-av_icon='\ue8fc' data-av_iconfont='entypo-fontello' title='' data-avia-related-tooltip='Compartir en LinkedIn' rel=\"noopener\"><span class='avia_hidden_link_text'>Compartir en LinkedIn<\/span><\/a><\/li><li class='av-share-link av-social-link-mail' ><a  aria-label=\"Compartir por correo\" href='mailto:?subject=Autoridades%20regionales%20realizan%20balance%20de%20operaci%C3%B3n%20fortaleza%20en%20la%20regi%C3%B3n%20de%20Ays%C3%A9n&#038;body=https:\/\/radiorevelacionfm.cl\/?p=59045' aria-hidden='false' data-av_icon='\ue805' data-av_iconfont='entypo-fontello' title='' data-avia-related-tooltip='Compartir por correo'><span class='avia_hidden_link_text'>Compartir por correo<\/span><\/a><\/li><\/ul><\/div><\/div>\n<div  style='height:50px' class='hr hr-invisible   avia-builder-el-8  el_after_av_social_share  el_before_av_comments_list '><span class='hr-inner ' ><span class='hr-inner-style'><\/span><\/span><\/div>\n<div  class='av-buildercomment  av-blog-meta-html-info-disabled av-blog-meta-tag-disabled  '><\/div>\n","protected":false},"excerpt":{"rendered":"","protected":false},"author":1,"featured_media":59046,"comment_status":"closed","ping_status":"closed","sticky":false,"template":"","format":"standard","meta":{"footnotes":""},"categories":[36],"tags":[],"class_list":["post-59045","post","type-post","status-publish","format-standard","has-post-thumbnail","hentry","category-policial"],"jetpack_featured_media_url":"https:\/\/radiorevelacionfm.cl\/wp-content\/uploads\/2025\/09\/WhatsApp-Image-2025-09-10-at-5.37.18-PM-1-1.jpeg","_links":{"self":[{"href":"https:\/\/radiorevelacionfm.cl\/index.php?rest_route=\/wp\/v2\/posts\/59045","targetHints":{"allow":["GET"]}}],"collection":[{"href":"https:\/\/radiorevelacionfm.cl\/index.php?rest_route=\/wp\/v2\/posts"}],"about":[{"href":"https:\/\/radiorevelacionfm.cl\/index.php?rest_route=\/wp\/v2\/types\/post"}],"author":[{"embeddable":true,"href":"https:\/\/radiorevelacionfm.cl\/index.php?rest_route=\/wp\/v2\/users\/1"}],"replies":[{"embeddable":true,"href":"https:\/\/radiorevelacionfm.cl\/index.php?rest_route=%2Fwp%2Fv2%2Fcomments&post=59045"}],"version-history":[{"count":2,"href":"https:\/\/radiorevelacionfm.cl\/index.php?rest_route=\/wp\/v2\/posts\/59045\/revisions"}],"predecessor-version":[{"id":59048,"href":"https:\/\/radiorevelacionfm.cl\/index.php?rest_route=\/wp\/v2\/posts\/59045\/revisions\/59048"}],"wp:featuredmedia":[{"embeddable":true,"href":"https:\/\/radiorevelacionfm.cl\/index.php?rest_route=\/wp\/v2\/media\/59046"}],"wp:attachment":[{"href":"https:\/\/radiorevelacionfm.cl\/index.php?rest_route=%2Fwp%2Fv2%2Fmedia&parent=59045"}],"wp:term":[{"taxonomy":"category","embeddable":true,"href":"https:\/\/radiorevelacionfm.cl\/index.php?rest_route=%2Fwp%2Fv2%2Fcategories&post=59045"},{"taxonomy":"post_tag","embeddable":true,"href":"https:\/\/radiorevelacionfm.cl\/index.php?rest_route=%2Fwp%2Fv2%2Ftags&post=59045"}],"curies":[{"name":"wp","href":"https:\/\/api.w.org\/{rel}","templated":true}]}}