{"id":59042,"date":"2025-09-11T09:25:29","date_gmt":"2025-09-11T12:25:29","guid":{"rendered":"https:\/\/radiorevelacionfm.cl\/?p=59042"},"modified":"2025-09-11T09:25:29","modified_gmt":"2025-09-11T12:25:29","slug":"jaime-alvarez-astete-presto-juramento-como-fiscal-judicial-titular-de-la-corte-de-apelaciones-de-coyhaique","status":"publish","type":"post","link":"https:\/\/radiorevelacionfm.cl\/?p=59042","title":{"rendered":"Jaime \u00c1lvarez Astete prest\u00f3 juramento como fiscal judicial titular de la Corte de Apelaciones de Coyhaique"},"content":{"rendered":"<div class=\"flex_column av_one_full  flex_column_div av-zero-column-padding first  avia-builder-el-0  el_before_av_one_full  avia-builder-el-first  \" style='border-radius:0px; '><div  class='avia-image-container  av-styling-    avia-builder-el-1  avia-builder-el-no-sibling  avia-align-center '  itemprop=\"image\" itemscope=\"itemscope\" itemtype=\"https:\/\/schema.org\/ImageObject\"  ><div class='avia-image-container-inner'><div class='avia-image-overlay-wrap'><img decoding=\"async\" class='wp-image-59043 avia-img-lazy-loading-not-59043 avia_image' src=\"https:\/\/radiorevelacionfm.cl\/wp-content\/uploads\/2025\/09\/Jaime-Alvarez-fiscal-judicial-2-1-1.jpg\" alt='' title='Jaime Alvarez fiscal judicial 2 (1) (1)' height=\"600\" width=\"868\"  itemprop=\"thumbnailUrl\" srcset=\"https:\/\/radiorevelacionfm.cl\/wp-content\/uploads\/2025\/09\/Jaime-Alvarez-fiscal-judicial-2-1-1.jpg 868w, https:\/\/radiorevelacionfm.cl\/wp-content\/uploads\/2025\/09\/Jaime-Alvarez-fiscal-judicial-2-1-1-300x207.jpg 300w, https:\/\/radiorevelacionfm.cl\/wp-content\/uploads\/2025\/09\/Jaime-Alvarez-fiscal-judicial-2-1-1-768x531.jpg 768w, https:\/\/radiorevelacionfm.cl\/wp-content\/uploads\/2025\/09\/Jaime-Alvarez-fiscal-judicial-2-1-1-705x487.jpg 705w, https:\/\/radiorevelacionfm.cl\/wp-content\/uploads\/2025\/09\/Jaime-Alvarez-fiscal-judicial-2-1-1-450x311.jpg 450w, https:\/\/radiorevelacionfm.cl\/wp-content\/uploads\/2025\/09\/Jaime-Alvarez-fiscal-judicial-2-1-1-600x415.jpg 600w\" sizes=\"(max-width: 868px) 100vw, 868px\" \/><\/div><\/div><\/div><\/div><div class=\"flex_column av_one_full  flex_column_div av-zero-column-padding first  avia-builder-el-2  el_after_av_one_full  el_before_av_one_full  column-top-margin\" style='border-radius:0px; '><section class=\"av_textblock_section \"  itemscope=\"itemscope\" itemtype=\"https:\/\/schema.org\/BlogPosting\" itemprop=\"blogPost\" ><div class='avia_textblock  '   itemprop=\"text\" ><p style=\"text-align: center;\"><span style=\"font-size: 18pt;\"><b>Jaime \u00c1lvarez Astete prest\u00f3 juramento como fiscal judicial titular de la Corte de Apelaciones de Coyhaique<\/b><\/span><\/p>\n<div id=\"gtx-trans\" style=\"position: absolute; left: -50px; top: 4.31534px;\">\n<div class=\"gtx-trans-icon\"><\/div>\n<\/div>\n<\/div><\/section><\/div><div class=\"flex_column av_one_full  flex_column_div av-zero-column-padding first  avia-builder-el-4  el_after_av_one_full  el_before_av_hr  column-top-margin\" style='border-radius:0px; '><section class=\"av_textblock_section \"  itemscope=\"itemscope\" itemtype=\"https:\/\/schema.org\/BlogPosting\" itemprop=\"blogPost\" ><div class='avia_textblock  '   itemprop=\"text\" ><p style=\"font-weight: 400; text-align: justify;\">El presidente de la Corte de Apelaciones de Coyhaique, Pedro Castro Espinoza, tom\u00f3 juramento ayer -martes 9 de septiembre- a Jaime \u00c1lvarez Astete, quien asumi\u00f3 como fiscal judicial titular del tribunal de alzada.<\/p>\n<p style=\"font-weight: 400; text-align: justify;\">La ceremonia se realiz\u00f3 en la sala de alegatos y cont\u00f3 con la presencia de los ministros Jos\u00e9 Ignacio Mora y Natalia Rencoret, junto a funcionarios judiciales.<\/p>\n<p style=\"font-weight: 400; text-align: justify;\">\u201cHe asumido con mucha alegr\u00eda y esperanza el cargo de fiscal judicial de la Ilustr\u00edsima Corte de Apelaciones de Coyhaique, con el firme prop\u00f3sito de desempe\u00f1ar cada d\u00eda mejor mi labor y seguir aprendiendo de las diversas situaciones que antes observaba a cierta distancia. Si bien ya hab\u00eda tenido la oportunidad de integrar Sala con ministros en la Corte de Apelaciones de Punta Arenas, en esta ocasi\u00f3n asumo la titularidad como fiscal judicial, lo que constituye un gran desaf\u00edo y motivo de orgullo\u201d, sostuvo el fiscal \u00c1lvarez.<\/p>\n<p style=\"font-weight: 400; text-align: justify;\">Agreg\u00f3 que: \u201ceste nombramiento representa un paso muy importante en mi carrera. La ciudad me parece hermosa y acogedora, y espero poder desarrollar aqu\u00ed un buen trabajo. Cuento con todo el \u00e1nimo, compromiso y empe\u00f1o para hacerlo, y conf\u00edo en contar con la colaboraci\u00f3n de todos los funcionarios y funcionarias de esta Ilustr\u00edsima Corte\u201d.<\/p>\n<p style=\"font-weight: 400; text-align: justify;\"><strong>Trayectoria<\/strong><\/p>\n<p style=\"font-weight: 400; text-align: justify;\">El magistrado \u00c1lvarez Astete ingres\u00f3 al Poder Judicial en 1995 como oficial segundo en el 18\u00b0 Juzgado del Crimen de Santiago. En 1998 fue nombrado secretario del Juzgado de Letras de Combarbal\u00e1, mismo cargo que en 1999 asumi\u00f3 en el Juzgado de Letras de Ca\u00f1ete, y en 2000 fue designado como juez de Garant\u00eda de Ovalle.<\/p>\n<p style=\"font-weight: 400; text-align: justify;\">Jaime \u00c1lvarez Astete arrib\u00f3 a Magallanes en 2002 como juez de Garant\u00eda de Punta Arenas. Desde 2014 ejerci\u00f3 como juez del Tribunal Oral en lo Penal de la capital regional y, adem\u00e1s, ha sido ministro suplente de la Corte de Apelaciones en varias ocasiones.<\/p>\n<\/div><\/section><\/div><div  style='height:50px' class='hr hr-invisible   avia-builder-el-6  el_after_av_one_full  el_before_av_social_share '><span class='hr-inner ' ><span class='hr-inner-style'><\/span><\/span><\/div><\/p>\n<div  class='av-social-sharing-box  avia-builder-el-7  el_after_av_hr  el_before_av_hr  '><div class='av-share-box'><h5 class='av-share-link-description av-no-toc '>Compartir esta noticia<\/h5><ul class='av-share-box-list noLightbox'><li class='av-share-link av-social-link-facebook' ><a target=\"_blank\" aria-label=\"Compartir en Facebook\" href='https:\/\/www.facebook.com\/sharer.php?u=https:\/\/radiorevelacionfm.cl\/?p=59042&#038;t=Jaime%20%C3%81lvarez%20Astete%20prest%C3%B3%20juramento%20como%20fiscal%20judicial%20titular%20de%20la%20Corte%20de%20Apelaciones%20de%20Coyhaique' aria-hidden='false' data-av_icon='\ue8f3' data-av_iconfont='entypo-fontello' title='' data-avia-related-tooltip='Compartir en Facebook' rel=\"noopener\"><span class='avia_hidden_link_text'>Compartir en Facebook<\/span><\/a><\/li><li class='av-share-link av-social-link-twitter' ><a target=\"_blank\" aria-label=\"Compartir en Twitter\" href='https:\/\/twitter.com\/share?text=Jaime%20%C3%81lvarez%20Astete%20prest%C3%B3%20juramento%20como%20fiscal%20judicial%20titular%20de%20la%20Corte%20de%20Apelaciones%20de%20Coyhaique&#038;url=https:\/\/radiorevelacionfm.cl\/?p=59042' aria-hidden='false' data-av_icon='\ue8f1' data-av_iconfont='entypo-fontello' title='' data-avia-related-tooltip='Compartir en Twitter' rel=\"noopener\"><span class='avia_hidden_link_text'>Compartir en Twitter<\/span><\/a><\/li><li class='av-share-link av-social-link-whatsapp' ><a target=\"_blank\" aria-label=\"Compartir en Whatsapp\" href='https:\/\/api.whatsapp.com\/send?text=https:\/\/radiorevelacionfm.cl\/?p=59042' aria-hidden='false' data-av_icon='\uf232' data-av_iconfont='entypo-fontello' title='' data-avia-related-tooltip='Compartir en Whatsapp' rel=\"noopener\"><span class='avia_hidden_link_text'>Compartir en Whatsapp<\/span><\/a><\/li><li class='av-share-link av-social-link-linkedin' ><a target=\"_blank\" aria-label=\"Compartir en LinkedIn\" href='https:\/\/linkedin.com\/shareArticle?mini=true&#038;title=Jaime%20%C3%81lvarez%20Astete%20prest%C3%B3%20juramento%20como%20fiscal%20judicial%20titular%20de%20la%20Corte%20de%20Apelaciones%20de%20Coyhaique&#038;url=https:\/\/radiorevelacionfm.cl\/?p=59042' aria-hidden='false' data-av_icon='\ue8fc' data-av_iconfont='entypo-fontello' title='' data-avia-related-tooltip='Compartir en LinkedIn' rel=\"noopener\"><span class='avia_hidden_link_text'>Compartir en LinkedIn<\/span><\/a><\/li><li class='av-share-link av-social-link-mail' ><a  aria-label=\"Compartir por correo\" href='mailto:?subject=Jaime%20%C3%81lvarez%20Astete%20prest%C3%B3%20juramento%20como%20fiscal%20judicial%20titular%20de%20la%20Corte%20de%20Apelaciones%20de%20Coyhaique&#038;body=https:\/\/radiorevelacionfm.cl\/?p=59042' aria-hidden='false' data-av_icon='\ue805' data-av_iconfont='entypo-fontello' title='' data-avia-related-tooltip='Compartir por correo'><span class='avia_hidden_link_text'>Compartir por correo<\/span><\/a><\/li><\/ul><\/div><\/div>\n<div  style='height:50px' class='hr hr-invisible   avia-builder-el-8  el_after_av_social_share  el_before_av_comments_list '><span class='hr-inner ' ><span class='hr-inner-style'><\/span><\/span><\/div>\n<div  class='av-buildercomment  av-blog-meta-html-info-disabled av-blog-meta-tag-disabled  '><\/div>\n","protected":false},"excerpt":{"rendered":"","protected":false},"author":1,"featured_media":59043,"comment_status":"closed","ping_status":"closed","sticky":false,"template":"","format":"standard","meta":{"footnotes":""},"categories":[55],"tags":[],"class_list":["post-59042","post","type-post","status-publish","format-standard","has-post-thumbnail","hentry","category-justicia"],"jetpack_featured_media_url":"https:\/\/radiorevelacionfm.cl\/wp-content\/uploads\/2025\/09\/Jaime-Alvarez-fiscal-judicial-2-1-1.jpg","_links":{"self":[{"href":"https:\/\/radiorevelacionfm.cl\/index.php?rest_route=\/wp\/v2\/posts\/59042","targetHints":{"allow":["GET"]}}],"collection":[{"href":"https:\/\/radiorevelacionfm.cl\/index.php?rest_route=\/wp\/v2\/posts"}],"about":[{"href":"https:\/\/radiorevelacionfm.cl\/index.php?rest_route=\/wp\/v2\/types\/post"}],"author":[{"embeddable":true,"href":"https:\/\/radiorevelacionfm.cl\/index.php?rest_route=\/wp\/v2\/users\/1"}],"replies":[{"embeddable":true,"href":"https:\/\/radiorevelacionfm.cl\/index.php?rest_route=%2Fwp%2Fv2%2Fcomments&post=59042"}],"version-history":[{"count":2,"href":"https:\/\/radiorevelacionfm.cl\/index.php?rest_route=\/wp\/v2\/posts\/59042\/revisions"}],"predecessor-version":[{"id":59056,"href":"https:\/\/radiorevelacionfm.cl\/index.php?rest_route=\/wp\/v2\/posts\/59042\/revisions\/59056"}],"wp:featuredmedia":[{"embeddable":true,"href":"https:\/\/radiorevelacionfm.cl\/index.php?rest_route=\/wp\/v2\/media\/59043"}],"wp:attachment":[{"href":"https:\/\/radiorevelacionfm.cl\/index.php?rest_route=%2Fwp%2Fv2%2Fmedia&parent=59042"}],"wp:term":[{"taxonomy":"category","embeddable":true,"href":"https:\/\/radiorevelacionfm.cl\/index.php?rest_route=%2Fwp%2Fv2%2Fcategories&post=59042"},{"taxonomy":"post_tag","embeddable":true,"href":"https:\/\/radiorevelacionfm.cl\/index.php?rest_route=%2Fwp%2Fv2%2Ftags&post=59042"}],"curies":[{"name":"wp","href":"https:\/\/api.w.org\/{rel}","templated":true}]}}