{"id":5904,"date":"2021-07-03T17:55:00","date_gmt":"2021-07-03T20:55:00","guid":{"rendered":"https:\/\/radiorevelacionfm.cl\/?p=5904"},"modified":"2021-07-03T17:55:00","modified_gmt":"2021-07-03T20:55:00","slug":"consejeros-regionales-destacan-adjudicacion-de-contrato-para-hospital-de-chile-chico","status":"publish","type":"post","link":"https:\/\/radiorevelacionfm.cl\/?p=5904","title":{"rendered":"Consejeros regionales destacan adjudicaci\u00f3n de contrato para Hospital de Chile Chico"},"content":{"rendered":"<div class=\"flex_column av_one_full  flex_column_div av-zero-column-padding first  avia-builder-el-0  el_before_av_one_full  avia-builder-el-first  \" style='border-radius:0px; '><div  class='avia-image-container  av-styling-    avia-builder-el-1  avia-builder-el-no-sibling  avia-align-center '  itemprop=\"image\" itemscope=\"itemscope\" itemtype=\"https:\/\/schema.org\/ImageObject\"  ><div class='avia-image-container-inner'><div class='avia-image-overlay-wrap'><img decoding=\"async\" class='wp-image-5905 avia-img-lazy-loading-not-5905 avia_image' src=\"https:\/\/radiorevelacionfm.cl\/wp-content\/uploads\/2021\/07\/view-0_3-1-1_optimized.jpg\" alt='' title='view-0_3-(1)-(1)_optimized' height=\"600\" width=\"1200\"  itemprop=\"thumbnailUrl\" srcset=\"https:\/\/radiorevelacionfm.cl\/wp-content\/uploads\/2021\/07\/view-0_3-1-1_optimized.jpg 1200w, https:\/\/radiorevelacionfm.cl\/wp-content\/uploads\/2021\/07\/view-0_3-1-1_optimized-300x150.jpg 300w, https:\/\/radiorevelacionfm.cl\/wp-content\/uploads\/2021\/07\/view-0_3-1-1_optimized-1030x515.jpg 1030w, https:\/\/radiorevelacionfm.cl\/wp-content\/uploads\/2021\/07\/view-0_3-1-1_optimized-768x384.jpg 768w, https:\/\/radiorevelacionfm.cl\/wp-content\/uploads\/2021\/07\/view-0_3-1-1_optimized-705x353.jpg 705w, https:\/\/radiorevelacionfm.cl\/wp-content\/uploads\/2021\/07\/view-0_3-1-1_optimized-600x300.jpg 600w\" sizes=\"(max-width: 1200px) 100vw, 1200px\" \/><\/div><\/div><\/div><\/div><div class=\"flex_column av_one_full  flex_column_div av-zero-column-padding first  avia-builder-el-2  el_after_av_one_full  el_before_av_one_full  column-top-margin\" style='border-radius:0px; '><section class=\"av_textblock_section \"  itemscope=\"itemscope\" itemtype=\"https:\/\/schema.org\/BlogPosting\" itemprop=\"blogPost\" ><div class='avia_textblock  '   itemprop=\"text\" ><p style=\"text-align: center;\"><span style=\"font-size: 18pt;\"><strong>Consejeros regionales destacan adjudicaci\u00f3n de contrato para Hospital de Chile Chico<\/strong><\/span><\/p>\n<div id=\"gtx-trans\" style=\"position: absolute; left: -50px; top: 4.31534px;\">\n<div class=\"gtx-trans-icon\"><\/div>\n<\/div>\n<\/div><\/section><\/div><div class=\"flex_column av_one_full  flex_column_div av-zero-column-padding first  avia-builder-el-4  el_after_av_one_full  el_before_av_hr  column-top-margin\" style='border-radius:0px; '><section class=\"av_textblock_section \"  itemscope=\"itemscope\" itemtype=\"https:\/\/schema.org\/BlogPosting\" itemprop=\"blogPost\" ><div class='avia_textblock  '   itemprop=\"text\" ><p class=\"v1MsoNormal\" style=\"text-align: justify;\">Satisfacci\u00f3n por la adjudicaci\u00f3n del contrato del Hospital Doctor Leopoldo Ortega de Chile Chico, por parte de Contralor\u00eda Regional de Ays\u00e9n, expresaron consejeros regionales ante el avance de una demanda hist\u00f3rica de la comunidad.<\/p>\n<p class=\"v1MsoNormal\" style=\"text-align: justify;\">La normalizaci\u00f3n del recinto implica una inversi\u00f3n del Ministerio de Salud para una superficie cercana a 5.000 metros cuadrados de \u00e1reas de atenci\u00f3n abierta, cerrada, de urgencia y sus respectivas unidades de apoyo, en un plazo de ejecuci\u00f3n de poco m\u00e1s de dos a\u00f1os.<\/p>\n<p class=\"v1MsoNormal\" style=\"text-align: justify;\">El consejero por la provincia General Carrera Washington Medina recalc\u00f3 que este proyecto es una deuda con los habitantes de la provincia, considerando que la actual infraestructura no cumple con la normativa vigente para el desarrollo de programas y funcionalidad de un hospital de baja complejidad, en el marco del modelo de salud familiar.<\/p>\n<p class=\"v1MsoNormal\" style=\"text-align: justify;\">\u00abEl proyecto sigue su curso para que la empresa construya este anhelado proyecto esperado por todos\u00bb, recalc\u00f3.<\/p>\n<p class=\"v1MsoNormal\" style=\"text-align: justify;\">El consejero Carlos Quintul destac\u00f3 que junto al tema sanitario tambi\u00e9n se generar\u00e1 absorci\u00f3n de mano de obra. \u00abPor fin sali\u00f3 la resoluci\u00f3n favorable para la contrataci\u00f3n de dicha obra. El lunes vamos a Santiago para juntarnos con el ministro de Obras P\u00fablicas y el ministro de Salud, para conversar este tema y avanzar en la construcci\u00f3n del Hospital de Chile Chico, un sue\u00f1o anhelado por toda la gente de esa localidad, y esto tambi\u00e9n viene a dar mano de obra local\u00bb, enfatiz\u00f3.<\/p>\n<p class=\"v1MsoNormal\" style=\"text-align: justify;\">\u00abContralor\u00eda Regional de Ays\u00e9n toma raz\u00f3n y adjudica contrato del Hospital doctor Leopoldo Ortega de Chile Chico. Es un trabajo de muchos, en especial, de dirigentes locales y colegas consejeros de la zona, materia de alegr\u00eda adicional, porque demuestra que cuando se instalan objetivos comunes las cosas avanzan. Adem\u00e1s, se generar\u00e1n oportunidades de trabajo y movimiento en la econom\u00eda local en un minuto clave luego de conocer declaraci\u00f3n p\u00fablica de concejales de la comuna\u00bb, subray\u00f3 Ra\u00fal Rudolphi.<\/p>\n<p class=\"v1MsoNormal\" style=\"text-align: justify;\">El presidente del CORE, Sergio Gonz\u00e1lez acot\u00f3 que la inversi\u00f3n mejorar\u00e1 la calidad de la atenci\u00f3n a la ciudadan\u00eda, junto con estimular la actividad econ\u00f3mica local. \u00abQuedamos m\u00e1s tranquilos al tener claridad de los tiempos. Se genera mano de obra, el sector productivo puede dinamizar la econom\u00eda local y son 700 d\u00edas la construcci\u00f3n del hospital, entregando una mejor atenci\u00f3n de salud a la provincia\u00bb, concluy\u00f3.<\/p>\n<p class=\"v1MsoNormal\" style=\"text-align: justify;\">El objetivo del trabajo en Santiago es concordar y agilizar los procesos administrativos para que las obras comiencen a la brevedad y el nuevo recinto hospitalario sea entregado a la ciudadan\u00eda.<\/p>\n<\/div><\/section><\/div><div  style='height:50px' class='hr hr-invisible   avia-builder-el-6  el_after_av_one_full  el_before_av_social_share '><span class='hr-inner ' ><span class='hr-inner-style'><\/span><\/span><\/div><\/p>\n<div  class='av-social-sharing-box  avia-builder-el-7  el_after_av_hr  el_before_av_hr  '><div class='av-share-box'><h5 class='av-share-link-description av-no-toc '>Compartir esta noticia<\/h5><ul class='av-share-box-list noLightbox'><li class='av-share-link av-social-link-facebook' ><a target=\"_blank\" aria-label=\"Compartir en Facebook\" href='https:\/\/www.facebook.com\/sharer.php?u=https:\/\/radiorevelacionfm.cl\/?p=5904&#038;t=Consejeros%20regionales%20destacan%20adjudicaci%C3%B3n%20de%20contrato%20para%20Hospital%20de%20Chile%20Chico' aria-hidden='false' data-av_icon='\ue8f3' data-av_iconfont='entypo-fontello' title='' data-avia-related-tooltip='Compartir en Facebook' rel=\"noopener\"><span class='avia_hidden_link_text'>Compartir en Facebook<\/span><\/a><\/li><li class='av-share-link av-social-link-twitter' ><a target=\"_blank\" aria-label=\"Compartir en Twitter\" href='https:\/\/twitter.com\/share?text=Consejeros%20regionales%20destacan%20adjudicaci%C3%B3n%20de%20contrato%20para%20Hospital%20de%20Chile%20Chico&#038;url=https:\/\/radiorevelacionfm.cl\/?p=5904' aria-hidden='false' data-av_icon='\ue8f1' data-av_iconfont='entypo-fontello' title='' data-avia-related-tooltip='Compartir en Twitter' rel=\"noopener\"><span class='avia_hidden_link_text'>Compartir en Twitter<\/span><\/a><\/li><li class='av-share-link av-social-link-whatsapp' ><a target=\"_blank\" aria-label=\"Compartir en Whatsapp\" href='https:\/\/api.whatsapp.com\/send?text=https:\/\/radiorevelacionfm.cl\/?p=5904' aria-hidden='false' data-av_icon='\uf232' data-av_iconfont='entypo-fontello' title='' data-avia-related-tooltip='Compartir en Whatsapp' rel=\"noopener\"><span class='avia_hidden_link_text'>Compartir en Whatsapp<\/span><\/a><\/li><li class='av-share-link av-social-link-linkedin' ><a target=\"_blank\" aria-label=\"Compartir en LinkedIn\" href='https:\/\/linkedin.com\/shareArticle?mini=true&#038;title=Consejeros%20regionales%20destacan%20adjudicaci%C3%B3n%20de%20contrato%20para%20Hospital%20de%20Chile%20Chico&#038;url=https:\/\/radiorevelacionfm.cl\/?p=5904' aria-hidden='false' data-av_icon='\ue8fc' data-av_iconfont='entypo-fontello' title='' data-avia-related-tooltip='Compartir en LinkedIn' rel=\"noopener\"><span class='avia_hidden_link_text'>Compartir en LinkedIn<\/span><\/a><\/li><li class='av-share-link av-social-link-mail' ><a  aria-label=\"Compartir por correo\" href='mailto:?subject=Consejeros%20regionales%20destacan%20adjudicaci%C3%B3n%20de%20contrato%20para%20Hospital%20de%20Chile%20Chico&#038;body=https:\/\/radiorevelacionfm.cl\/?p=5904' aria-hidden='false' data-av_icon='\ue805' data-av_iconfont='entypo-fontello' title='' data-avia-related-tooltip='Compartir por correo'><span class='avia_hidden_link_text'>Compartir por correo<\/span><\/a><\/li><\/ul><\/div><\/div>\n<div  style='height:50px' class='hr hr-invisible   avia-builder-el-8  el_after_av_social_share  el_before_av_hr '><span class='hr-inner ' ><span class='hr-inner-style'><\/span><\/span><\/div>\n<div  style='height:50px' class='hr hr-invisible   avia-builder-el-9  el_after_av_hr  el_before_av_social_share '><span class='hr-inner ' ><span class='hr-inner-style'><\/span><\/span><\/div>\n<div  class='av-social-sharing-box  avia-builder-el-10  el_after_av_hr  el_before_av_hr  '><div class='av-share-box'><h5 class='av-share-link-description av-no-toc '>Compartir esta noticia<\/h5><ul class='av-share-box-list noLightbox'><li class='av-share-link av-social-link-facebook' ><a target=\"_blank\" aria-label=\"Compartir en Facebook\" href='https:\/\/www.facebook.com\/sharer.php?u=https:\/\/radiorevelacionfm.cl\/?p=5904&#038;t=Consejeros%20regionales%20destacan%20adjudicaci%C3%B3n%20de%20contrato%20para%20Hospital%20de%20Chile%20Chico' aria-hidden='false' data-av_icon='\ue8f3' data-av_iconfont='entypo-fontello' title='' data-avia-related-tooltip='Compartir en Facebook' rel=\"noopener\"><span class='avia_hidden_link_text'>Compartir en Facebook<\/span><\/a><\/li><li class='av-share-link av-social-link-twitter' ><a target=\"_blank\" aria-label=\"Compartir en Twitter\" href='https:\/\/twitter.com\/share?text=Consejeros%20regionales%20destacan%20adjudicaci%C3%B3n%20de%20contrato%20para%20Hospital%20de%20Chile%20Chico&#038;url=https:\/\/radiorevelacionfm.cl\/?p=5904' aria-hidden='false' data-av_icon='\ue8f1' data-av_iconfont='entypo-fontello' title='' data-avia-related-tooltip='Compartir en Twitter' rel=\"noopener\"><span class='avia_hidden_link_text'>Compartir en Twitter<\/span><\/a><\/li><li class='av-share-link av-social-link-whatsapp' ><a target=\"_blank\" aria-label=\"Compartir en Whatsapp\" href='https:\/\/api.whatsapp.com\/send?text=https:\/\/radiorevelacionfm.cl\/?p=5904' aria-hidden='false' data-av_icon='\uf232' data-av_iconfont='entypo-fontello' title='' data-avia-related-tooltip='Compartir en Whatsapp' rel=\"noopener\"><span class='avia_hidden_link_text'>Compartir en Whatsapp<\/span><\/a><\/li><li class='av-share-link av-social-link-linkedin' ><a target=\"_blank\" aria-label=\"Compartir en LinkedIn\" href='https:\/\/linkedin.com\/shareArticle?mini=true&#038;title=Consejeros%20regionales%20destacan%20adjudicaci%C3%B3n%20de%20contrato%20para%20Hospital%20de%20Chile%20Chico&#038;url=https:\/\/radiorevelacionfm.cl\/?p=5904' aria-hidden='false' data-av_icon='\ue8fc' data-av_iconfont='entypo-fontello' title='' data-avia-related-tooltip='Compartir en LinkedIn' rel=\"noopener\"><span class='avia_hidden_link_text'>Compartir en LinkedIn<\/span><\/a><\/li><li class='av-share-link av-social-link-mail' ><a  aria-label=\"Compartir por correo\" href='mailto:?subject=Consejeros%20regionales%20destacan%20adjudicaci%C3%B3n%20de%20contrato%20para%20Hospital%20de%20Chile%20Chico&#038;body=https:\/\/radiorevelacionfm.cl\/?p=5904' aria-hidden='false' data-av_icon='\ue805' data-av_iconfont='entypo-fontello' title='' data-avia-related-tooltip='Compartir por correo'><span class='avia_hidden_link_text'>Compartir por correo<\/span><\/a><\/li><\/ul><\/div><\/div>\n<div  style='height:50px' class='hr hr-invisible   avia-builder-el-11  el_after_av_social_share  el_before_av_comments_list '><span class='hr-inner ' ><span class='hr-inner-style'><\/span><\/span><\/div>\n<div  class='av-buildercomment  av-blog-meta-html-info-disabled av-blog-meta-tag-disabled  '><\/div>\n","protected":false},"excerpt":{"rendered":"","protected":false},"author":1,"featured_media":5905,"comment_status":"open","ping_status":"open","sticky":false,"template":"","format":"standard","meta":{"footnotes":""},"categories":[38],"tags":[],"class_list":["post-5904","post","type-post","status-publish","format-standard","has-post-thumbnail","hentry","category-regional"],"jetpack_featured_media_url":"https:\/\/radiorevelacionfm.cl\/wp-content\/uploads\/2021\/07\/view-0_3-1-1_optimized.jpg","_links":{"self":[{"href":"https:\/\/radiorevelacionfm.cl\/index.php?rest_route=\/wp\/v2\/posts\/5904","targetHints":{"allow":["GET"]}}],"collection":[{"href":"https:\/\/radiorevelacionfm.cl\/index.php?rest_route=\/wp\/v2\/posts"}],"about":[{"href":"https:\/\/radiorevelacionfm.cl\/index.php?rest_route=\/wp\/v2\/types\/post"}],"author":[{"embeddable":true,"href":"https:\/\/radiorevelacionfm.cl\/index.php?rest_route=\/wp\/v2\/users\/1"}],"replies":[{"embeddable":true,"href":"https:\/\/radiorevelacionfm.cl\/index.php?rest_route=%2Fwp%2Fv2%2Fcomments&post=5904"}],"version-history":[{"count":1,"href":"https:\/\/radiorevelacionfm.cl\/index.php?rest_route=\/wp\/v2\/posts\/5904\/revisions"}],"predecessor-version":[{"id":5906,"href":"https:\/\/radiorevelacionfm.cl\/index.php?rest_route=\/wp\/v2\/posts\/5904\/revisions\/5906"}],"wp:featuredmedia":[{"embeddable":true,"href":"https:\/\/radiorevelacionfm.cl\/index.php?rest_route=\/wp\/v2\/media\/5905"}],"wp:attachment":[{"href":"https:\/\/radiorevelacionfm.cl\/index.php?rest_route=%2Fwp%2Fv2%2Fmedia&parent=5904"}],"wp:term":[{"taxonomy":"category","embeddable":true,"href":"https:\/\/radiorevelacionfm.cl\/index.php?rest_route=%2Fwp%2Fv2%2Fcategories&post=5904"},{"taxonomy":"post_tag","embeddable":true,"href":"https:\/\/radiorevelacionfm.cl\/index.php?rest_route=%2Fwp%2Fv2%2Ftags&post=5904"}],"curies":[{"name":"wp","href":"https:\/\/api.w.org\/{rel}","templated":true}]}}