{"id":59039,"date":"2025-09-11T16:53:18","date_gmt":"2025-09-11T19:53:18","guid":{"rendered":"https:\/\/radiorevelacionfm.cl\/?p=59039"},"modified":"2025-09-11T16:53:18","modified_gmt":"2025-09-11T19:53:18","slug":"felipe-henriquez-respalda-movilizacion-de-camioneros-y-pide-acelerar-obras-en-la-carretera-austral-el-aislamiento-de-aysen-no-es-un-lujo-es-una-deuda-historica","status":"publish","type":"post","link":"https:\/\/radiorevelacionfm.cl\/?p=59039","title":{"rendered":"Felipe Henr\u00edquez respalda movilizaci\u00f3n de camioneros y pide acelerar obras en la Carretera Austral: \u201cEl aislamiento de Ays\u00e9n no es un lujo, es una deuda hist\u00f3rica\u201d"},"content":{"rendered":"<div class=\"flex_column av_one_full  flex_column_div av-zero-column-padding first  avia-builder-el-0  el_before_av_one_full  avia-builder-el-first  \" style='border-radius:0px; '><div  class='avia-image-container  av-styling-    avia-builder-el-1  avia-builder-el-no-sibling  avia-align-center '  itemprop=\"image\" itemscope=\"itemscope\" itemtype=\"https:\/\/schema.org\/ImageObject\"  ><div class='avia-image-container-inner'><div class='avia-image-overlay-wrap'><img decoding=\"async\" class='wp-image-59040 avia-img-lazy-loading-not-59040 avia_image' src=\"https:\/\/radiorevelacionfm.cl\/wp-content\/uploads\/2025\/09\/Imagen-1-con-transportistas-1-1.jpg\" alt='' title='Imagen 1 con transportistas (1) (1)' height=\"600\" width=\"800\"  itemprop=\"thumbnailUrl\" srcset=\"https:\/\/radiorevelacionfm.cl\/wp-content\/uploads\/2025\/09\/Imagen-1-con-transportistas-1-1.jpg 800w, https:\/\/radiorevelacionfm.cl\/wp-content\/uploads\/2025\/09\/Imagen-1-con-transportistas-1-1-300x225.jpg 300w, https:\/\/radiorevelacionfm.cl\/wp-content\/uploads\/2025\/09\/Imagen-1-con-transportistas-1-1-768x576.jpg 768w, https:\/\/radiorevelacionfm.cl\/wp-content\/uploads\/2025\/09\/Imagen-1-con-transportistas-1-1-705x529.jpg 705w, https:\/\/radiorevelacionfm.cl\/wp-content\/uploads\/2025\/09\/Imagen-1-con-transportistas-1-1-450x338.jpg 450w, https:\/\/radiorevelacionfm.cl\/wp-content\/uploads\/2025\/09\/Imagen-1-con-transportistas-1-1-600x450.jpg 600w\" sizes=\"(max-width: 800px) 100vw, 800px\" \/><\/div><\/div><\/div><\/div><div class=\"flex_column av_one_full  flex_column_div av-zero-column-padding first  avia-builder-el-2  el_after_av_one_full  el_before_av_one_full  column-top-margin\" style='border-radius:0px; '><section class=\"av_textblock_section \"  itemscope=\"itemscope\" itemtype=\"https:\/\/schema.org\/BlogPosting\" itemprop=\"blogPost\" ><div class='avia_textblock  '   itemprop=\"text\" ><p style=\"text-align: center;\"><strong><span style=\"font-size: 18pt;\">Felipe Henr\u00edquez respalda movilizaci\u00f3n de camioneros y pide acelerar obras en la Carretera Austral: \u201cEl aislamiento de Ays\u00e9n no es un lujo, es una deuda hist\u00f3rica\u201d<\/span><\/strong><\/p>\n<div id=\"gtx-trans\" style=\"position: absolute; left: -50px; top: 4.31534px;\">\n<div class=\"gtx-trans-icon\"><\/div>\n<\/div>\n<\/div><\/section><\/div><div class=\"flex_column av_one_full  flex_column_div av-zero-column-padding first  avia-builder-el-4  el_after_av_one_full  el_before_av_hr  column-top-margin\" style='border-radius:0px; '><section class=\"av_textblock_section \"  itemscope=\"itemscope\" itemtype=\"https:\/\/schema.org\/BlogPosting\" itemprop=\"blogPost\" ><div class='avia_textblock  '   itemprop=\"text\" ><ul>\n<li style=\"text-align: justify;\"><em>El aislamiento en la Patagonia vuelve a estar en debate tras la caravana \u201cUniendo Chile x Chile\u201d. El candidato a senador critic\u00f3 la falta de inversi\u00f3n y plante\u00f3 que la Carretera Austral es clave para el desarrollo de las regiones extremas del sur.<\/em><\/li>\n<\/ul>\n<p style=\"text-align: justify;\">La caravana de transportistas que parti\u00f3 desde Ays\u00e9n, Los Lagos y Magallanes rumbo a La Moneda, reactiv\u00f3 una de las principales demandas de la Patagonia: la habilitaci\u00f3n completa de la Carretera Austral. Desde el gremio de camioneros advierten que la falta de conectividad encarece los costos de operaci\u00f3n, dificulta el abastecimiento y profundiza el aislamiento de las familias en el extremo sur del pa\u00eds.<\/p>\n<p style=\"text-align: justify;\">En ese contexto, el candidato a senador por Ays\u00e9n, Felipe Henr\u00edquez Raglianti, respald\u00f3 la movilizaci\u00f3n. En una carta dirigida a los transportistas, se\u00f1al\u00f3 que <em>\u201c<\/em>la Carretera Austral no es s\u00f3lo una v\u00eda de conectividad, es la columna vertebral de nuestro desarrollo regional, la llave para romper d\u00e9cadas de postergaci\u00f3n y la herramienta para integrar de verdad a nuestras familias, emprendedores y trabajadores<em>\u201d<\/em>.<\/p>\n<p style=\"text-align: justify;\">Por su parte, el presidente de la Asociaci\u00f3n Gremial de Camioneros de Ays\u00e9n, Conrado Redlich, valor\u00f3 la visibilizaci\u00f3n de la causa. <em>\u201c<\/em>Hemos hecho reuniones con distintos parlamentarios de todos los sectores pol\u00edticos y esto es algo que tenemos que conversar. Para nosotros lo importante es hacer conectividad no a costa de romper todo, pero s\u00ed buscar soluciones<em>\u201d<\/em>, afirm\u00f3.<\/p>\n<p style=\"text-align: justify;\">En tanto, el gobernador de la regi\u00f3n de Ays\u00e9n, Marcelo Santana, indic\u00f3 que <strong>\u201c<\/strong>desde el gobierno regional hemos estado levantando esta bandera con mucha convicci\u00f3n y con el apoyo transversal de alcaldes, consejeros regionales y de los gobernadores de Magallanes y Ays\u00e9n\u201d.<\/p>\n<p style=\"text-align: justify;\">Si bien el gobernador reconoci\u00f3 que se han logrado avances, a\u00fan est\u00e1 lejos de considerar que la tarea est\u00e9 cumplida. \u201cNecesitamos una estrategia que enfrente con urgencia los grandes desaf\u00edos de conectividad que enfrenta la Patagonia chilena, los cuales afectan directamente a muchas familias\u201d, se\u00f1al\u00f3 Santana.<\/p>\n<p style=\"text-align: justify;\">De llegar al Senado, Henr\u00edquez Raglianti se\u00f1al\u00f3 que impulsar\u00e1 leyes para reducir los costos de operaci\u00f3n del transporte, fortalecer la seguridad en las rutas y priorizar la pavimentaci\u00f3n total de la Carretera Austral. \u201cEn Ays\u00e9n, la conectividad no es un lujo: es una necesidad vital\u201d, destac\u00f3.<\/p>\n<p style=\"text-align: justify;\">Finalmente, el candidato al Senado tambi\u00e9n critic\u00f3 la entrada en vigencia de la Ley de Protecci\u00f3n de Turberas, impulsada por la senadora Ximena \u00d3rdenes, asegurando que limita el desarrollo de proyectos estrat\u00e9gicos para la regi\u00f3n. \u201cNadie discute la importancia de resguardar estos ecosistemas, pero lo que corresponde es compatibilizar su cuidado con el derecho de las familias a contar con conectividad e infraestructura\u201d, sostuvo.<\/p>\n<\/div><\/section><\/div><div  style='height:50px' class='hr hr-invisible   avia-builder-el-6  el_after_av_one_full  el_before_av_social_share '><span class='hr-inner ' ><span class='hr-inner-style'><\/span><\/span><\/div><\/p>\n<div  class='av-social-sharing-box  avia-builder-el-7  el_after_av_hr  el_before_av_hr  '><div class='av-share-box'><h5 class='av-share-link-description av-no-toc '>Compartir esta noticia<\/h5><ul class='av-share-box-list noLightbox'><li class='av-share-link av-social-link-facebook' ><a target=\"_blank\" aria-label=\"Compartir en Facebook\" href='https:\/\/www.facebook.com\/sharer.php?u=https:\/\/radiorevelacionfm.cl\/?p=59039&#038;t=Felipe%20Henr%C3%ADquez%20respalda%20movilizaci%C3%B3n%20de%20camioneros%20y%20pide%20acelerar%20obras%20en%20la%20Carretera%20Austral%3A%20%E2%80%9CEl%20aislamiento%20de%20Ays%C3%A9n%20no%20es%20un%20lujo%2C%20es%20una%20deuda%20hist%C3%B3rica%E2%80%9D' aria-hidden='false' data-av_icon='\ue8f3' data-av_iconfont='entypo-fontello' title='' data-avia-related-tooltip='Compartir en Facebook' rel=\"noopener\"><span class='avia_hidden_link_text'>Compartir en Facebook<\/span><\/a><\/li><li class='av-share-link av-social-link-twitter' ><a target=\"_blank\" aria-label=\"Compartir en Twitter\" href='https:\/\/twitter.com\/share?text=Felipe%20Henr%C3%ADquez%20respalda%20movilizaci%C3%B3n%20de%20camioneros%20y%20pide%20acelerar%20obras%20en%20la%20Carretera%20Austral%3A%20%E2%80%9CEl%20aislamiento%20de%20Ays%C3%A9n%20no%20es%20un%20lujo%2C%20es%20una%20deuda%20hist%C3%B3rica%E2%80%9D&#038;url=https:\/\/radiorevelacionfm.cl\/?p=59039' aria-hidden='false' data-av_icon='\ue8f1' data-av_iconfont='entypo-fontello' title='' data-avia-related-tooltip='Compartir en Twitter' rel=\"noopener\"><span class='avia_hidden_link_text'>Compartir en Twitter<\/span><\/a><\/li><li class='av-share-link av-social-link-whatsapp' ><a target=\"_blank\" aria-label=\"Compartir en Whatsapp\" href='https:\/\/api.whatsapp.com\/send?text=https:\/\/radiorevelacionfm.cl\/?p=59039' aria-hidden='false' data-av_icon='\uf232' data-av_iconfont='entypo-fontello' title='' data-avia-related-tooltip='Compartir en Whatsapp' rel=\"noopener\"><span class='avia_hidden_link_text'>Compartir en Whatsapp<\/span><\/a><\/li><li class='av-share-link av-social-link-linkedin' ><a target=\"_blank\" aria-label=\"Compartir en LinkedIn\" href='https:\/\/linkedin.com\/shareArticle?mini=true&#038;title=Felipe%20Henr%C3%ADquez%20respalda%20movilizaci%C3%B3n%20de%20camioneros%20y%20pide%20acelerar%20obras%20en%20la%20Carretera%20Austral%3A%20%E2%80%9CEl%20aislamiento%20de%20Ays%C3%A9n%20no%20es%20un%20lujo%2C%20es%20una%20deuda%20hist%C3%B3rica%E2%80%9D&#038;url=https:\/\/radiorevelacionfm.cl\/?p=59039' aria-hidden='false' data-av_icon='\ue8fc' data-av_iconfont='entypo-fontello' title='' data-avia-related-tooltip='Compartir en LinkedIn' rel=\"noopener\"><span class='avia_hidden_link_text'>Compartir en LinkedIn<\/span><\/a><\/li><li class='av-share-link av-social-link-mail' ><a  aria-label=\"Compartir por correo\" href='mailto:?subject=Felipe%20Henr%C3%ADquez%20respalda%20movilizaci%C3%B3n%20de%20camioneros%20y%20pide%20acelerar%20obras%20en%20la%20Carretera%20Austral%3A%20%E2%80%9CEl%20aislamiento%20de%20Ays%C3%A9n%20no%20es%20un%20lujo%2C%20es%20una%20deuda%20hist%C3%B3rica%E2%80%9D&#038;body=https:\/\/radiorevelacionfm.cl\/?p=59039' aria-hidden='false' data-av_icon='\ue805' data-av_iconfont='entypo-fontello' title='' data-avia-related-tooltip='Compartir por correo'><span class='avia_hidden_link_text'>Compartir por correo<\/span><\/a><\/li><\/ul><\/div><\/div>\n<div  style='height:50px' class='hr hr-invisible   avia-builder-el-8  el_after_av_social_share  el_before_av_comments_list '><span class='hr-inner ' ><span class='hr-inner-style'><\/span><\/span><\/div>\n<div  class='av-buildercomment  av-blog-meta-html-info-disabled av-blog-meta-tag-disabled  '><\/div>\n","protected":false},"excerpt":{"rendered":"","protected":false},"author":1,"featured_media":59040,"comment_status":"closed","ping_status":"closed","sticky":false,"template":"","format":"standard","meta":{"footnotes":""},"categories":[35],"tags":[],"class_list":["post-59039","post","type-post","status-publish","format-standard","has-post-thumbnail","hentry","category-politica"],"jetpack_featured_media_url":"https:\/\/radiorevelacionfm.cl\/wp-content\/uploads\/2025\/09\/Imagen-1-con-transportistas-1-1.jpg","_links":{"self":[{"href":"https:\/\/radiorevelacionfm.cl\/index.php?rest_route=\/wp\/v2\/posts\/59039","targetHints":{"allow":["GET"]}}],"collection":[{"href":"https:\/\/radiorevelacionfm.cl\/index.php?rest_route=\/wp\/v2\/posts"}],"about":[{"href":"https:\/\/radiorevelacionfm.cl\/index.php?rest_route=\/wp\/v2\/types\/post"}],"author":[{"embeddable":true,"href":"https:\/\/radiorevelacionfm.cl\/index.php?rest_route=\/wp\/v2\/users\/1"}],"replies":[{"embeddable":true,"href":"https:\/\/radiorevelacionfm.cl\/index.php?rest_route=%2Fwp%2Fv2%2Fcomments&post=59039"}],"version-history":[{"count":2,"href":"https:\/\/radiorevelacionfm.cl\/index.php?rest_route=\/wp\/v2\/posts\/59039\/revisions"}],"predecessor-version":[{"id":59089,"href":"https:\/\/radiorevelacionfm.cl\/index.php?rest_route=\/wp\/v2\/posts\/59039\/revisions\/59089"}],"wp:featuredmedia":[{"embeddable":true,"href":"https:\/\/radiorevelacionfm.cl\/index.php?rest_route=\/wp\/v2\/media\/59040"}],"wp:attachment":[{"href":"https:\/\/radiorevelacionfm.cl\/index.php?rest_route=%2Fwp%2Fv2%2Fmedia&parent=59039"}],"wp:term":[{"taxonomy":"category","embeddable":true,"href":"https:\/\/radiorevelacionfm.cl\/index.php?rest_route=%2Fwp%2Fv2%2Fcategories&post=59039"},{"taxonomy":"post_tag","embeddable":true,"href":"https:\/\/radiorevelacionfm.cl\/index.php?rest_route=%2Fwp%2Fv2%2Ftags&post=59039"}],"curies":[{"name":"wp","href":"https:\/\/api.w.org\/{rel}","templated":true}]}}