{"id":59033,"date":"2025-09-14T20:55:58","date_gmt":"2025-09-14T23:55:58","guid":{"rendered":"https:\/\/radiorevelacionfm.cl\/?p=59033"},"modified":"2025-09-14T20:55:58","modified_gmt":"2025-09-14T23:55:58","slug":"autoridades-proyectan-hasta-19-millones-de-viajes-internos-para-fiestas-patrias","status":"publish","type":"post","link":"https:\/\/radiorevelacionfm.cl\/?p=59033","title":{"rendered":"Autoridades proyectan hasta 1,9 millones de viajes internos para Fiestas Patrias"},"content":{"rendered":"<div class=\"flex_column av_one_full  flex_column_div av-zero-column-padding first  avia-builder-el-0  el_before_av_one_full  avia-builder-el-first  \" style='border-radius:0px; '><div  class='avia-image-container  av-styling-    avia-builder-el-1  avia-builder-el-no-sibling  avia-align-center '  itemprop=\"image\" itemscope=\"itemscope\" itemtype=\"https:\/\/schema.org\/ImageObject\"  ><div class='avia-image-container-inner'><div class='avia-image-overlay-wrap'><img decoding=\"async\" class='wp-image-59034 avia-img-lazy-loading-not-59034 avia_image' src=\"https:\/\/radiorevelacionfm.cl\/wp-content\/uploads\/2025\/09\/54778138751_78927f8b59_k-1_optimized-1.jpg\" alt='' title='54778138751_78927f8b59_k-(1)_optimized (1)' height=\"600\" width=\"900\"  itemprop=\"thumbnailUrl\" srcset=\"https:\/\/radiorevelacionfm.cl\/wp-content\/uploads\/2025\/09\/54778138751_78927f8b59_k-1_optimized-1.jpg 900w, https:\/\/radiorevelacionfm.cl\/wp-content\/uploads\/2025\/09\/54778138751_78927f8b59_k-1_optimized-1-300x200.jpg 300w, https:\/\/radiorevelacionfm.cl\/wp-content\/uploads\/2025\/09\/54778138751_78927f8b59_k-1_optimized-1-768x512.jpg 768w, https:\/\/radiorevelacionfm.cl\/wp-content\/uploads\/2025\/09\/54778138751_78927f8b59_k-1_optimized-1-705x470.jpg 705w, https:\/\/radiorevelacionfm.cl\/wp-content\/uploads\/2025\/09\/54778138751_78927f8b59_k-1_optimized-1-450x300.jpg 450w, https:\/\/radiorevelacionfm.cl\/wp-content\/uploads\/2025\/09\/54778138751_78927f8b59_k-1_optimized-1-600x400.jpg 600w\" sizes=\"(max-width: 900px) 100vw, 900px\" \/><\/div><\/div><\/div><\/div><div class=\"flex_column av_one_full  flex_column_div av-zero-column-padding first  avia-builder-el-2  el_after_av_one_full  el_before_av_one_full  column-top-margin\" style='border-radius:0px; '><section class=\"av_textblock_section \"  itemscope=\"itemscope\" itemtype=\"https:\/\/schema.org\/BlogPosting\" itemprop=\"blogPost\" ><div class='avia_textblock  '   itemprop=\"text\" ><div style=\"text-align: center;\"><\/div>\n<div><\/div>\n<div><\/div>\n<div>\n<p style=\"text-align: center;\"><strong><span style=\"font-size: 18pt;\">Autoridades proyectan hasta 1,9 millones de viajes internos para Fiestas Patrias<\/span><\/strong><\/p>\n<\/div>\n<div><\/div>\n<div id=\"gtx-trans\" style=\"position: absolute; left: -50px; top: 4.31534px;\">\n<div class=\"gtx-trans-icon\"><\/div>\n<\/div>\n<\/div><\/section><\/div><div class=\"flex_column av_one_full  flex_column_div av-zero-column-padding first  avia-builder-el-4  el_after_av_one_full  el_before_av_hr  column-top-margin\" style='border-radius:0px; '><section class=\"av_textblock_section \"  itemscope=\"itemscope\" itemtype=\"https:\/\/schema.org\/BlogPosting\" itemprop=\"blogPost\" ><div class='avia_textblock  '   itemprop=\"text\" ><p style=\"text-align: justify;\">Entre brindis, degustaciones de cocina chilena, pies de cueca y m\u00fasica en vivo en el Restaurante La Piojera, autoridades del Ministerio de Econom\u00eda presentaron las proyecciones de turismo interno para el feriado de fiestas patrias, entre el mi\u00e9rcoles 17 y el s\u00e1bado 20 de septiembre.<\/p>\n<p style=\"text-align: justify;\">En el Restaurante La Piojera, ubicado en el casco hist\u00f3rico de la ciudad de Santiago, se dieron cita el ministro de Econom\u00eda, Fomento y Turismo, la subsecretaria de Turismo, el director nacional de Sernatur, el director nacional de Sernac y el alcalde de Santiago para, en la previa de los festejos patrios, dar a conocer cu\u00e1ntos viajes se realizar\u00e1n, a qu\u00e9 destinos, como tambi\u00e9n panoramas y recomendaciones para disfrutar de forma segura y responsable los atractivos que ofrece Chile.<\/p>\n<p style=\"text-align: justify;\">El ministro de Econom\u00eda, Fomento y Turismo, \u00c1lvaro Garc\u00eda se\u00f1al\u00f3 que: \u201clas Fiestas Patrias son un momento de encuentro y celebraci\u00f3n de nuestras tradiciones, pero tambi\u00e9n representan una gran oportunidad econ\u00f3mica para el pa\u00eds. Cerca de dos millones de personas viajar\u00e1n por Chile en estos d\u00edas, dinamizando nuestras regiones y fortaleciendo el desarrollo tur\u00edstico. A esto se suma el positivo balance del turismo internacional, ya que este a\u00f1o hemos recibido a m\u00e1s de tres millones de visitantes, la cifra m\u00e1s alta de nuestra historia. El turismo es motor de empleo y progreso, y junto con celebrar con alegr\u00eda y responsabilidad, celebremos tambi\u00e9n esta oportunidad de crecimiento para Chile\u201d.<\/p>\n<p style=\"text-align: justify;\">Las principales regiones emisoras de viajes con pernoctaci\u00f3n ser\u00e1n la Metropolitana con el 52,6% del total, la del Biob\u00edo con el 9,6% y la de Valpara\u00edso con el 5,7%. En cuanto a las principales comunas emisoras destacan Puente Alto con el 4,43%, Maip\u00fa con el 4,23% y Las Condes con el 3,84% del total de viajes.<\/p>\n<p style=\"text-align: justify;\">En cuanto a los destinos preferidos por los turistas nacionales, la subsecretaria de Turismo, Ver\u00f3nica Pardo, precis\u00f3 que \u201cLa Regi\u00f3n Metropolitana concentrar\u00e1 m\u00e1s de 850 mil viajes de salida durante este 18, seguida por Biob\u00edo con cerca de 156 mil y Valpara\u00edso con m\u00e1s de 92 mil. La propia Regi\u00f3n de Valpara\u00edso ser\u00e1 uno de los destinos preferidos, con entre 365 y 441 mil viajes, especialmente hacia comunas como Algarrobo, El Tabo y Vi\u00f1a del Mar. Estos positivos indicadores se suman a los 3,1 millones de llegadas internacionales registradas en el primer semestre, lo que confirma el gran momento que vive el turismo y su aporte al desarrollo de todas las regiones del pa\u00eds.\u201d.<\/p>\n<p style=\"text-align: justify;\">En tanto, el director nacional de Sernatur, Crist\u00f3bal Ben\u00edtez, indic\u00f3 \u201cQueremos invitar a todas las personas que viajar\u00e1n por nuestro pa\u00eds a que conozcan los distintos panoramas disponibles este a\u00f1o. Para ello, pueden visitar nuestro sitio web\u00a0<a href=\"http:\/\/chilestuyo.cl\/\">chilestuyo.cl<\/a>, donde encontrar\u00e1n toda la informaci\u00f3n sobre fondas, fiestas costumbristas y destinos que pueden disfrutar y recorrer en estas Fiestas Patrias\u201d.<\/p>\n<p style=\"text-align: justify;\">El director nacional de Sernac, Andr\u00e9s Herrera, record\u00f3 que \u00abdurante estas celebraciones, las y los consumidores tienen derechos que deben ser respetados: a recibir informaci\u00f3n veraz y oportuna, a que se cumpla lo que se ofrece y a contar con servicios seguros y de calidad. Desde el Sernac estamos fiscalizando distintas \u00e1reas del mercado, incluyendo alojamientos, transporte y supermercados, para verificar que las empresas cumplan con la Ley del Consumidor. Nuestro objetivo es dar tranquilidad a las familias y asegurar que puedan disfrutar de sus viajes con confianza, sabiendo que, ante<\/p>\n<p style=\"text-align: justify;\">cualquier incumplimiento, cuentan con nuestro apoyo y con los mecanismos de reclamo, los que pueden hacer directamente en\u00a0<a href=\"http:\/\/sernac.cl\/\">sernac.cl<\/a>\u00ab<\/p>\n<p style=\"text-align: justify;\">Reactivaci\u00f3n del casco hist\u00f3rico de Santiago<\/p>\n<p style=\"text-align: justify;\">El Restaurante La Piojera fue escenario de la previa de la celebraci\u00f3n de las Fiestas Patrias 2025, con una actividad cargada de chilenidad, donde no faltaron los pies de cueca urbana con m\u00fasica en vivo y la degustaci\u00f3n de gastronom\u00eda de mar y tierra, gentileza de La Piojera.<\/p>\n<\/div><\/section><\/div><div  style='height:50px' class='hr hr-invisible   avia-builder-el-6  el_after_av_one_full  el_before_av_social_share '><span class='hr-inner ' ><span class='hr-inner-style'><\/span><\/span><\/div><\/p>\n<div  class='av-social-sharing-box  avia-builder-el-7  el_after_av_hr  el_before_av_hr  '><div class='av-share-box'><h5 class='av-share-link-description av-no-toc '>Compartir esta noticia<\/h5><ul class='av-share-box-list noLightbox'><li class='av-share-link av-social-link-facebook' ><a target=\"_blank\" aria-label=\"Compartir en Facebook\" href='https:\/\/www.facebook.com\/sharer.php?u=https:\/\/radiorevelacionfm.cl\/?p=59033&#038;t=Autoridades%20proyectan%20hasta%201%2C9%20millones%20de%20viajes%20internos%20para%20Fiestas%20Patrias' aria-hidden='false' data-av_icon='\ue8f3' data-av_iconfont='entypo-fontello' title='' data-avia-related-tooltip='Compartir en Facebook' rel=\"noopener\"><span class='avia_hidden_link_text'>Compartir en Facebook<\/span><\/a><\/li><li class='av-share-link av-social-link-twitter' ><a target=\"_blank\" aria-label=\"Compartir en Twitter\" href='https:\/\/twitter.com\/share?text=Autoridades%20proyectan%20hasta%201%2C9%20millones%20de%20viajes%20internos%20para%20Fiestas%20Patrias&#038;url=https:\/\/radiorevelacionfm.cl\/?p=59033' aria-hidden='false' data-av_icon='\ue8f1' data-av_iconfont='entypo-fontello' title='' data-avia-related-tooltip='Compartir en Twitter' rel=\"noopener\"><span class='avia_hidden_link_text'>Compartir en Twitter<\/span><\/a><\/li><li class='av-share-link av-social-link-whatsapp' ><a target=\"_blank\" aria-label=\"Compartir en Whatsapp\" href='https:\/\/api.whatsapp.com\/send?text=https:\/\/radiorevelacionfm.cl\/?p=59033' aria-hidden='false' data-av_icon='\uf232' data-av_iconfont='entypo-fontello' title='' data-avia-related-tooltip='Compartir en Whatsapp' rel=\"noopener\"><span class='avia_hidden_link_text'>Compartir en Whatsapp<\/span><\/a><\/li><li class='av-share-link av-social-link-linkedin' ><a target=\"_blank\" aria-label=\"Compartir en LinkedIn\" href='https:\/\/linkedin.com\/shareArticle?mini=true&#038;title=Autoridades%20proyectan%20hasta%201%2C9%20millones%20de%20viajes%20internos%20para%20Fiestas%20Patrias&#038;url=https:\/\/radiorevelacionfm.cl\/?p=59033' aria-hidden='false' data-av_icon='\ue8fc' data-av_iconfont='entypo-fontello' title='' data-avia-related-tooltip='Compartir en LinkedIn' rel=\"noopener\"><span class='avia_hidden_link_text'>Compartir en LinkedIn<\/span><\/a><\/li><li class='av-share-link av-social-link-mail' ><a  aria-label=\"Compartir por correo\" href='mailto:?subject=Autoridades%20proyectan%20hasta%201%2C9%20millones%20de%20viajes%20internos%20para%20Fiestas%20Patrias&#038;body=https:\/\/radiorevelacionfm.cl\/?p=59033' aria-hidden='false' data-av_icon='\ue805' data-av_iconfont='entypo-fontello' title='' data-avia-related-tooltip='Compartir por correo'><span class='avia_hidden_link_text'>Compartir por correo<\/span><\/a><\/li><\/ul><\/div><\/div>\n<div  style='height:50px' class='hr hr-invisible   avia-builder-el-8  el_after_av_social_share  el_before_av_comments_list '><span class='hr-inner ' ><span class='hr-inner-style'><\/span><\/span><\/div>\n<div  class='av-buildercomment  av-blog-meta-html-info-disabled av-blog-meta-tag-disabled  '><\/div>\n","protected":false},"excerpt":{"rendered":"","protected":false},"author":1,"featured_media":59034,"comment_status":"closed","ping_status":"closed","sticky":false,"template":"","format":"standard","meta":{"footnotes":""},"categories":[61],"tags":[],"class_list":["post-59033","post","type-post","status-publish","format-standard","has-post-thumbnail","hentry","category-nacional"],"jetpack_featured_media_url":"https:\/\/radiorevelacionfm.cl\/wp-content\/uploads\/2025\/09\/54778138751_78927f8b59_k-1_optimized-1.jpg","_links":{"self":[{"href":"https:\/\/radiorevelacionfm.cl\/index.php?rest_route=\/wp\/v2\/posts\/59033","targetHints":{"allow":["GET"]}}],"collection":[{"href":"https:\/\/radiorevelacionfm.cl\/index.php?rest_route=\/wp\/v2\/posts"}],"about":[{"href":"https:\/\/radiorevelacionfm.cl\/index.php?rest_route=\/wp\/v2\/types\/post"}],"author":[{"embeddable":true,"href":"https:\/\/radiorevelacionfm.cl\/index.php?rest_route=\/wp\/v2\/users\/1"}],"replies":[{"embeddable":true,"href":"https:\/\/radiorevelacionfm.cl\/index.php?rest_route=%2Fwp%2Fv2%2Fcomments&post=59033"}],"version-history":[{"count":2,"href":"https:\/\/radiorevelacionfm.cl\/index.php?rest_route=\/wp\/v2\/posts\/59033\/revisions"}],"predecessor-version":[{"id":59209,"href":"https:\/\/radiorevelacionfm.cl\/index.php?rest_route=\/wp\/v2\/posts\/59033\/revisions\/59209"}],"wp:featuredmedia":[{"embeddable":true,"href":"https:\/\/radiorevelacionfm.cl\/index.php?rest_route=\/wp\/v2\/media\/59034"}],"wp:attachment":[{"href":"https:\/\/radiorevelacionfm.cl\/index.php?rest_route=%2Fwp%2Fv2%2Fmedia&parent=59033"}],"wp:term":[{"taxonomy":"category","embeddable":true,"href":"https:\/\/radiorevelacionfm.cl\/index.php?rest_route=%2Fwp%2Fv2%2Fcategories&post=59033"},{"taxonomy":"post_tag","embeddable":true,"href":"https:\/\/radiorevelacionfm.cl\/index.php?rest_route=%2Fwp%2Fv2%2Ftags&post=59033"}],"curies":[{"name":"wp","href":"https:\/\/api.w.org\/{rel}","templated":true}]}}