{"id":59030,"date":"2025-09-11T11:28:05","date_gmt":"2025-09-11T14:28:05","guid":{"rendered":"https:\/\/radiorevelacionfm.cl\/?p=59030"},"modified":"2025-09-11T11:28:05","modified_gmt":"2025-09-11T14:28:05","slug":"calisto-y-comites-de-vivienda-de-la-chacra-g2-piden-agilizar-proceso-de-su-proyecto-habitacional","status":"publish","type":"post","link":"https:\/\/radiorevelacionfm.cl\/?p=59030","title":{"rendered":"Calisto y comit\u00e9s de vivienda de la Chacra G2 piden agilizar proceso de su proyecto habitacional"},"content":{"rendered":"<div class=\"flex_column av_one_full  flex_column_div av-zero-column-padding first  avia-builder-el-0  el_before_av_one_full  avia-builder-el-first  \" style='border-radius:0px; '><div  class='avia-image-container  av-styling-    avia-builder-el-1  avia-builder-el-no-sibling  avia-align-center '  itemprop=\"image\" itemscope=\"itemscope\" itemtype=\"https:\/\/schema.org\/ImageObject\"  ><div class='avia-image-container-inner'><div class='avia-image-overlay-wrap'><img decoding=\"async\" class='wp-image-59031 avia-img-lazy-loading-not-59031 avia_image' src=\"https:\/\/radiorevelacionfm.cl\/wp-content\/uploads\/2025\/09\/FOTO-REU-COMITES-CHACRA-G-2-1-1.jpeg\" alt='' title='FOTO REU COMIT\u00c9S CHACRA G 2 (1) (1)' height=\"600\" width=\"1067\"  itemprop=\"thumbnailUrl\" srcset=\"https:\/\/radiorevelacionfm.cl\/wp-content\/uploads\/2025\/09\/FOTO-REU-COMITES-CHACRA-G-2-1-1.jpeg 1067w, https:\/\/radiorevelacionfm.cl\/wp-content\/uploads\/2025\/09\/FOTO-REU-COMITES-CHACRA-G-2-1-1-300x169.jpeg 300w, https:\/\/radiorevelacionfm.cl\/wp-content\/uploads\/2025\/09\/FOTO-REU-COMITES-CHACRA-G-2-1-1-1030x579.jpeg 1030w, https:\/\/radiorevelacionfm.cl\/wp-content\/uploads\/2025\/09\/FOTO-REU-COMITES-CHACRA-G-2-1-1-768x432.jpeg 768w, https:\/\/radiorevelacionfm.cl\/wp-content\/uploads\/2025\/09\/FOTO-REU-COMITES-CHACRA-G-2-1-1-705x396.jpeg 705w, https:\/\/radiorevelacionfm.cl\/wp-content\/uploads\/2025\/09\/FOTO-REU-COMITES-CHACRA-G-2-1-1-450x253.jpeg 450w, https:\/\/radiorevelacionfm.cl\/wp-content\/uploads\/2025\/09\/FOTO-REU-COMITES-CHACRA-G-2-1-1-600x337.jpeg 600w\" sizes=\"(max-width: 1067px) 100vw, 1067px\" \/><\/div><\/div><\/div><\/div><div class=\"flex_column av_one_full  flex_column_div av-zero-column-padding first  avia-builder-el-2  el_after_av_one_full  el_before_av_one_full  column-top-margin\" style='border-radius:0px; '><section class=\"av_textblock_section \"  itemscope=\"itemscope\" itemtype=\"https:\/\/schema.org\/BlogPosting\" itemprop=\"blogPost\" ><div class='avia_textblock  '   itemprop=\"text\" ><p style=\"text-align: center;\"><strong><span style=\"font-size: 18pt;\">Calisto y comit\u00e9s de vivienda de la Chacra G2 piden agilizar proceso de su proyecto habitacional<\/span><\/strong><\/p>\n<div id=\"gtx-trans\" style=\"position: absolute; left: -50px; top: 4.31534px;\">\n<div class=\"gtx-trans-icon\"><\/div>\n<\/div>\n<\/div><\/section><\/div><div class=\"flex_column av_one_full  flex_column_div av-zero-column-padding first  avia-builder-el-4  el_after_av_one_full  el_before_av_hr  column-top-margin\" style='border-radius:0px; '><section class=\"av_textblock_section \"  itemscope=\"itemscope\" itemtype=\"https:\/\/schema.org\/BlogPosting\" itemprop=\"blogPost\" ><div class='avia_textblock  '   itemprop=\"text\" ><p style=\"font-weight: 400; text-align: justify;\">El diputado Miguel \u00c1ngel Calisto y dirigentes y socios de los comit\u00e9s de vivienda Coirones del Sur, Casa Nueva, Esperanza de la Patagonia y 15 de Mayo, todos parte del proyecto habitacional Chacra G2 en Coyhaique, sostuvieron una reuni\u00f3n con la Seremi de Vivienda, Paulina Ruz. El encuentro, realizado en la sede de la poblaci\u00f3n V\u00edctor Domingo Silva, tuvo como objetivo principal agilizar los procesos para la concreci\u00f3n de los anhelados proyectos habitacionales.<\/p>\n<p style=\"font-weight: 400; text-align: justify;\">El parlamentario, quien ha sido un activo colaborador en proyectos anteriores como Chacra G1, expres\u00f3 su satisfacci\u00f3n por los avances. \u00abHemos sostenido una importante reuni\u00f3n con cuatro comit\u00e9s de vivienda que trabajan con la entidad patrocinante Xinta, proyectando la Chacra G2. Esto sigue la l\u00ednea del trabajo que hicimos con Chacra G1, donde muchos comit\u00e9s ya est\u00e1n iniciando sus obras, lo que nos pone muy contentos\u00bb, afirm\u00f3 Calisto.<\/p>\n<p style=\"font-weight: 400; text-align: justify;\">\u00abEl proyecto Chacra G2 contempla cerca de 800 departamentos y 430 viviendas, un total de 1.213 familias que est\u00e1n proyectando sus hogares\u00bb, detall\u00f3 el diputado. \u00abEstamos contentos con este avance y lo m\u00e1s importante es que puedan cumplir con el sue\u00f1o de su casa propia. Hemos apoyado a las dirigentes y a la entidad patrocinante, y lo que buscamos principalmente es que se agilicen los procesos, porque ac\u00e1 lo m\u00e1s importante es que Coyhaique siga creciendo\u00bb.<\/p>\n<p style=\"font-weight: 400; text-align: justify;\">Por su parte, Marcela Llancalahu\u00e9n, dirigenta de los comit\u00e9s, destac\u00f3 el esfuerzo colaborativo. \u00abHoy, junto al diputado Miguel \u00c1ngel Calisto, la Seremi de Vivienda y nuestra entidad patrocinante, Xinta, estamos dando a conocer a los socios los avances de Chacra G2. De verdad nos ha costado mucho, somos 169 familias del d\u00e9ficit de la Chacra G1 que hemos avanzado y esperamos que los plazos se acorten. Estoy muy agradecida del trabajo silencioso que hemos hecho, porque esto le da tranquilidad a la gente que por tantos a\u00f1os ha esperado su vivienda\u00bb, se\u00f1al\u00f3 Llancalahu\u00e9n.<\/p>\n<p style=\"font-weight: 400; text-align: justify;\">Nicole Igrutinovich, presidenta del Comit\u00e9 Esperanza de la Patagonia, manifest\u00f3 su optimismo tras la reuni\u00f3n. \u00abAcabamos de reunirnos con los comit\u00e9s Coirones del Sur y Casa Nueva. Asistieron personal del Serviu y la entidad patrocinante para explicarnos los procesos que se est\u00e1n llevando a cabo en el proyecto Chacra G2. Se discutieron los plazos, la Carta Gantt y todo el proceso de macro infraestructura y entrega de terreno. Ya tenemos los lotes de Bienes Nacionales traspasados al Serviu, as\u00ed que estamos muy contentos con los avances y con mucha esperanza de tener nuestra casa pronto\u00bb.<\/p>\n<p style=\"font-weight: 400; text-align: justify;\">El encuentro entre el diputado Calisto y los comit\u00e9s de vivienda reafirma el compromiso de las autoridades y las organizaciones sociales para abordar el d\u00e9ficit habitacional en la regi\u00f3n. La articulaci\u00f3n de esfuerzos entre el mundo pol\u00edtico, los organismos p\u00fablicos como el Serviu y las entidades patrocinantes es fundamental para que el proyecto Chacra G2 se convierta en una realidad, entregando un futuro de esperanza y estabilidad a m\u00e1s de mil familias de Coyhaique.<\/p>\n<\/div><\/section><\/div><div  style='height:50px' class='hr hr-invisible   avia-builder-el-6  el_after_av_one_full  el_before_av_social_share '><span class='hr-inner ' ><span class='hr-inner-style'><\/span><\/span><\/div><\/p>\n<div  class='av-social-sharing-box  avia-builder-el-7  el_after_av_hr  el_before_av_hr  '><div class='av-share-box'><h5 class='av-share-link-description av-no-toc '>Compartir esta noticia<\/h5><ul class='av-share-box-list noLightbox'><li class='av-share-link av-social-link-facebook' ><a target=\"_blank\" aria-label=\"Compartir en Facebook\" href='https:\/\/www.facebook.com\/sharer.php?u=https:\/\/radiorevelacionfm.cl\/?p=59030&#038;t=Calisto%20y%20comit%C3%A9s%20de%20vivienda%20de%20la%20Chacra%20G2%20piden%20agilizar%20proceso%20de%20su%20proyecto%20habitacional' aria-hidden='false' data-av_icon='\ue8f3' data-av_iconfont='entypo-fontello' title='' data-avia-related-tooltip='Compartir en Facebook' rel=\"noopener\"><span class='avia_hidden_link_text'>Compartir en Facebook<\/span><\/a><\/li><li class='av-share-link av-social-link-twitter' ><a target=\"_blank\" aria-label=\"Compartir en Twitter\" href='https:\/\/twitter.com\/share?text=Calisto%20y%20comit%C3%A9s%20de%20vivienda%20de%20la%20Chacra%20G2%20piden%20agilizar%20proceso%20de%20su%20proyecto%20habitacional&#038;url=https:\/\/radiorevelacionfm.cl\/?p=59030' aria-hidden='false' data-av_icon='\ue8f1' data-av_iconfont='entypo-fontello' title='' data-avia-related-tooltip='Compartir en Twitter' rel=\"noopener\"><span class='avia_hidden_link_text'>Compartir en Twitter<\/span><\/a><\/li><li class='av-share-link av-social-link-whatsapp' ><a target=\"_blank\" aria-label=\"Compartir en Whatsapp\" href='https:\/\/api.whatsapp.com\/send?text=https:\/\/radiorevelacionfm.cl\/?p=59030' aria-hidden='false' data-av_icon='\uf232' data-av_iconfont='entypo-fontello' title='' data-avia-related-tooltip='Compartir en Whatsapp' rel=\"noopener\"><span class='avia_hidden_link_text'>Compartir en Whatsapp<\/span><\/a><\/li><li class='av-share-link av-social-link-linkedin' ><a target=\"_blank\" aria-label=\"Compartir en LinkedIn\" href='https:\/\/linkedin.com\/shareArticle?mini=true&#038;title=Calisto%20y%20comit%C3%A9s%20de%20vivienda%20de%20la%20Chacra%20G2%20piden%20agilizar%20proceso%20de%20su%20proyecto%20habitacional&#038;url=https:\/\/radiorevelacionfm.cl\/?p=59030' aria-hidden='false' data-av_icon='\ue8fc' data-av_iconfont='entypo-fontello' title='' data-avia-related-tooltip='Compartir en LinkedIn' rel=\"noopener\"><span class='avia_hidden_link_text'>Compartir en LinkedIn<\/span><\/a><\/li><li class='av-share-link av-social-link-mail' ><a  aria-label=\"Compartir por correo\" href='mailto:?subject=Calisto%20y%20comit%C3%A9s%20de%20vivienda%20de%20la%20Chacra%20G2%20piden%20agilizar%20proceso%20de%20su%20proyecto%20habitacional&#038;body=https:\/\/radiorevelacionfm.cl\/?p=59030' aria-hidden='false' data-av_icon='\ue805' data-av_iconfont='entypo-fontello' title='' data-avia-related-tooltip='Compartir por correo'><span class='avia_hidden_link_text'>Compartir por correo<\/span><\/a><\/li><\/ul><\/div><\/div>\n<div  style='height:50px' class='hr hr-invisible   avia-builder-el-8  el_after_av_social_share  el_before_av_comments_list '><span class='hr-inner ' ><span class='hr-inner-style'><\/span><\/span><\/div>\n<div  class='av-buildercomment  av-blog-meta-html-info-disabled av-blog-meta-tag-disabled  '><\/div>\n","protected":false},"excerpt":{"rendered":"","protected":false},"author":1,"featured_media":59031,"comment_status":"closed","ping_status":"closed","sticky":false,"template":"","format":"standard","meta":{"footnotes":""},"categories":[35],"tags":[],"class_list":["post-59030","post","type-post","status-publish","format-standard","has-post-thumbnail","hentry","category-politica"],"jetpack_featured_media_url":"https:\/\/radiorevelacionfm.cl\/wp-content\/uploads\/2025\/09\/FOTO-REU-COMITES-CHACRA-G-2-1-1.jpeg","_links":{"self":[{"href":"https:\/\/radiorevelacionfm.cl\/index.php?rest_route=\/wp\/v2\/posts\/59030","targetHints":{"allow":["GET"]}}],"collection":[{"href":"https:\/\/radiorevelacionfm.cl\/index.php?rest_route=\/wp\/v2\/posts"}],"about":[{"href":"https:\/\/radiorevelacionfm.cl\/index.php?rest_route=\/wp\/v2\/types\/post"}],"author":[{"embeddable":true,"href":"https:\/\/radiorevelacionfm.cl\/index.php?rest_route=\/wp\/v2\/users\/1"}],"replies":[{"embeddable":true,"href":"https:\/\/radiorevelacionfm.cl\/index.php?rest_route=%2Fwp%2Fv2%2Fcomments&post=59030"}],"version-history":[{"count":2,"href":"https:\/\/radiorevelacionfm.cl\/index.php?rest_route=\/wp\/v2\/posts\/59030\/revisions"}],"predecessor-version":[{"id":59071,"href":"https:\/\/radiorevelacionfm.cl\/index.php?rest_route=\/wp\/v2\/posts\/59030\/revisions\/59071"}],"wp:featuredmedia":[{"embeddable":true,"href":"https:\/\/radiorevelacionfm.cl\/index.php?rest_route=\/wp\/v2\/media\/59031"}],"wp:attachment":[{"href":"https:\/\/radiorevelacionfm.cl\/index.php?rest_route=%2Fwp%2Fv2%2Fmedia&parent=59030"}],"wp:term":[{"taxonomy":"category","embeddable":true,"href":"https:\/\/radiorevelacionfm.cl\/index.php?rest_route=%2Fwp%2Fv2%2Fcategories&post=59030"},{"taxonomy":"post_tag","embeddable":true,"href":"https:\/\/radiorevelacionfm.cl\/index.php?rest_route=%2Fwp%2Fv2%2Ftags&post=59030"}],"curies":[{"name":"wp","href":"https:\/\/api.w.org\/{rel}","templated":true}]}}