{"id":59016,"date":"2025-09-10T18:33:50","date_gmt":"2025-09-10T21:33:50","guid":{"rendered":"https:\/\/radiorevelacionfm.cl\/?p=59016"},"modified":"2025-09-10T18:33:50","modified_gmt":"2025-09-10T21:33:50","slug":"indap-aysen-abrio-convocatoria-a-la-iniciativa-tierra-joven-para-facilitar-el-acceso-a-la-tierra-para-nuevas-generaciones-rurales","status":"publish","type":"post","link":"https:\/\/radiorevelacionfm.cl\/?p=59016","title":{"rendered":"Indap Ays\u00e9n abri\u00f3 convocatoria a la iniciativa tierra joven para facilitar el acceso a la tierra para nuevas generaciones rurales"},"content":{"rendered":"<div class=\"flex_column av_one_full  flex_column_div av-zero-column-padding first  avia-builder-el-0  el_before_av_one_full  avia-builder-el-first  \" style='border-radius:0px; '><div  class='avia-image-container  av-styling-    avia-builder-el-1  avia-builder-el-no-sibling  avia-align-center '  itemprop=\"image\" itemscope=\"itemscope\" itemtype=\"https:\/\/schema.org\/ImageObject\"  ><div class='avia-image-container-inner'><div class='avia-image-overlay-wrap'><img decoding=\"async\" class='wp-image-59017 avia-img-lazy-loading-not-59017 avia_image' src=\"https:\/\/radiorevelacionfm.cl\/wp-content\/uploads\/2025\/09\/GRAFICA-TIERRA-JOVEN-1-1.jpg\" alt='' title='GRAFICA TIERRA JOVEN (1) (1)' height=\"600\" width=\"835\"  itemprop=\"thumbnailUrl\" srcset=\"https:\/\/radiorevelacionfm.cl\/wp-content\/uploads\/2025\/09\/GRAFICA-TIERRA-JOVEN-1-1.jpg 835w, https:\/\/radiorevelacionfm.cl\/wp-content\/uploads\/2025\/09\/GRAFICA-TIERRA-JOVEN-1-1-300x216.jpg 300w, https:\/\/radiorevelacionfm.cl\/wp-content\/uploads\/2025\/09\/GRAFICA-TIERRA-JOVEN-1-1-768x552.jpg 768w, https:\/\/radiorevelacionfm.cl\/wp-content\/uploads\/2025\/09\/GRAFICA-TIERRA-JOVEN-1-1-705x507.jpg 705w, https:\/\/radiorevelacionfm.cl\/wp-content\/uploads\/2025\/09\/GRAFICA-TIERRA-JOVEN-1-1-450x323.jpg 450w, https:\/\/radiorevelacionfm.cl\/wp-content\/uploads\/2025\/09\/GRAFICA-TIERRA-JOVEN-1-1-600x431.jpg 600w\" sizes=\"(max-width: 835px) 100vw, 835px\" \/><\/div><\/div><\/div><\/div><div class=\"flex_column av_one_full  flex_column_div av-zero-column-padding first  avia-builder-el-2  el_after_av_one_full  el_before_av_one_full  column-top-margin\" style='border-radius:0px; '><section class=\"av_textblock_section \"  itemscope=\"itemscope\" itemtype=\"https:\/\/schema.org\/BlogPosting\" itemprop=\"blogPost\" ><div class='avia_textblock  '   itemprop=\"text\" ><p style=\"text-align: center;\"><strong><span style=\"font-size: 18pt;\">Indap Ays\u00e9n abri\u00f3 convocatoria a la iniciativa tierra joven para facilitar el acceso a la tierra para nuevas generaciones rurales<\/span><\/strong><\/p>\n<div id=\"gtx-trans\" style=\"position: absolute; left: -50px; top: 4.31534px;\">\n<div class=\"gtx-trans-icon\"><\/div>\n<\/div>\n<\/div><\/section><\/div><div class=\"flex_column av_one_full  flex_column_div av-zero-column-padding first  avia-builder-el-4  el_after_av_one_full  el_before_av_hr  column-top-margin\" style='border-radius:0px; '><section class=\"av_textblock_section \"  itemscope=\"itemscope\" itemtype=\"https:\/\/schema.org\/BlogPosting\" itemprop=\"blogPost\" ><div class='avia_textblock  '   itemprop=\"text\" ><p style=\"text-align: justify;\">INDAP Ays\u00e9n anunci\u00f3 la apertura de la iniciativa Tierra Joven, una herramienta que busca entregar oportunidades reales a j\u00f3venes agricultores y agricultoras para acceder a predios agr\u00edcolas e impulsar emprendimientos sostenibles en la regi\u00f3n.<\/p>\n<p style=\"text-align: justify;\">La directora regional de INDAP, Yessica Lagos C\u00e1rdenas, destac\u00f3 que este instrumento \u201cpone sobre la mesa la discusi\u00f3n de la importancia de que las y los j\u00f3venes tengan acceso a la tierra propia para consolidar sus proyectos. En INDAP, destacamos esta iniciativa que es el primer paso para dar respuesta a esta demanda hist\u00f3rica de las juventudes rurales; que puedan pensar su futuro desde el campo y no desde la migraci\u00f3n hacia las ciudades. Por ello, desde la direcci\u00f3n regional de INDAP y las \u00e1reas estamos abiertos a sus dudas y consultas\u201d.<\/p>\n<p style=\"text-align: justify;\">El programa Tierra Joven entrega tres beneficios de manera conjunta:<\/p>\n<p style=\"text-align: justify;\">Incentivo para cr\u00e9dito: hasta el 50% del valor del predio, con un m\u00e1ximo de $6.500.000<\/p>\n<p style=\"text-align: justify;\">Asesor\u00eda t\u00e9cnica: cofinanciamiento del 90% por hasta $1.600.000 anuales, durante tres a\u00f1os.<\/p>\n<p style=\"text-align: justify;\">Inversi\u00f3n productiva: cofinanciamiento del 90% por hasta $3.500.000 anuales, durante tres a\u00f1os.<\/p>\n<p style=\"text-align: justify;\">Podr\u00e1n postular usuarias y usuarios acreditados de INDAP, con especial foco en j\u00f3venes entre 18 y 40 a\u00f1os, mujeres y personas pertenecientes a pueblos originarios. Los postulantes deben contar con al menos un a\u00f1o de experiencia en actividades silvoagropecuarias, iniciaci\u00f3n de actividades ante el SII y presentar un proyecto productivo para el predio que desean adquirir.<\/p>\n<p style=\"text-align: justify;\">El plazo de postulaci\u00f3n se extiende hasta el\u00a0viernes 03 de octubre,\u00a0a trav\u00e9s del formulario en l\u00ednea disponible en el sitio oficial:\u00a0<a href=\"https:\/\/ee.encuestas.indap.cl\/x\/8l5hzjjA\">https:\/\/ee.encuestas.indap.cl\/x\/8l5hzjjA<\/a>\u00a0o, como segunda opci\u00f3n, de manera presencial en la Direcci\u00f3n Regional y Agencias de \u00c1rea de INDAP.<\/p>\n<p style=\"text-align: justify;\">La iniciativa Tierra Joven forma parte de la Pol\u00edtica Nacional de Juventudes Rurales, lanzada por el Presidente Gabriel Boric, que busca promover la autonom\u00eda econ\u00f3mica, el arraigo territorial y la sostenibilidad del campo chileno.<\/p>\n<\/div><\/section><\/div><div  style='height:50px' class='hr hr-invisible   avia-builder-el-6  el_after_av_one_full  el_before_av_social_share '><span class='hr-inner ' ><span class='hr-inner-style'><\/span><\/span><\/div><\/p>\n<div  class='av-social-sharing-box  avia-builder-el-7  el_after_av_hr  el_before_av_hr  '><div class='av-share-box'><h5 class='av-share-link-description av-no-toc '>Compartir esta noticia<\/h5><ul class='av-share-box-list noLightbox'><li class='av-share-link av-social-link-facebook' ><a target=\"_blank\" aria-label=\"Compartir en Facebook\" href='https:\/\/www.facebook.com\/sharer.php?u=https:\/\/radiorevelacionfm.cl\/?p=59016&#038;t=Indap%20Ays%C3%A9n%20abri%C3%B3%20convocatoria%20a%20la%20iniciativa%20tierra%20joven%20para%20facilitar%20el%20acceso%20a%20la%20tierra%20para%20nuevas%20generaciones%20rurales' aria-hidden='false' data-av_icon='\ue8f3' data-av_iconfont='entypo-fontello' title='' data-avia-related-tooltip='Compartir en Facebook' rel=\"noopener\"><span class='avia_hidden_link_text'>Compartir en Facebook<\/span><\/a><\/li><li class='av-share-link av-social-link-twitter' ><a target=\"_blank\" aria-label=\"Compartir en Twitter\" href='https:\/\/twitter.com\/share?text=Indap%20Ays%C3%A9n%20abri%C3%B3%20convocatoria%20a%20la%20iniciativa%20tierra%20joven%20para%20facilitar%20el%20acceso%20a%20la%20tierra%20para%20nuevas%20generaciones%20rurales&#038;url=https:\/\/radiorevelacionfm.cl\/?p=59016' aria-hidden='false' data-av_icon='\ue8f1' data-av_iconfont='entypo-fontello' title='' data-avia-related-tooltip='Compartir en Twitter' rel=\"noopener\"><span class='avia_hidden_link_text'>Compartir en Twitter<\/span><\/a><\/li><li class='av-share-link av-social-link-whatsapp' ><a target=\"_blank\" aria-label=\"Compartir en Whatsapp\" href='https:\/\/api.whatsapp.com\/send?text=https:\/\/radiorevelacionfm.cl\/?p=59016' aria-hidden='false' data-av_icon='\uf232' data-av_iconfont='entypo-fontello' title='' data-avia-related-tooltip='Compartir en Whatsapp' rel=\"noopener\"><span class='avia_hidden_link_text'>Compartir en Whatsapp<\/span><\/a><\/li><li class='av-share-link av-social-link-linkedin' ><a target=\"_blank\" aria-label=\"Compartir en LinkedIn\" href='https:\/\/linkedin.com\/shareArticle?mini=true&#038;title=Indap%20Ays%C3%A9n%20abri%C3%B3%20convocatoria%20a%20la%20iniciativa%20tierra%20joven%20para%20facilitar%20el%20acceso%20a%20la%20tierra%20para%20nuevas%20generaciones%20rurales&#038;url=https:\/\/radiorevelacionfm.cl\/?p=59016' aria-hidden='false' data-av_icon='\ue8fc' data-av_iconfont='entypo-fontello' title='' data-avia-related-tooltip='Compartir en LinkedIn' rel=\"noopener\"><span class='avia_hidden_link_text'>Compartir en LinkedIn<\/span><\/a><\/li><li class='av-share-link av-social-link-mail' ><a  aria-label=\"Compartir por correo\" href='mailto:?subject=Indap%20Ays%C3%A9n%20abri%C3%B3%20convocatoria%20a%20la%20iniciativa%20tierra%20joven%20para%20facilitar%20el%20acceso%20a%20la%20tierra%20para%20nuevas%20generaciones%20rurales&#038;body=https:\/\/radiorevelacionfm.cl\/?p=59016' aria-hidden='false' data-av_icon='\ue805' data-av_iconfont='entypo-fontello' title='' data-avia-related-tooltip='Compartir por correo'><span class='avia_hidden_link_text'>Compartir por correo<\/span><\/a><\/li><\/ul><\/div><\/div>\n<div  style='height:50px' class='hr hr-invisible   avia-builder-el-8  el_after_av_social_share  el_before_av_comments_list '><span class='hr-inner ' ><span class='hr-inner-style'><\/span><\/span><\/div>\n<div  class='av-buildercomment  av-blog-meta-html-info-disabled av-blog-meta-tag-disabled  '><\/div>\n","protected":false},"excerpt":{"rendered":"","protected":false},"author":1,"featured_media":59017,"comment_status":"closed","ping_status":"closed","sticky":false,"template":"","format":"standard","meta":{"footnotes":""},"categories":[58],"tags":[],"class_list":["post-59016","post","type-post","status-publish","format-standard","has-post-thumbnail","hentry","category-agricultura"],"jetpack_featured_media_url":"https:\/\/radiorevelacionfm.cl\/wp-content\/uploads\/2025\/09\/GRAFICA-TIERRA-JOVEN-1-1.jpg","_links":{"self":[{"href":"https:\/\/radiorevelacionfm.cl\/index.php?rest_route=\/wp\/v2\/posts\/59016","targetHints":{"allow":["GET"]}}],"collection":[{"href":"https:\/\/radiorevelacionfm.cl\/index.php?rest_route=\/wp\/v2\/posts"}],"about":[{"href":"https:\/\/radiorevelacionfm.cl\/index.php?rest_route=\/wp\/v2\/types\/post"}],"author":[{"embeddable":true,"href":"https:\/\/radiorevelacionfm.cl\/index.php?rest_route=\/wp\/v2\/users\/1"}],"replies":[{"embeddable":true,"href":"https:\/\/radiorevelacionfm.cl\/index.php?rest_route=%2Fwp%2Fv2%2Fcomments&post=59016"}],"version-history":[{"count":2,"href":"https:\/\/radiorevelacionfm.cl\/index.php?rest_route=\/wp\/v2\/posts\/59016\/revisions"}],"predecessor-version":[{"id":59019,"href":"https:\/\/radiorevelacionfm.cl\/index.php?rest_route=\/wp\/v2\/posts\/59016\/revisions\/59019"}],"wp:featuredmedia":[{"embeddable":true,"href":"https:\/\/radiorevelacionfm.cl\/index.php?rest_route=\/wp\/v2\/media\/59017"}],"wp:attachment":[{"href":"https:\/\/radiorevelacionfm.cl\/index.php?rest_route=%2Fwp%2Fv2%2Fmedia&parent=59016"}],"wp:term":[{"taxonomy":"category","embeddable":true,"href":"https:\/\/radiorevelacionfm.cl\/index.php?rest_route=%2Fwp%2Fv2%2Fcategories&post=59016"},{"taxonomy":"post_tag","embeddable":true,"href":"https:\/\/radiorevelacionfm.cl\/index.php?rest_route=%2Fwp%2Fv2%2Ftags&post=59016"}],"curies":[{"name":"wp","href":"https:\/\/api.w.org\/{rel}","templated":true}]}}