{"id":59012,"date":"2025-09-10T18:04:55","date_gmt":"2025-09-10T21:04:55","guid":{"rendered":"https:\/\/radiorevelacionfm.cl\/?p=59012"},"modified":"2025-09-10T18:04:55","modified_gmt":"2025-09-10T21:04:55","slug":"inacap-coyhaique-impulsa-alianza-entre-recasur-y-el-liceo-ricardo-navarrete-barria-para-fortalecer-formacion-tecnica","status":"publish","type":"post","link":"https:\/\/radiorevelacionfm.cl\/?p=59012","title":{"rendered":"Inacap Coyhaique impulsa alianza entre Recasur y el Liceo Ricardo Navarrete Barr\u00eda para fortalecer formaci\u00f3n t\u00e9cnica"},"content":{"rendered":"<div class=\"flex_column av_one_full  flex_column_div av-zero-column-padding first  avia-builder-el-0  el_before_av_one_full  avia-builder-el-first  \" style='border-radius:0px; '><div  class='avia-image-container  av-styling-    avia-builder-el-1  avia-builder-el-no-sibling  avia-align-center '  itemprop=\"image\" itemscope=\"itemscope\" itemtype=\"https:\/\/schema.org\/ImageObject\"  ><div class='avia-image-container-inner'><div class='avia-image-overlay-wrap'><img decoding=\"async\" class='wp-image-59013 avia-img-lazy-loading-not-59013 avia_image' src=\"https:\/\/radiorevelacionfm.cl\/wp-content\/uploads\/2025\/09\/Imagen-de-WhatsApp-2025-09-10-a-las-16.08.30_a1e8413f-3-1.jpg\" alt='' title='Imagen de WhatsApp 2025-09-10 a las 16.08.30_a1e8413f (3) (1)' height=\"600\" width=\"800\"  itemprop=\"thumbnailUrl\" srcset=\"https:\/\/radiorevelacionfm.cl\/wp-content\/uploads\/2025\/09\/Imagen-de-WhatsApp-2025-09-10-a-las-16.08.30_a1e8413f-3-1.jpg 800w, https:\/\/radiorevelacionfm.cl\/wp-content\/uploads\/2025\/09\/Imagen-de-WhatsApp-2025-09-10-a-las-16.08.30_a1e8413f-3-1-300x225.jpg 300w, https:\/\/radiorevelacionfm.cl\/wp-content\/uploads\/2025\/09\/Imagen-de-WhatsApp-2025-09-10-a-las-16.08.30_a1e8413f-3-1-768x576.jpg 768w, https:\/\/radiorevelacionfm.cl\/wp-content\/uploads\/2025\/09\/Imagen-de-WhatsApp-2025-09-10-a-las-16.08.30_a1e8413f-3-1-705x529.jpg 705w, https:\/\/radiorevelacionfm.cl\/wp-content\/uploads\/2025\/09\/Imagen-de-WhatsApp-2025-09-10-a-las-16.08.30_a1e8413f-3-1-450x338.jpg 450w, https:\/\/radiorevelacionfm.cl\/wp-content\/uploads\/2025\/09\/Imagen-de-WhatsApp-2025-09-10-a-las-16.08.30_a1e8413f-3-1-600x450.jpg 600w\" sizes=\"(max-width: 800px) 100vw, 800px\" \/><\/div><\/div><\/div><\/div><div class=\"flex_column av_one_full  flex_column_div av-zero-column-padding first  avia-builder-el-2  el_after_av_one_full  el_before_av_one_full  column-top-margin\" style='border-radius:0px; '><section class=\"av_textblock_section \"  itemscope=\"itemscope\" itemtype=\"https:\/\/schema.org\/BlogPosting\" itemprop=\"blogPost\" ><div class='avia_textblock  '   itemprop=\"text\" ><p style=\"text-align: center;\"><strong><span style=\"font-size: 18pt;\">Inacap Coyhaique impulsa alianza entre Recasur y el Liceo Ricardo Navarrete Barr\u00eda para fortalecer formaci\u00f3n t\u00e9cnica<\/span><\/strong><\/p>\n<div id=\"gtx-trans\" style=\"position: absolute; left: -50px; top: 4.31534px;\">\n<div class=\"gtx-trans-icon\"><\/div>\n<\/div>\n<\/div><\/section><\/div><div class=\"flex_column av_one_full  flex_column_div av-zero-column-padding first  avia-builder-el-4  el_after_av_one_full  el_before_av_hr  column-top-margin\" style='border-radius:0px; '><section class=\"av_textblock_section \"  itemscope=\"itemscope\" itemtype=\"https:\/\/schema.org\/BlogPosting\" itemprop=\"blogPost\" ><div class='avia_textblock  '   itemprop=\"text\" ><p style=\"text-align: justify;\">En el marco del Programa CAUCE 2025, este martes se concret\u00f3 la firma de un importante convenio de colaboraci\u00f3n entre la empresa Recasur y el Liceo Bicentenario Ricardo Navarrete Barr\u00eda, que permitir\u00e1 a seis estudiantes de la especialidad de Mec\u00e1nica Automotriz realizar su pasant\u00eda profesional durante los meses de septiembre y octubre.<\/p>\n<p style=\"text-align: justify;\">Gracias a esta alianza, los estudiantes podr\u00e1n acercarse al mundo laboral, fortaleciendo sus competencias t\u00e9cnicas y profesionales en un entorno real de trabajo. La actividad cont\u00f3 con la presencia de Jos\u00e9 Garay, Gerente Comercial de Recasur Coyhaique, quien destac\u00f3 el compromiso de la empresa con la formaci\u00f3n de futuros t\u00e9cnicos, as\u00ed como de Luis \u00c1vila y Vigdis V\u00e1squez, quienes ofrecieron una charla t\u00e9cnica que permiti\u00f3 a los estudiantes conocer en profundidad el quehacer de la organizaci\u00f3n.<\/p>\n<p style=\"text-align: justify;\"><strong>Macarena D\u00edaz<\/strong>, coordinadora del Programa CAUCE\u2013CEDEM de INACAP sede Coyhaique, valor\u00f3 la instancia se\u00f1alando \u201cEste tipo de convenios son fundamentales para cumplir el prop\u00f3sito del Programa CAUCE, que busca vincular de manera efectiva la educaci\u00f3n con el sector productivo. Generar experiencias reales de aprendizaje en contextos laborales permite a los estudiantes proyectarse profesionalmente y tomar decisiones m\u00e1s informadas sobre su futuro.\u201d<\/p>\n<p style=\"text-align: justify;\">Por su parte, el director del liceo,\u00a0<strong>profesor Ricardo Navarrete Barr\u00eda<\/strong>, Rub\u00e9n Vald\u00e9s expres\u00f3 \u201cEstamos muy agradecidos por la disposici\u00f3n de Recasur y por el apoyo de INACAP a trav\u00e9s del Programa CAUCE. Estas oportunidades marcan una diferencia significativa en la formaci\u00f3n de nuestros estudiantes, ya que les permiten aplicar lo aprendido en el aula y desarrollar habilidades que solo se adquieren en el terreno.\u201d<\/p>\n<p style=\"text-align: justify;\">Por su parte Jos\u00e9 Garay, Gerente Comercial de RECASUR Coyhaique comento que \u201cEs una oportunidad mutua para nosotros como empresa poder apoyar al desarrollo profesional de los estudiantes en su tiempo de pasant\u00eda por nuestra empresa y tambi\u00e9n es importante para ellos tener la primera aproximaci\u00f3n del mundo laboral, por lo que agradecemos al Liceo y Inacap permitirnos ser parte de este programa donde esperamos una experiencia positiva para ambas partes.\u201d<\/p>\n<p style=\"text-align: justify;\">El Programa CAUCE contin\u00faa generando alianzas significativas entre instituciones educativas y empresas, con el objetivo de impactar positivamente en la formaci\u00f3n de los estudiantes y contribuir al desarrollo de la regi\u00f3n.<\/p>\n<\/div><\/section><\/div><div  style='height:50px' class='hr hr-invisible   avia-builder-el-6  el_after_av_one_full  el_before_av_social_share '><span class='hr-inner ' ><span class='hr-inner-style'><\/span><\/span><\/div><\/p>\n<div  class='av-social-sharing-box  avia-builder-el-7  el_after_av_hr  el_before_av_hr  '><div class='av-share-box'><h5 class='av-share-link-description av-no-toc '>Compartir esta noticia<\/h5><ul class='av-share-box-list noLightbox'><li class='av-share-link av-social-link-facebook' ><a target=\"_blank\" aria-label=\"Compartir en Facebook\" href='https:\/\/www.facebook.com\/sharer.php?u=https:\/\/radiorevelacionfm.cl\/?p=59012&#038;t=Inacap%20Coyhaique%20impulsa%20alianza%20entre%20Recasur%20y%20el%20Liceo%20Ricardo%20Navarrete%20Barr%C3%ADa%20para%20fortalecer%20formaci%C3%B3n%20t%C3%A9cnica' aria-hidden='false' data-av_icon='\ue8f3' data-av_iconfont='entypo-fontello' title='' data-avia-related-tooltip='Compartir en Facebook' rel=\"noopener\"><span class='avia_hidden_link_text'>Compartir en Facebook<\/span><\/a><\/li><li class='av-share-link av-social-link-twitter' ><a target=\"_blank\" aria-label=\"Compartir en Twitter\" href='https:\/\/twitter.com\/share?text=Inacap%20Coyhaique%20impulsa%20alianza%20entre%20Recasur%20y%20el%20Liceo%20Ricardo%20Navarrete%20Barr%C3%ADa%20para%20fortalecer%20formaci%C3%B3n%20t%C3%A9cnica&#038;url=https:\/\/radiorevelacionfm.cl\/?p=59012' aria-hidden='false' data-av_icon='\ue8f1' data-av_iconfont='entypo-fontello' title='' data-avia-related-tooltip='Compartir en Twitter' rel=\"noopener\"><span class='avia_hidden_link_text'>Compartir en Twitter<\/span><\/a><\/li><li class='av-share-link av-social-link-whatsapp' ><a target=\"_blank\" aria-label=\"Compartir en Whatsapp\" href='https:\/\/api.whatsapp.com\/send?text=https:\/\/radiorevelacionfm.cl\/?p=59012' aria-hidden='false' data-av_icon='\uf232' data-av_iconfont='entypo-fontello' title='' data-avia-related-tooltip='Compartir en Whatsapp' rel=\"noopener\"><span class='avia_hidden_link_text'>Compartir en Whatsapp<\/span><\/a><\/li><li class='av-share-link av-social-link-linkedin' ><a target=\"_blank\" aria-label=\"Compartir en LinkedIn\" href='https:\/\/linkedin.com\/shareArticle?mini=true&#038;title=Inacap%20Coyhaique%20impulsa%20alianza%20entre%20Recasur%20y%20el%20Liceo%20Ricardo%20Navarrete%20Barr%C3%ADa%20para%20fortalecer%20formaci%C3%B3n%20t%C3%A9cnica&#038;url=https:\/\/radiorevelacionfm.cl\/?p=59012' aria-hidden='false' data-av_icon='\ue8fc' data-av_iconfont='entypo-fontello' title='' data-avia-related-tooltip='Compartir en LinkedIn' rel=\"noopener\"><span class='avia_hidden_link_text'>Compartir en LinkedIn<\/span><\/a><\/li><li class='av-share-link av-social-link-mail' ><a  aria-label=\"Compartir por correo\" href='mailto:?subject=Inacap%20Coyhaique%20impulsa%20alianza%20entre%20Recasur%20y%20el%20Liceo%20Ricardo%20Navarrete%20Barr%C3%ADa%20para%20fortalecer%20formaci%C3%B3n%20t%C3%A9cnica&#038;body=https:\/\/radiorevelacionfm.cl\/?p=59012' aria-hidden='false' data-av_icon='\ue805' data-av_iconfont='entypo-fontello' title='' data-avia-related-tooltip='Compartir por correo'><span class='avia_hidden_link_text'>Compartir por correo<\/span><\/a><\/li><\/ul><\/div><\/div>\n<div  style='height:50px' class='hr hr-invisible   avia-builder-el-8  el_after_av_social_share  el_before_av_comments_list '><span class='hr-inner ' ><span class='hr-inner-style'><\/span><\/span><\/div>\n<div  class='av-buildercomment  av-blog-meta-html-info-disabled av-blog-meta-tag-disabled  '><\/div>\n","protected":false},"excerpt":{"rendered":"","protected":false},"author":1,"featured_media":59013,"comment_status":"closed","ping_status":"closed","sticky":false,"template":"","format":"standard","meta":{"footnotes":""},"categories":[49],"tags":[],"class_list":["post-59012","post","type-post","status-publish","format-standard","has-post-thumbnail","hentry","category-educacion"],"jetpack_featured_media_url":"https:\/\/radiorevelacionfm.cl\/wp-content\/uploads\/2025\/09\/Imagen-de-WhatsApp-2025-09-10-a-las-16.08.30_a1e8413f-3-1.jpg","_links":{"self":[{"href":"https:\/\/radiorevelacionfm.cl\/index.php?rest_route=\/wp\/v2\/posts\/59012","targetHints":{"allow":["GET"]}}],"collection":[{"href":"https:\/\/radiorevelacionfm.cl\/index.php?rest_route=\/wp\/v2\/posts"}],"about":[{"href":"https:\/\/radiorevelacionfm.cl\/index.php?rest_route=\/wp\/v2\/types\/post"}],"author":[{"embeddable":true,"href":"https:\/\/radiorevelacionfm.cl\/index.php?rest_route=\/wp\/v2\/users\/1"}],"replies":[{"embeddable":true,"href":"https:\/\/radiorevelacionfm.cl\/index.php?rest_route=%2Fwp%2Fv2%2Fcomments&post=59012"}],"version-history":[{"count":2,"href":"https:\/\/radiorevelacionfm.cl\/index.php?rest_route=\/wp\/v2\/posts\/59012\/revisions"}],"predecessor-version":[{"id":59015,"href":"https:\/\/radiorevelacionfm.cl\/index.php?rest_route=\/wp\/v2\/posts\/59012\/revisions\/59015"}],"wp:featuredmedia":[{"embeddable":true,"href":"https:\/\/radiorevelacionfm.cl\/index.php?rest_route=\/wp\/v2\/media\/59013"}],"wp:attachment":[{"href":"https:\/\/radiorevelacionfm.cl\/index.php?rest_route=%2Fwp%2Fv2%2Fmedia&parent=59012"}],"wp:term":[{"taxonomy":"category","embeddable":true,"href":"https:\/\/radiorevelacionfm.cl\/index.php?rest_route=%2Fwp%2Fv2%2Fcategories&post=59012"},{"taxonomy":"post_tag","embeddable":true,"href":"https:\/\/radiorevelacionfm.cl\/index.php?rest_route=%2Fwp%2Fv2%2Ftags&post=59012"}],"curies":[{"name":"wp","href":"https:\/\/api.w.org\/{rel}","templated":true}]}}