{"id":59006,"date":"2025-09-10T17:39:53","date_gmt":"2025-09-10T20:39:53","guid":{"rendered":"https:\/\/radiorevelacionfm.cl\/?p=59006"},"modified":"2025-09-10T17:39:53","modified_gmt":"2025-09-10T20:39:53","slug":"nueve-medallas-suma-la-region-de-aysen-en-los-juegos-escolares","status":"publish","type":"post","link":"https:\/\/radiorevelacionfm.cl\/?p=59006","title":{"rendered":"Nueve medallas suma la regi\u00f3n de Ays\u00e9n en los Juegos Escolares"},"content":{"rendered":"<div class=\"flex_column av_one_full  flex_column_div av-zero-column-padding first  avia-builder-el-0  el_before_av_one_full  avia-builder-el-first  \" style='border-radius:0px; '><div  class='avia-image-container  av-styling-    avia-builder-el-1  avia-builder-el-no-sibling  avia-align-center '  itemprop=\"image\" itemscope=\"itemscope\" itemtype=\"https:\/\/schema.org\/ImageObject\"  ><div class='avia-image-container-inner'><div class='avia-image-overlay-wrap'><img decoding=\"async\" class='wp-image-59007 avia-img-lazy-loading-not-59007 avia_image' src=\"https:\/\/radiorevelacionfm.cl\/wp-content\/uploads\/2025\/09\/544792067_1215906420564429_7300379155145133780_n-1-1.jpg\" alt='' title='544792067_1215906420564429_7300379155145133780_n (1) (1)' height=\"800\" width=\"800\"  itemprop=\"thumbnailUrl\" srcset=\"https:\/\/radiorevelacionfm.cl\/wp-content\/uploads\/2025\/09\/544792067_1215906420564429_7300379155145133780_n-1-1.jpg 800w, https:\/\/radiorevelacionfm.cl\/wp-content\/uploads\/2025\/09\/544792067_1215906420564429_7300379155145133780_n-1-1-300x300.jpg 300w, https:\/\/radiorevelacionfm.cl\/wp-content\/uploads\/2025\/09\/544792067_1215906420564429_7300379155145133780_n-1-1-80x80.jpg 80w, https:\/\/radiorevelacionfm.cl\/wp-content\/uploads\/2025\/09\/544792067_1215906420564429_7300379155145133780_n-1-1-768x768.jpg 768w, https:\/\/radiorevelacionfm.cl\/wp-content\/uploads\/2025\/09\/544792067_1215906420564429_7300379155145133780_n-1-1-36x36.jpg 36w, https:\/\/radiorevelacionfm.cl\/wp-content\/uploads\/2025\/09\/544792067_1215906420564429_7300379155145133780_n-1-1-180x180.jpg 180w, https:\/\/radiorevelacionfm.cl\/wp-content\/uploads\/2025\/09\/544792067_1215906420564429_7300379155145133780_n-1-1-705x705.jpg 705w, https:\/\/radiorevelacionfm.cl\/wp-content\/uploads\/2025\/09\/544792067_1215906420564429_7300379155145133780_n-1-1-120x120.jpg 120w, https:\/\/radiorevelacionfm.cl\/wp-content\/uploads\/2025\/09\/544792067_1215906420564429_7300379155145133780_n-1-1-450x450.jpg 450w, https:\/\/radiorevelacionfm.cl\/wp-content\/uploads\/2025\/09\/544792067_1215906420564429_7300379155145133780_n-1-1-600x600.jpg 600w, https:\/\/radiorevelacionfm.cl\/wp-content\/uploads\/2025\/09\/544792067_1215906420564429_7300379155145133780_n-1-1-100x100.jpg 100w\" sizes=\"(max-width: 800px) 100vw, 800px\" \/><\/div><\/div><\/div><\/div><div class=\"flex_column av_one_full  flex_column_div av-zero-column-padding first  avia-builder-el-2  el_after_av_one_full  el_before_av_one_full  column-top-margin\" style='border-radius:0px; '><section class=\"av_textblock_section \"  itemscope=\"itemscope\" itemtype=\"https:\/\/schema.org\/BlogPosting\" itemprop=\"blogPost\" ><div class='avia_textblock  '   itemprop=\"text\" ><p style=\"text-align: center;\"><span style=\"font-size: 18pt;\"><b>Nueve medallas suma la regi\u00f3n de Ays\u00e9n en los Juegos Escolares<\/b><\/span><\/p>\n<div id=\"gtx-trans\" style=\"position: absolute; left: -50px; top: 4.31534px;\">\n<div class=\"gtx-trans-icon\"><\/div>\n<\/div>\n<\/div><\/section><\/div><div class=\"flex_column av_one_full  flex_column_div av-zero-column-padding first  avia-builder-el-4  el_after_av_one_full  el_before_av_hr  column-top-margin\" style='border-radius:0px; '><section class=\"av_textblock_section \"  itemscope=\"itemscope\" itemtype=\"https:\/\/schema.org\/BlogPosting\" itemprop=\"blogPost\" ><div class='avia_textblock  '   itemprop=\"text\" ><p style=\"text-align: justify;\"><em>Atletismo, \u00a0nataci\u00f3n y judo aportaron las primeras medallas\u00a0en la Final Nacional sub 14 que se realiza entre el 30 de agosto al 11 de septiembre en el Parque Estadio Nacional.<\/em><\/p>\n<p style=\"text-align: justify;\">La delegaci\u00f3n de Ays\u00e9n cosech\u00f3 los primeros \u00e9xitos en Juegos Deportivos Escolares 2025, evento organizado por el Ministerio del Deporte y ejecutado por el Instituto Nacional de Deportes (IND) en colaboraci\u00f3n con el Ministerio de Educaci\u00f3n.<\/p>\n<p style=\"text-align: justify;\">La primera medalla la obtuvo Emilia Salinas en el\u00a0pentatl\u00f3n\u00a0logrando la medalla de plata y posteriormente Isidora Loyola en\u00a0nataci\u00f3n\u00a0otorg\u00f3 2 oros en 100 mts. mariposa y 200 combinado, plata en 400 metros libres y en 50 mts,. Mariposa, adem\u00e1s logr\u00f3 un nuevo r\u00e9cord nacional infantil B 50 Mts. mariposa con un tiempo de 30.77.<\/p>\n<p style=\"text-align: justify;\">De esta Forma Isidora, se convierte en\u00a0la primera deportista de Ays\u00e9n clasificada\u00a0al sudamericano escolar, Asunci\u00f3n- Paraguay 2025.<\/p>\n<p style=\"text-align: justify;\">Posteriormente, el judo\u00a0nos entreg\u00f3 nuevas alegr\u00edas con el\u00a0oro de\u00a0\u00a0Isabella Rivera y Antonio Soto,\u00a0en tanto que,\u00a0Mart\u00edn Rojas y Crist\u00f3bal Mancilla, lograron la medalla de bronce.<\/p>\n<p style=\"text-align: justify;\">Asimismo, el\u00a0equipo de varones\u00a0logr\u00f3 el tercer lugar\u00a0y copa de los Juegos,\u00a0sumando adem\u00e1s dos clasificados al sudamericano escolar.<\/p>\n<p>En\u00a0ajedrez, Leonor Abarca alcanz\u00f3 la posici\u00f3n 14 y Mail\u00e9n Torres 34 del ranking\u00a0Final despu\u00e9s de 7 rondas. Javier Concha qued\u00f3 N\u00b0 30 del ranking y Daniel Alvarado N\u00b0 31 de la final escolar absoluta, sin duda una importante experiencia para seguir creciendo en el ajedrez.<\/p>\n<p style=\"text-align: justify;\">En balonmano\u00a0la selecci\u00f3n femenina disput\u00f3 el puesto 15 y 16 ante el seleccionado de Los Lagos quien termin\u00f3 por imponerse por 17 puntos contra 14 de Ays\u00e9n.<\/p>\n<p style=\"text-align: justify;\">Los varones en tanto avanzaron hasta la definici\u00f3n del 15\u00b0 y 16\u00b0 lugar frente a Los Lagos, no logrando superar al contrincante siendo superados por 17\/14.<\/p>\n<p style=\"text-align: justify;\">En\u00a0b\u00e1squetbol\u00a0la selecci\u00f3n femenina venci\u00f3 en la regi\u00f3n de Arica y Parinacota por 61\/38 puntos, para disputar el 11\u00b0 y 12\u00b0 lugar frente a la selecci\u00f3n de Los R\u00edos.<\/p>\n<p style=\"text-align: justify;\">Los varones en tanto, en la primera jornada vencieron a la Regi\u00f3n de Arica y Parinacota por 78\/44 ptos., y posteriormente la selecci\u00f3n Ays\u00e9n volvi\u00f3 a imponerse por 61\/55 puntos y qued\u00f3 en onceava posici\u00f3n.<\/p>\n<p style=\"text-align: justify;\"><strong>Ciclismo<\/strong><\/p>\n<p style=\"text-align: justify;\">En la prueba de gran fondo 30 km Kehira Miranda ocup\u00f3 la posici\u00f3n 25, mientras que su compa\u00f1era Florencia Segura culmin\u00f3 en la posici\u00f3n 27. Asimismo, en la prueba gran fondo 40 kms. varones, Tomas Matus, logr\u00f3 la posici\u00f3n 18, mientras que Alonso Molina alcanz\u00f3 la posici\u00f3n 26.<\/p>\n<p style=\"text-align: justify;\">En la prueba de contrarreloj realizada en Isla de Maipo, Florencia Segura y Kehira Miranda alcanzaron la posici\u00f3n 26 y 27 respectivamente.<\/p>\n<p style=\"text-align: justify;\">En la \u00a0contra reloj varones Tomas Matus alcanz\u00f3 una notable 12\u00b0 posici\u00f3n, mientras que su compa\u00f1ero Alonso Molina escal\u00f3 la 25\u00b0 posici\u00f3n.<\/p>\n<p style=\"text-align: justify;\"><strong>Futsal<\/strong><\/p>\n<p style=\"text-align: justify;\">En futsal damas en la primera jornada Ays\u00e9n venci\u00f3\u00a0 a su par de Coquimbo por 8 puntos contra 1, quedando a la espera del participar del d\u00eda 10 de septiembre frente a la selecci\u00f3n de \u00d1uble.<\/p>\n<p style=\"text-align: justify;\">Los varones entre tanto, sostuvieron un intenso partido con la regi\u00f3n de Antofagasta el que culmin\u00f3 por definici\u00f3n a penales favoreciendo a la regi\u00f3n nortina y este mi\u00e9rcoles 10 de septiembre esperan su \u00faltimo partido frente a la regi\u00f3n Metropolitana por la definici\u00f3n de lugar N\u00b0 15.<\/p>\n<p style=\"text-align: justify;\"><strong>Voleibol<\/strong><\/p>\n<p style=\"text-align: justify;\">En damas en la primera jornada Ays\u00e9n cay\u00f3 frente a Araucan\u00eda y espera partido para este mi\u00e9rcoles 10 frente a la regi\u00f3n de Antofagasta.<\/p>\n<p style=\"text-align: justify;\">Los varones, entretanto, en la primera jornada vencieron a la regi\u00f3n de Arica y Parinacota y quedan en espera del partido frente a la regi\u00f3n de Antofagasta.<\/p>\n<p style=\"text-align: justify;\"><strong>Tenis de Mesa<\/strong><\/p>\n<p style=\"text-align: justify;\">En damas Maite Cid disput\u00f3 su grupo frente a las regiones de Los Lagos, Valpara\u00edso\u00a0 y\u00a0 Coquimbo, mientras que Consuelo Villablanca se enfrent\u00f3 en el grupo 6\u00a0 a las regiones de Valpara\u00edso, Biob\u00edo, Arica y Parinacota, logrando imponerse a la representante de Valpara\u00edso por 3 set a 2 respectivamente. En tanto que por equipo damas la selecci\u00f3n aysenina cay\u00f3 en octavos de final frente a Valpara\u00edso.<\/p>\n<p style=\"text-align: justify;\">En Varones en la fase de grupos Ricardo Ruiz venci\u00f3 3\/0 al representante de Atacama, para posteriormente no lograr superar al representante de la regi\u00f3n de Biob\u00edo. Asimismo, Ignacio Mansilla, en fase de grupos venci\u00f3 al representante del Maule y al seleccionado de Antofagasta. Posteriormente en octavos de final fue superado \u00a0por Arica y Parinacota. En la competencia por equipos los seleccionados de Ays\u00e9n no lograron superar el juego del equipo de Regi\u00f3n de O\u2019Higgins.<\/p>\n<p style=\"text-align: justify;\">En la pr\u00f3xima jornada, se espera la definici\u00f3n de las disciplinas de voleibol y futsal para luego dar comienzo al retorno a la regi\u00f3n de las delegaciones que a\u00fan siguen en competencia.<\/p>\n<\/div><\/section><\/div><div  style='height:50px' class='hr hr-invisible   avia-builder-el-6  el_after_av_one_full  el_before_av_social_share '><span class='hr-inner ' ><span class='hr-inner-style'><\/span><\/span><\/div><\/p>\n<div  class='av-social-sharing-box  avia-builder-el-7  el_after_av_hr  el_before_av_hr  '><div class='av-share-box'><h5 class='av-share-link-description av-no-toc '>Compartir esta noticia<\/h5><ul class='av-share-box-list noLightbox'><li class='av-share-link av-social-link-facebook' ><a target=\"_blank\" aria-label=\"Compartir en Facebook\" href='https:\/\/www.facebook.com\/sharer.php?u=https:\/\/radiorevelacionfm.cl\/?p=59006&#038;t=Nueve%20medallas%20suma%20la%20regi%C3%B3n%20de%20Ays%C3%A9n%20en%20los%20Juegos%20Escolares' aria-hidden='false' data-av_icon='\ue8f3' data-av_iconfont='entypo-fontello' title='' data-avia-related-tooltip='Compartir en Facebook' rel=\"noopener\"><span class='avia_hidden_link_text'>Compartir en Facebook<\/span><\/a><\/li><li class='av-share-link av-social-link-twitter' ><a target=\"_blank\" aria-label=\"Compartir en Twitter\" href='https:\/\/twitter.com\/share?text=Nueve%20medallas%20suma%20la%20regi%C3%B3n%20de%20Ays%C3%A9n%20en%20los%20Juegos%20Escolares&#038;url=https:\/\/radiorevelacionfm.cl\/?p=59006' aria-hidden='false' data-av_icon='\ue8f1' data-av_iconfont='entypo-fontello' title='' data-avia-related-tooltip='Compartir en Twitter' rel=\"noopener\"><span class='avia_hidden_link_text'>Compartir en Twitter<\/span><\/a><\/li><li class='av-share-link av-social-link-whatsapp' ><a target=\"_blank\" aria-label=\"Compartir en Whatsapp\" href='https:\/\/api.whatsapp.com\/send?text=https:\/\/radiorevelacionfm.cl\/?p=59006' aria-hidden='false' data-av_icon='\uf232' data-av_iconfont='entypo-fontello' title='' data-avia-related-tooltip='Compartir en Whatsapp' rel=\"noopener\"><span class='avia_hidden_link_text'>Compartir en Whatsapp<\/span><\/a><\/li><li class='av-share-link av-social-link-linkedin' ><a target=\"_blank\" aria-label=\"Compartir en LinkedIn\" href='https:\/\/linkedin.com\/shareArticle?mini=true&#038;title=Nueve%20medallas%20suma%20la%20regi%C3%B3n%20de%20Ays%C3%A9n%20en%20los%20Juegos%20Escolares&#038;url=https:\/\/radiorevelacionfm.cl\/?p=59006' aria-hidden='false' data-av_icon='\ue8fc' data-av_iconfont='entypo-fontello' title='' data-avia-related-tooltip='Compartir en LinkedIn' rel=\"noopener\"><span class='avia_hidden_link_text'>Compartir en LinkedIn<\/span><\/a><\/li><li class='av-share-link av-social-link-mail' ><a  aria-label=\"Compartir por correo\" href='mailto:?subject=Nueve%20medallas%20suma%20la%20regi%C3%B3n%20de%20Ays%C3%A9n%20en%20los%20Juegos%20Escolares&#038;body=https:\/\/radiorevelacionfm.cl\/?p=59006' aria-hidden='false' data-av_icon='\ue805' data-av_iconfont='entypo-fontello' title='' data-avia-related-tooltip='Compartir por correo'><span class='avia_hidden_link_text'>Compartir por correo<\/span><\/a><\/li><\/ul><\/div><\/div>\n<div  style='height:50px' class='hr hr-invisible   avia-builder-el-8  el_after_av_social_share  el_before_av_comments_list '><span class='hr-inner ' ><span class='hr-inner-style'><\/span><\/span><\/div>\n<div  class='av-buildercomment  av-blog-meta-html-info-disabled av-blog-meta-tag-disabled  '><\/div>\n","protected":false},"excerpt":{"rendered":"","protected":false},"author":1,"featured_media":59007,"comment_status":"closed","ping_status":"closed","sticky":false,"template":"","format":"standard","meta":{"footnotes":""},"categories":[40],"tags":[],"class_list":["post-59006","post","type-post","status-publish","format-standard","has-post-thumbnail","hentry","category-deportes"],"jetpack_featured_media_url":"https:\/\/radiorevelacionfm.cl\/wp-content\/uploads\/2025\/09\/544792067_1215906420564429_7300379155145133780_n-1-1.jpg","_links":{"self":[{"href":"https:\/\/radiorevelacionfm.cl\/index.php?rest_route=\/wp\/v2\/posts\/59006","targetHints":{"allow":["GET"]}}],"collection":[{"href":"https:\/\/radiorevelacionfm.cl\/index.php?rest_route=\/wp\/v2\/posts"}],"about":[{"href":"https:\/\/radiorevelacionfm.cl\/index.php?rest_route=\/wp\/v2\/types\/post"}],"author":[{"embeddable":true,"href":"https:\/\/radiorevelacionfm.cl\/index.php?rest_route=\/wp\/v2\/users\/1"}],"replies":[{"embeddable":true,"href":"https:\/\/radiorevelacionfm.cl\/index.php?rest_route=%2Fwp%2Fv2%2Fcomments&post=59006"}],"version-history":[{"count":2,"href":"https:\/\/radiorevelacionfm.cl\/index.php?rest_route=\/wp\/v2\/posts\/59006\/revisions"}],"predecessor-version":[{"id":59009,"href":"https:\/\/radiorevelacionfm.cl\/index.php?rest_route=\/wp\/v2\/posts\/59006\/revisions\/59009"}],"wp:featuredmedia":[{"embeddable":true,"href":"https:\/\/radiorevelacionfm.cl\/index.php?rest_route=\/wp\/v2\/media\/59007"}],"wp:attachment":[{"href":"https:\/\/radiorevelacionfm.cl\/index.php?rest_route=%2Fwp%2Fv2%2Fmedia&parent=59006"}],"wp:term":[{"taxonomy":"category","embeddable":true,"href":"https:\/\/radiorevelacionfm.cl\/index.php?rest_route=%2Fwp%2Fv2%2Fcategories&post=59006"},{"taxonomy":"post_tag","embeddable":true,"href":"https:\/\/radiorevelacionfm.cl\/index.php?rest_route=%2Fwp%2Fv2%2Ftags&post=59006"}],"curies":[{"name":"wp","href":"https:\/\/api.w.org\/{rel}","templated":true}]}}