{"id":59002,"date":"2025-09-10T20:51:38","date_gmt":"2025-09-10T23:51:38","guid":{"rendered":"https:\/\/radiorevelacionfm.cl\/?p=59002"},"modified":"2025-09-10T20:51:38","modified_gmt":"2025-09-10T23:51:38","slug":"en-el-marco-del-plan-nacional-de-busqueda-gobierno-entrega-las-primeras-carpetas-de-calificacion-a-familiares-de-detenidos-desaparecidos-en-la-region-de-aysen","status":"publish","type":"post","link":"https:\/\/radiorevelacionfm.cl\/?p=59002","title":{"rendered":"En el marco del Plan Nacional de B\u00fasqueda: Gobierno entrega las primeras carpetas de calificaci\u00f3n a familiares de detenidos desaparecidos en la regi\u00f3n de Ays\u00e9n"},"content":{"rendered":"<div class=\"flex_column av_one_full  flex_column_div av-zero-column-padding first  avia-builder-el-0  el_before_av_one_full  avia-builder-el-first  \" style='border-radius:0px; '><div  class='avia-image-container  av-styling-    avia-builder-el-1  avia-builder-el-no-sibling  avia-align-center '  itemprop=\"image\" itemscope=\"itemscope\" itemtype=\"https:\/\/schema.org\/ImageObject\"  ><div class='avia-image-container-inner'><div class='avia-image-overlay-wrap'><img decoding=\"async\" class='wp-image-59003 avia-img-lazy-loading-not-59003 avia_image' src=\"https:\/\/radiorevelacionfm.cl\/wp-content\/uploads\/2025\/09\/carpetas-6-1_optimized-1.jpg\" alt='' title='carpetas-6-(1)_optimized (1)' height=\"600\" width=\"1177\"  itemprop=\"thumbnailUrl\" srcset=\"https:\/\/radiorevelacionfm.cl\/wp-content\/uploads\/2025\/09\/carpetas-6-1_optimized-1.jpg 1177w, https:\/\/radiorevelacionfm.cl\/wp-content\/uploads\/2025\/09\/carpetas-6-1_optimized-1-300x153.jpg 300w, https:\/\/radiorevelacionfm.cl\/wp-content\/uploads\/2025\/09\/carpetas-6-1_optimized-1-1030x525.jpg 1030w, https:\/\/radiorevelacionfm.cl\/wp-content\/uploads\/2025\/09\/carpetas-6-1_optimized-1-768x392.jpg 768w, https:\/\/radiorevelacionfm.cl\/wp-content\/uploads\/2025\/09\/carpetas-6-1_optimized-1-705x359.jpg 705w, https:\/\/radiorevelacionfm.cl\/wp-content\/uploads\/2025\/09\/carpetas-6-1_optimized-1-450x229.jpg 450w, https:\/\/radiorevelacionfm.cl\/wp-content\/uploads\/2025\/09\/carpetas-6-1_optimized-1-600x306.jpg 600w\" sizes=\"(max-width: 1177px) 100vw, 1177px\" \/><\/div><\/div><\/div><\/div><div class=\"flex_column av_one_full  flex_column_div av-zero-column-padding first  avia-builder-el-2  el_after_av_one_full  el_before_av_one_full  column-top-margin\" style='border-radius:0px; '><section class=\"av_textblock_section \"  itemscope=\"itemscope\" itemtype=\"https:\/\/schema.org\/BlogPosting\" itemprop=\"blogPost\" ><div class='avia_textblock  '   itemprop=\"text\" ><p style=\"text-align: center;\"><strong><span style=\"font-size: 18pt;\">En el marco del Plan Nacional de B\u00fasqueda: Gobierno entrega las primeras carpetas de calificaci\u00f3n a familiares de detenidos desaparecidos en la regi\u00f3n de Ays\u00e9n<\/span><\/strong><\/p>\n<div id=\"gtx-trans\" style=\"position: absolute; left: -50px; top: 4.31534px;\">\n<div class=\"gtx-trans-icon\"><\/div>\n<\/div>\n<\/div><\/section><\/div><div class=\"flex_column av_one_full  flex_column_div av-zero-column-padding first  avia-builder-el-4  el_after_av_one_full  el_before_av_hr  column-top-margin\" style='border-radius:0px; '><section class=\"av_textblock_section \"  itemscope=\"itemscope\" itemtype=\"https:\/\/schema.org\/BlogPosting\" itemprop=\"blogPost\" ><div class='avia_textblock  '   itemprop=\"text\" ><p style=\"text-align: justify;\"><strong><em>La entrega de carpetas calificaci\u00f3n busca reconstruir la memoria y avanzar hacia la verdad y la justicia.<\/em><\/strong><\/p>\n<p style=\"text-align: justify;\">En una solemne y emotiva ceremonia realizada en dependencias de la Corte de Apelaciones de Coyhaique, se llev\u00f3 a cabo la entrega de 3 carpetas de calificaci\u00f3n a familiares de v\u00edctimas de desaparici\u00f3n forzada y ejecuci\u00f3n pol\u00edtica ocurridas en la Regi\u00f3n de Ays\u00e9n durante la dictadura civil militar (1973-1990). Instancia que cont\u00f3 con la presencia de autoridades regionales encabezadas por el delegado presidencial regional Jorge D\u00edaz Guzm\u00e1n, adem\u00e1s de representantes de la Agrupaci\u00f3n de Derechos Humanos, del Programa de Reparaci\u00f3n y Atenci\u00f3n en Salud (PRAIS) y del Jefe Regional del Instituto Nacional de Derechos Humanos de la regi\u00f3n de Ays\u00e9n.<\/p>\n<p style=\"text-align: justify;\">Cabe mencionar que las carpetas de calificaci\u00f3n son\u00a0archivos que contienen documentaci\u00f3n oficial sobre v\u00edctimas de desaparici\u00f3n forzada y ejecuci\u00f3n pol\u00edtica durante la dictadura, como antecedentes personales, testimonios e informes gestionadas por la\u00a0Comisi\u00f3n Nacional de Verdad y Reconciliaci\u00f3n y la Corporaci\u00f3n Nacional de Reparaci\u00f3n y Reconciliaci\u00f3n, y que en esta oportunidad fueron entregadas a los familiares de Sergio Alejandro Riffo Ramos y de Mois\u00e9s Ayanao Montoya.<\/p>\n<p style=\"text-align: justify;\">El delegado presidencial regional Jorge D\u00edaz destac\u00f3 la relevancia de esta ceremonia se\u00f1alando que \u201cpara nuestro Gobierno esta ceremonia de entrega de carpetas a familiares de v\u00edctimas de la violencia pol\u00edtica ocurrida a partir de 1973 previo a esta fecha que nos recuerda precisamente el quiebre institucional, un golpe de Estado en nuestro pa\u00eds, v\u00edctimas de la intolerancia pol\u00edtica y hoy d\u00eda cuando nosotros como sociedad estamos viviendo precisamente una jornada c\u00edvica lo que nos llama a reflexionar es que la democracia es la \u00fanica f\u00f3rmula de convivencia civilizada entre los connacionales, la sociedad democr\u00e1tica garantiza precisamente el respeto irrestricto a los derechos humanos, por lo tanto esta pol\u00edtica p\u00fablica impulsada por el Presidente Boric lo que hace es precisamente por una parte entregar consuelo, verdad, justicia, reparaci\u00f3n y al mismo valorar que solo en democracia es posible respetar de manera irrestricta los derechos humanos\u201d.<\/p>\n<p style=\"text-align: justify;\">Por su parte, Javiera Riffo, familiar de Sergio Riffo Ramos se refiri\u00f3 al significado que tiene para ella contar con este documento indicando que \u201cla verdad es que estoy sumamente conmovida, es una instancia muy significativa para el reconocimiento de la memoria, para la construcci\u00f3n de un pa\u00eds mejor para la b\u00fasqueda de Justicia, la verdad es que yo lo recibo de forma simb\u00f3lica porque hay hartos documentos de estos que he visto por mi familia, \u00b4porque mi t\u00edo Sergio Alejandro Riffo Ramos ha estado en la familia desde que soy peque\u00f1ita y la verdad que venir a recibirla aparte de ver todos los documentos existentes, de armar historia es tambi\u00e9n una forma de reconocerla de decir que vamos a seguir luchando, que vamos a seguir en la b\u00fasqueda y que siempre vamos a ir adelante por el respeto de los derechos humanos, por la igualdad y la reparaci\u00f3n\u201d.<\/p>\n<p style=\"text-align: justify;\">Mientras que el seremi de Justicia y Derechos Humanos Samuel Navarro Castro relev\u00f3 este ejercicio de memoria manifestando que \u201cno es solo un deber del Estado, sino que\u00a0 el cumplimiento de un compromiso con los familiares, con las y los familiares que han sostenido la b\u00fasqueda de sus detenidos desaparecidos, de sus familiares que fueron violados en sus derechos humanos y en este sentido hoy d\u00eda como Estado damos esta muestra de asumir de manera simb\u00f3lica parte de la responsabilidad, pero con un compromiso f\u00e9rreo con la verdad, con la entrega de esta informaci\u00f3n, un compromiso f\u00e9rreo con la Justicia para seguir avanzando en este Plan de B\u00fasqueda para entregar verdaderas garant\u00edas de no repetici\u00f3n en un contexto en que se relativizan los derechos humanos y hay una corriente negacionista, como seremi de Justicia y Derechos Humanos vamos a seguir avanzando en esta pol\u00edtica p\u00fablica permanente que dispuso el Presidente de la Rep\u00fablica Gabriel Boric, acompa\u00f1ando a los familiares y avanzando por m\u00e1s verdad, m\u00e1s memoria, m\u00e1s justicia y en establecer garant\u00edas de no repetici\u00f3n\u201d.<\/p>\n<p style=\"text-align: justify;\">En tanto, la presidenta de la Agrupaci\u00f3n de Derechos Humanos de Coyhaique, Mar\u00eda Erita Vera se\u00f1al\u00f3 que \u201ces una instancia muy importante sobre todo para los familiares de las v\u00edctimas de desaparici\u00f3n forzada y ejecutados pol\u00edticos como tambi\u00e9n el poder recibir de manos de la autoridad la carpeta con la calificaci\u00f3n de su familiar como v\u00edctima de la represi\u00f3n de estado vivida en nuestro pa\u00eds entre los a\u00f1os 1973 y 1990\u201d.<\/p>\n<p style=\"text-align: justify;\">Finalmente, cabe se\u00f1alar que, desde junio de este a\u00f1o, las familias podr\u00e1n solicitar una copia de las carpetas mediante un formulario electr\u00f3nico en el sitio web del Ministerio de Justicia y Derechos Humanos, siendo \u00e9sta una iniciativa que busca garantizar la transparencia y fortalecer la memoria hist\u00f3rica, reconociendo la lucha sostenida de las familias y organizaciones que han trabajado por la verdad y la justicia durante d\u00e9cadas.<\/p>\n<\/div><\/section><\/div><div  style='height:50px' class='hr hr-invisible   avia-builder-el-6  el_after_av_one_full  el_before_av_social_share '><span class='hr-inner ' ><span class='hr-inner-style'><\/span><\/span><\/div><\/p>\n<div  class='av-social-sharing-box  avia-builder-el-7  el_after_av_hr  el_before_av_hr  '><div class='av-share-box'><h5 class='av-share-link-description av-no-toc '>Compartir esta noticia<\/h5><ul class='av-share-box-list noLightbox'><li class='av-share-link av-social-link-facebook' ><a target=\"_blank\" aria-label=\"Compartir en Facebook\" href='https:\/\/www.facebook.com\/sharer.php?u=https:\/\/radiorevelacionfm.cl\/?p=59002&#038;t=En%20el%20marco%20del%20Plan%20Nacional%20de%20B%C3%BAsqueda%3A%20Gobierno%20entrega%20las%20primeras%20carpetas%20de%20calificaci%C3%B3n%20a%20familiares%20de%20detenidos%20desaparecidos%20en%20la%20regi%C3%B3n%20de%20Ays%C3%A9n' aria-hidden='false' data-av_icon='\ue8f3' data-av_iconfont='entypo-fontello' title='' data-avia-related-tooltip='Compartir en Facebook' rel=\"noopener\"><span class='avia_hidden_link_text'>Compartir en Facebook<\/span><\/a><\/li><li class='av-share-link av-social-link-twitter' ><a target=\"_blank\" aria-label=\"Compartir en Twitter\" href='https:\/\/twitter.com\/share?text=En%20el%20marco%20del%20Plan%20Nacional%20de%20B%C3%BAsqueda%3A%20Gobierno%20entrega%20las%20primeras%20carpetas%20de%20calificaci%C3%B3n%20a%20familiares%20de%20detenidos%20desaparecidos%20en%20la%20regi%C3%B3n%20de%20Ays%C3%A9n&#038;url=https:\/\/radiorevelacionfm.cl\/?p=59002' aria-hidden='false' data-av_icon='\ue8f1' data-av_iconfont='entypo-fontello' title='' data-avia-related-tooltip='Compartir en Twitter' rel=\"noopener\"><span class='avia_hidden_link_text'>Compartir en Twitter<\/span><\/a><\/li><li class='av-share-link av-social-link-whatsapp' ><a target=\"_blank\" aria-label=\"Compartir en Whatsapp\" href='https:\/\/api.whatsapp.com\/send?text=https:\/\/radiorevelacionfm.cl\/?p=59002' aria-hidden='false' data-av_icon='\uf232' data-av_iconfont='entypo-fontello' title='' data-avia-related-tooltip='Compartir en Whatsapp' rel=\"noopener\"><span class='avia_hidden_link_text'>Compartir en Whatsapp<\/span><\/a><\/li><li class='av-share-link av-social-link-linkedin' ><a target=\"_blank\" aria-label=\"Compartir en LinkedIn\" href='https:\/\/linkedin.com\/shareArticle?mini=true&#038;title=En%20el%20marco%20del%20Plan%20Nacional%20de%20B%C3%BAsqueda%3A%20Gobierno%20entrega%20las%20primeras%20carpetas%20de%20calificaci%C3%B3n%20a%20familiares%20de%20detenidos%20desaparecidos%20en%20la%20regi%C3%B3n%20de%20Ays%C3%A9n&#038;url=https:\/\/radiorevelacionfm.cl\/?p=59002' aria-hidden='false' data-av_icon='\ue8fc' data-av_iconfont='entypo-fontello' title='' data-avia-related-tooltip='Compartir en LinkedIn' rel=\"noopener\"><span class='avia_hidden_link_text'>Compartir en LinkedIn<\/span><\/a><\/li><li class='av-share-link av-social-link-mail' ><a  aria-label=\"Compartir por correo\" href='mailto:?subject=En%20el%20marco%20del%20Plan%20Nacional%20de%20B%C3%BAsqueda%3A%20Gobierno%20entrega%20las%20primeras%20carpetas%20de%20calificaci%C3%B3n%20a%20familiares%20de%20detenidos%20desaparecidos%20en%20la%20regi%C3%B3n%20de%20Ays%C3%A9n&#038;body=https:\/\/radiorevelacionfm.cl\/?p=59002' aria-hidden='false' data-av_icon='\ue805' data-av_iconfont='entypo-fontello' title='' data-avia-related-tooltip='Compartir por correo'><span class='avia_hidden_link_text'>Compartir por correo<\/span><\/a><\/li><\/ul><\/div><\/div>\n<div  style='height:50px' class='hr hr-invisible   avia-builder-el-8  el_after_av_social_share  el_before_av_comments_list '><span class='hr-inner ' ><span class='hr-inner-style'><\/span><\/span><\/div>\n<div  class='av-buildercomment  av-blog-meta-html-info-disabled av-blog-meta-tag-disabled  '><\/div>\n","protected":false},"excerpt":{"rendered":"","protected":false},"author":1,"featured_media":59003,"comment_status":"closed","ping_status":"closed","sticky":false,"template":"","format":"standard","meta":{"footnotes":""},"categories":[55],"tags":[],"class_list":["post-59002","post","type-post","status-publish","format-standard","has-post-thumbnail","hentry","category-justicia"],"jetpack_featured_media_url":"https:\/\/radiorevelacionfm.cl\/wp-content\/uploads\/2025\/09\/carpetas-6-1_optimized-1.jpg","_links":{"self":[{"href":"https:\/\/radiorevelacionfm.cl\/index.php?rest_route=\/wp\/v2\/posts\/59002","targetHints":{"allow":["GET"]}}],"collection":[{"href":"https:\/\/radiorevelacionfm.cl\/index.php?rest_route=\/wp\/v2\/posts"}],"about":[{"href":"https:\/\/radiorevelacionfm.cl\/index.php?rest_route=\/wp\/v2\/types\/post"}],"author":[{"embeddable":true,"href":"https:\/\/radiorevelacionfm.cl\/index.php?rest_route=\/wp\/v2\/users\/1"}],"replies":[{"embeddable":true,"href":"https:\/\/radiorevelacionfm.cl\/index.php?rest_route=%2Fwp%2Fv2%2Fcomments&post=59002"}],"version-history":[{"count":2,"href":"https:\/\/radiorevelacionfm.cl\/index.php?rest_route=\/wp\/v2\/posts\/59002\/revisions"}],"predecessor-version":[{"id":59029,"href":"https:\/\/radiorevelacionfm.cl\/index.php?rest_route=\/wp\/v2\/posts\/59002\/revisions\/59029"}],"wp:featuredmedia":[{"embeddable":true,"href":"https:\/\/radiorevelacionfm.cl\/index.php?rest_route=\/wp\/v2\/media\/59003"}],"wp:attachment":[{"href":"https:\/\/radiorevelacionfm.cl\/index.php?rest_route=%2Fwp%2Fv2%2Fmedia&parent=59002"}],"wp:term":[{"taxonomy":"category","embeddable":true,"href":"https:\/\/radiorevelacionfm.cl\/index.php?rest_route=%2Fwp%2Fv2%2Fcategories&post=59002"},{"taxonomy":"post_tag","embeddable":true,"href":"https:\/\/radiorevelacionfm.cl\/index.php?rest_route=%2Fwp%2Fv2%2Ftags&post=59002"}],"curies":[{"name":"wp","href":"https:\/\/api.w.org\/{rel}","templated":true}]}}