{"id":58995,"date":"2025-09-10T15:01:57","date_gmt":"2025-09-10T18:01:57","guid":{"rendered":"https:\/\/radiorevelacionfm.cl\/?p=58995"},"modified":"2025-09-10T15:01:57","modified_gmt":"2025-09-10T18:01:57","slug":"aysen-da-el-puntapie-inicial-al-mes-de-la-chilenidad-con-hermosa-ornamentacion-en-la-comuna","status":"publish","type":"post","link":"https:\/\/radiorevelacionfm.cl\/?p=58995","title":{"rendered":"Ays\u00e9n da el puntapi\u00e9 inicial al mes de la chilenidad con hermosa ornamentaci\u00f3n en la comuna"},"content":{"rendered":"<div class=\"flex_column av_one_full  flex_column_div av-zero-column-padding first  avia-builder-el-0  el_before_av_one_full  avia-builder-el-first  \" style='border-radius:0px; '><div  class='avia-image-container  av-styling-    avia-builder-el-1  avia-builder-el-no-sibling  avia-align-center '  itemprop=\"image\" itemscope=\"itemscope\" itemtype=\"https:\/\/schema.org\/ImageObject\"  ><div class='avia-image-container-inner'><div class='avia-image-overlay-wrap'><img decoding=\"async\" class='wp-image-58996 avia-img-lazy-loading-not-58996 avia_image' src=\"https:\/\/radiorevelacionfm.cl\/wp-content\/uploads\/2025\/09\/20250905_104547-1_optimized-1.jpg\" alt='' title='20250905_104547-(1)_optimized (1)' height=\"600\" width=\"1066\"  itemprop=\"thumbnailUrl\" srcset=\"https:\/\/radiorevelacionfm.cl\/wp-content\/uploads\/2025\/09\/20250905_104547-1_optimized-1.jpg 1066w, https:\/\/radiorevelacionfm.cl\/wp-content\/uploads\/2025\/09\/20250905_104547-1_optimized-1-300x169.jpg 300w, https:\/\/radiorevelacionfm.cl\/wp-content\/uploads\/2025\/09\/20250905_104547-1_optimized-1-1030x580.jpg 1030w, https:\/\/radiorevelacionfm.cl\/wp-content\/uploads\/2025\/09\/20250905_104547-1_optimized-1-768x432.jpg 768w, https:\/\/radiorevelacionfm.cl\/wp-content\/uploads\/2025\/09\/20250905_104547-1_optimized-1-705x397.jpg 705w, https:\/\/radiorevelacionfm.cl\/wp-content\/uploads\/2025\/09\/20250905_104547-1_optimized-1-450x253.jpg 450w, https:\/\/radiorevelacionfm.cl\/wp-content\/uploads\/2025\/09\/20250905_104547-1_optimized-1-600x338.jpg 600w\" sizes=\"(max-width: 1066px) 100vw, 1066px\" \/><\/div><\/div><\/div><\/div><div class=\"flex_column av_one_full  flex_column_div av-zero-column-padding first  avia-builder-el-2  el_after_av_one_full  el_before_av_one_full  column-top-margin\" style='border-radius:0px; '><section class=\"av_textblock_section \"  itemscope=\"itemscope\" itemtype=\"https:\/\/schema.org\/BlogPosting\" itemprop=\"blogPost\" ><div class='avia_textblock  '   itemprop=\"text\" ><p style=\"text-align: center;\"><strong><span style=\"font-size: 18pt;\">Ays\u00e9n da el puntapi\u00e9 inicial al mes de la chilenidad con hermosa ornamentaci\u00f3n en la comuna<\/span><\/strong><\/p>\n<div id=\"gtx-trans\" style=\"position: absolute; left: -50px; top: 4.31534px;\">\n<div class=\"gtx-trans-icon\"><\/div>\n<\/div>\n<\/div><\/section><\/div><div class=\"flex_column av_one_full  flex_column_div av-zero-column-padding first  avia-builder-el-4  el_after_av_one_full  el_before_av_hr  column-top-margin\" style='border-radius:0px; '><section class=\"av_textblock_section \"  itemscope=\"itemscope\" itemtype=\"https:\/\/schema.org\/BlogPosting\" itemprop=\"blogPost\" ><div class='avia_textblock  '   itemprop=\"text\" ><p style=\"text-align: justify;\">Un importante despliegue realizado por el personal de la Direcci\u00f3n de Aseo, Ornato y Medio Ambiente de la Ilustre Municipalidad de Ays\u00e9n permiti\u00f3 ornamentar diversos puntos de la comuna para realzar el \u201cmes de la chilenidad 2025\u201d.<\/p>\n<p style=\"text-align: justify;\">Una instancia pensada para la familia aysenina, y para embellecer cada una de las localidades que forma parte del territorio comunal. \u201cNuestros funcionarios de DAOMA est\u00e1n terminando las instalaciones que tendr\u00e1n nuestros vecinos y vecinas que dar\u00e1n vida a una nueva edici\u00f3n de las ramadas en estas celebraciones de fiestas patrias. Paralelamente estamos ornamentado toda la comuna en Villa Ma\u00f1ihuales, km 26, Puerto Chacabuco, Islas Huichas y, por supuesto, la capital comunal\u201d, se\u00f1al\u00f3 el alcalde de la comuna, Luis Mart\u00ednez, quien relev\u00f3 el esfuerzo y compromiso del equipo municipal.<\/p>\n<p style=\"text-align: justify;\">Por su parte, Juan Carlos Mar\u00edn, funcionario de DAOMA explic\u00f3 que \u201cestamos avanzando la ornamentaci\u00f3n de nuestra querida plaza, centro c\u00edvico de Puerto Ays\u00e9n. Lo hacemos con muchas ganas para hermosear m\u00e1s la comuna, especialmente durante este mes patrio. Por eso le pedimos a la comunidad que tratemos de cuidar, porque esto es para nosotros, nuestras familias, las personas que vienen desde fuera, nuestros hijos, nuestros nietos, para que todos disfrutemos este mes patrio\u201d.<\/p>\n<p style=\"text-align: justify;\">Se\u00f1alar que durante estos d\u00edas se est\u00e1 afinando los \u00faltimos detalles de cara a lo que ser\u00e1 una nueva edici\u00f3n de las ramadas, bazares y cociner\u00edas, dispuestas en el sector Parque Municipal de Puerto Ays\u00e9n, en t\u00e9rminos de construcci\u00f3n de locales y el escenario principal, que albergar\u00e1 n\u00fameros art\u00edsticos durante los tres d\u00edas que se extender\u00e1n las fiestas, y que se ha trabajado conjuntamente a la agrupaci\u00f3n de ramaderos de Puerto Ays\u00e9n.<\/p>\n<p style=\"text-align: justify;\">\u201cEstamos avanzando en el escenario, que es la \u00faltima parte de este trabajo que iniciamos como equipo de DAOMA el d\u00eda 1 de agosto. Poco m\u00e1s de un mes de trabajo, as\u00ed que contentos de ver estos resultados. La idea es que la familia la pase bien, se entretenga y descanse. El llamado a los vecinos es a que venga a las ramadas y cuidemos entre todos este trabajo, que se hace con mucho cari\u00f1o, le ponemos todo el empe\u00f1o para que est\u00e9 bonito y sean unas lindas fiestas\u201d, finaliz\u00f3 el maestro carpintero de la Direcci\u00f3n de Aseo y Ornato, Jos\u00e9 Amadeo Cad\u00edn.<\/p>\n<\/div><\/section><\/div><div  style='height:50px' class='hr hr-invisible   avia-builder-el-6  el_after_av_one_full  el_before_av_social_share '><span class='hr-inner ' ><span class='hr-inner-style'><\/span><\/span><\/div><\/p>\n<div  class='av-social-sharing-box  avia-builder-el-7  el_after_av_hr  el_before_av_hr  '><div class='av-share-box'><h5 class='av-share-link-description av-no-toc '>Compartir esta noticia<\/h5><ul class='av-share-box-list noLightbox'><li class='av-share-link av-social-link-facebook' ><a target=\"_blank\" aria-label=\"Compartir en Facebook\" href='https:\/\/www.facebook.com\/sharer.php?u=https:\/\/radiorevelacionfm.cl\/?p=58995&#038;t=Ays%C3%A9n%20da%20el%20puntapi%C3%A9%20inicial%20al%20mes%20de%20la%20chilenidad%20con%20hermosa%20ornamentaci%C3%B3n%20en%20la%20comuna' aria-hidden='false' data-av_icon='\ue8f3' data-av_iconfont='entypo-fontello' title='' data-avia-related-tooltip='Compartir en Facebook' rel=\"noopener\"><span class='avia_hidden_link_text'>Compartir en Facebook<\/span><\/a><\/li><li class='av-share-link av-social-link-twitter' ><a target=\"_blank\" aria-label=\"Compartir en Twitter\" href='https:\/\/twitter.com\/share?text=Ays%C3%A9n%20da%20el%20puntapi%C3%A9%20inicial%20al%20mes%20de%20la%20chilenidad%20con%20hermosa%20ornamentaci%C3%B3n%20en%20la%20comuna&#038;url=https:\/\/radiorevelacionfm.cl\/?p=58995' aria-hidden='false' data-av_icon='\ue8f1' data-av_iconfont='entypo-fontello' title='' data-avia-related-tooltip='Compartir en Twitter' rel=\"noopener\"><span class='avia_hidden_link_text'>Compartir en Twitter<\/span><\/a><\/li><li class='av-share-link av-social-link-whatsapp' ><a target=\"_blank\" aria-label=\"Compartir en Whatsapp\" href='https:\/\/api.whatsapp.com\/send?text=https:\/\/radiorevelacionfm.cl\/?p=58995' aria-hidden='false' data-av_icon='\uf232' data-av_iconfont='entypo-fontello' title='' data-avia-related-tooltip='Compartir en Whatsapp' rel=\"noopener\"><span class='avia_hidden_link_text'>Compartir en Whatsapp<\/span><\/a><\/li><li class='av-share-link av-social-link-linkedin' ><a target=\"_blank\" aria-label=\"Compartir en LinkedIn\" href='https:\/\/linkedin.com\/shareArticle?mini=true&#038;title=Ays%C3%A9n%20da%20el%20puntapi%C3%A9%20inicial%20al%20mes%20de%20la%20chilenidad%20con%20hermosa%20ornamentaci%C3%B3n%20en%20la%20comuna&#038;url=https:\/\/radiorevelacionfm.cl\/?p=58995' aria-hidden='false' data-av_icon='\ue8fc' data-av_iconfont='entypo-fontello' title='' data-avia-related-tooltip='Compartir en LinkedIn' rel=\"noopener\"><span class='avia_hidden_link_text'>Compartir en LinkedIn<\/span><\/a><\/li><li class='av-share-link av-social-link-mail' ><a  aria-label=\"Compartir por correo\" href='mailto:?subject=Ays%C3%A9n%20da%20el%20puntapi%C3%A9%20inicial%20al%20mes%20de%20la%20chilenidad%20con%20hermosa%20ornamentaci%C3%B3n%20en%20la%20comuna&#038;body=https:\/\/radiorevelacionfm.cl\/?p=58995' aria-hidden='false' data-av_icon='\ue805' data-av_iconfont='entypo-fontello' title='' data-avia-related-tooltip='Compartir por correo'><span class='avia_hidden_link_text'>Compartir por correo<\/span><\/a><\/li><\/ul><\/div><\/div>\n<div  style='height:50px' class='hr hr-invisible   avia-builder-el-8  el_after_av_social_share  el_before_av_comments_list '><span class='hr-inner ' ><span class='hr-inner-style'><\/span><\/span><\/div>\n<div  class='av-buildercomment  av-blog-meta-html-info-disabled av-blog-meta-tag-disabled  '><\/div>\n","protected":false},"excerpt":{"rendered":"","protected":false},"author":1,"featured_media":58996,"comment_status":"closed","ping_status":"closed","sticky":false,"template":"","format":"standard","meta":{"footnotes":""},"categories":[38],"tags":[],"class_list":["post-58995","post","type-post","status-publish","format-standard","has-post-thumbnail","hentry","category-regional"],"jetpack_featured_media_url":"https:\/\/radiorevelacionfm.cl\/wp-content\/uploads\/2025\/09\/20250905_104547-1_optimized-1.jpg","_links":{"self":[{"href":"https:\/\/radiorevelacionfm.cl\/index.php?rest_route=\/wp\/v2\/posts\/58995","targetHints":{"allow":["GET"]}}],"collection":[{"href":"https:\/\/radiorevelacionfm.cl\/index.php?rest_route=\/wp\/v2\/posts"}],"about":[{"href":"https:\/\/radiorevelacionfm.cl\/index.php?rest_route=\/wp\/v2\/types\/post"}],"author":[{"embeddable":true,"href":"https:\/\/radiorevelacionfm.cl\/index.php?rest_route=\/wp\/v2\/users\/1"}],"replies":[{"embeddable":true,"href":"https:\/\/radiorevelacionfm.cl\/index.php?rest_route=%2Fwp%2Fv2%2Fcomments&post=58995"}],"version-history":[{"count":2,"href":"https:\/\/radiorevelacionfm.cl\/index.php?rest_route=\/wp\/v2\/posts\/58995\/revisions"}],"predecessor-version":[{"id":59001,"href":"https:\/\/radiorevelacionfm.cl\/index.php?rest_route=\/wp\/v2\/posts\/58995\/revisions\/59001"}],"wp:featuredmedia":[{"embeddable":true,"href":"https:\/\/radiorevelacionfm.cl\/index.php?rest_route=\/wp\/v2\/media\/58996"}],"wp:attachment":[{"href":"https:\/\/radiorevelacionfm.cl\/index.php?rest_route=%2Fwp%2Fv2%2Fmedia&parent=58995"}],"wp:term":[{"taxonomy":"category","embeddable":true,"href":"https:\/\/radiorevelacionfm.cl\/index.php?rest_route=%2Fwp%2Fv2%2Fcategories&post=58995"},{"taxonomy":"post_tag","embeddable":true,"href":"https:\/\/radiorevelacionfm.cl\/index.php?rest_route=%2Fwp%2Fv2%2Ftags&post=58995"}],"curies":[{"name":"wp","href":"https:\/\/api.w.org\/{rel}","templated":true}]}}