{"id":58991,"date":"2025-09-10T11:48:12","date_gmt":"2025-09-10T14:48:12","guid":{"rendered":"https:\/\/radiorevelacionfm.cl\/?p=58991"},"modified":"2025-09-10T11:48:12","modified_gmt":"2025-09-10T14:48:12","slug":"vuelve-la-fiesta-del-basquet-a-puerto-aysen-encuentro-internacional-reunira-a-equipos-de-argentina-y-chile","status":"publish","type":"post","link":"https:\/\/radiorevelacionfm.cl\/?p=58991","title":{"rendered":"Vuelve la Fiesta del B\u00e1squet a Puerto Ays\u00e9n: encuentro internacional reunir\u00e1 a equipos de Argentina y Chile"},"content":{"rendered":"<div class=\"flex_column av_one_full  flex_column_div av-zero-column-padding first  avia-builder-el-0  el_before_av_one_full  avia-builder-el-first  \" style='border-radius:0px; '><div  class='avia-image-container  av-styling-    avia-builder-el-1  avia-builder-el-no-sibling  avia-align-center '  itemprop=\"image\" itemscope=\"itemscope\" itemtype=\"https:\/\/schema.org\/ImageObject\"  ><div class='avia-image-container-inner'><div class='avia-image-overlay-wrap'><img decoding=\"async\" class='wp-image-58992 avia-img-lazy-loading-not-58992 avia_image' src=\"https:\/\/radiorevelacionfm.cl\/wp-content\/uploads\/2025\/09\/fiesta-del-basket-1-1_optimized-1.jpg\" alt='' title='fiesta-del-basket-(1)-(1)_optimized (1)' height=\"1000\" width=\"800\"  itemprop=\"thumbnailUrl\" srcset=\"https:\/\/radiorevelacionfm.cl\/wp-content\/uploads\/2025\/09\/fiesta-del-basket-1-1_optimized-1.jpg 800w, https:\/\/radiorevelacionfm.cl\/wp-content\/uploads\/2025\/09\/fiesta-del-basket-1-1_optimized-1-240x300.jpg 240w, https:\/\/radiorevelacionfm.cl\/wp-content\/uploads\/2025\/09\/fiesta-del-basket-1-1_optimized-1-768x960.jpg 768w, https:\/\/radiorevelacionfm.cl\/wp-content\/uploads\/2025\/09\/fiesta-del-basket-1-1_optimized-1-564x705.jpg 564w, https:\/\/radiorevelacionfm.cl\/wp-content\/uploads\/2025\/09\/fiesta-del-basket-1-1_optimized-1-450x563.jpg 450w, https:\/\/radiorevelacionfm.cl\/wp-content\/uploads\/2025\/09\/fiesta-del-basket-1-1_optimized-1-600x750.jpg 600w\" sizes=\"(max-width: 800px) 100vw, 800px\" \/><\/div><\/div><\/div><\/div><div class=\"flex_column av_one_full  flex_column_div av-zero-column-padding first  avia-builder-el-2  el_after_av_one_full  el_before_av_one_full  column-top-margin\" style='border-radius:0px; '><section class=\"av_textblock_section \"  itemscope=\"itemscope\" itemtype=\"https:\/\/schema.org\/BlogPosting\" itemprop=\"blogPost\" ><div class='avia_textblock  '   itemprop=\"text\" ><p style=\"text-align: center;\"><span style=\"font-size: 18pt;\"><b>Vuelve la Fiesta del B\u00e1squet a Puerto Ays\u00e9n: encuentro internacional reunir\u00e1 a equipos de Argentina y Chile<\/b><\/span><\/p>\n<div id=\"gtx-trans\" style=\"position: absolute; left: -50px; top: 4.31534px;\">\n<div class=\"gtx-trans-icon\"><\/div>\n<\/div>\n<\/div><\/section><\/div><div class=\"flex_column av_one_full  flex_column_div av-zero-column-padding first  avia-builder-el-4  el_after_av_one_full  el_before_av_hr  column-top-margin\" style='border-radius:0px; '><section class=\"av_textblock_section \"  itemscope=\"itemscope\" itemtype=\"https:\/\/schema.org\/BlogPosting\" itemprop=\"blogPost\" ><div class='avia_textblock  '   itemprop=\"text\" ><p dir=\"ltr\" style=\"text-align: justify;\">En el Polideportivo 21 de Abril se lanz\u00f3 oficialmente el evento \u201cVuelve la Fiesta del B\u00e1squet a Puerto Ays\u00e9n\u201d, que traer\u00e1 nuevamente a la comuna el b\u00e1squetbol internacional con partidos amistosos, cl\u00ednicas deportivas y actividades formativas dirigidas a la comunidad.<\/p>\n<p dir=\"ltr\" style=\"text-align: justify;\">Durante el punto de prensa, el alcalde de Ays\u00e9n y presidente de la Corporaci\u00f3n de Deportes, Luis Mart\u00ednez Gallardo, destac\u00f3 que este encuentro no solo representa un espect\u00e1culo deportivo, sino tambi\u00e9n una oportunidad para impulsar el turismo deportivo y proyectar a Puerto Ays\u00e9n como epicentro de grandes actividades.<\/p>\n<p dir=\"ltr\" style=\"text-align: justify;\">\u201cQueremos revivir las glorias del b\u00e1squetbol en Ays\u00e9n. Este tipo de eventos generan movimiento en la econom\u00eda local, con visitantes que viajan, se hospedan y consumen en la ciudad, adem\u00e1s de permitirnos ofrecer pretemporadas internacionales gracias a las condiciones \u00fanicas de nuestro entorno y de las instalaciones del Polideportivo\u201d, se\u00f1al\u00f3 la autoridad.<\/p>\n<p dir=\"ltr\" style=\"text-align: justify;\">Por su parte, el director ejecutivo de la Corporaci\u00f3n de Deportes, Jorge Villegas, entreg\u00f3 los detalles de la programaci\u00f3n, que contempla actividades entre el 16 y el 19 de septiembre.<\/p>\n<p dir=\"ltr\" style=\"text-align: justify;\">\u201cTendremos dos partidos amistosos entre el Club Gimnasia y Esgrima de Comodoro Rivadavia y Deportes Ancud, cl\u00ednicas para ni\u00f1os y j\u00f3venes de entre 5 y 18 a\u00f1os, capacitaci\u00f3n para \u00e1rbitros FIBA, talleres para entrenadores y charlas con Catalina Valenzuela, ex integrante del hist\u00f3rico \u2018Team Huasitas\u2019. Adem\u00e1s, se realizar\u00e1n encuentros preliminares con equipos locales y se entregar\u00e1n poleras de recuerdo para los ni\u00f1os participantes\u201d, indic\u00f3.<\/p>\n<p dir=\"ltr\" style=\"text-align: justify;\">El evento contar\u00e1 con la participaci\u00f3n del reconocido jugador \u201cSeba\u201d Carrasco, figura de la Liga Nacional de B\u00e1squetbol, y de Catalina Valenzuela, quien vuelve a Ays\u00e9n para compartir su experiencia con las nuevas generaciones, evocando la nostalgia de cuando el hist\u00f3rico equipo femenino se coron\u00f3 campe\u00f3n sudamericano en la comuna.<\/p>\n<p dir=\"ltr\" style=\"text-align: justify;\">Todas las actividades ser\u00e1n de acceso gratuito para la comunidad, reforzando el rol del Polideportivo 21 de Abril como escenario deportivo y social abierto a toda la familia.<\/p>\n<p dir=\"ltr\" style=\"text-align: justify;\">\u201cVuelve la Fiesta del B\u00e1squet a Puerto Ays\u00e9n\u201d confirma as\u00ed a la comuna como un referente del deporte patag\u00f3nico, reviviendo la emoci\u00f3n de los grandes torneos internacionales que marcaron a generaciones y proyectando nuevas oportunidades de desarrollo deportivo y comunitario.<\/p>\n<\/div><\/section><\/div><div  style='height:50px' class='hr hr-invisible   avia-builder-el-6  el_after_av_one_full  el_before_av_social_share '><span class='hr-inner ' ><span class='hr-inner-style'><\/span><\/span><\/div><\/p>\n<div  class='av-social-sharing-box  avia-builder-el-7  el_after_av_hr  el_before_av_hr  '><div class='av-share-box'><h5 class='av-share-link-description av-no-toc '>Compartir esta noticia<\/h5><ul class='av-share-box-list noLightbox'><li class='av-share-link av-social-link-facebook' ><a target=\"_blank\" aria-label=\"Compartir en Facebook\" href='https:\/\/www.facebook.com\/sharer.php?u=https:\/\/radiorevelacionfm.cl\/?p=58991&#038;t=Vuelve%20la%20Fiesta%20del%20B%C3%A1squet%20a%20Puerto%20Ays%C3%A9n%3A%20encuentro%20internacional%20reunir%C3%A1%20a%20equipos%20de%20Argentina%20y%20Chile' aria-hidden='false' data-av_icon='\ue8f3' data-av_iconfont='entypo-fontello' title='' data-avia-related-tooltip='Compartir en Facebook' rel=\"noopener\"><span class='avia_hidden_link_text'>Compartir en Facebook<\/span><\/a><\/li><li class='av-share-link av-social-link-twitter' ><a target=\"_blank\" aria-label=\"Compartir en Twitter\" href='https:\/\/twitter.com\/share?text=Vuelve%20la%20Fiesta%20del%20B%C3%A1squet%20a%20Puerto%20Ays%C3%A9n%3A%20encuentro%20internacional%20reunir%C3%A1%20a%20equipos%20de%20Argentina%20y%20Chile&#038;url=https:\/\/radiorevelacionfm.cl\/?p=58991' aria-hidden='false' data-av_icon='\ue8f1' data-av_iconfont='entypo-fontello' title='' data-avia-related-tooltip='Compartir en Twitter' rel=\"noopener\"><span class='avia_hidden_link_text'>Compartir en Twitter<\/span><\/a><\/li><li class='av-share-link av-social-link-whatsapp' ><a target=\"_blank\" aria-label=\"Compartir en Whatsapp\" href='https:\/\/api.whatsapp.com\/send?text=https:\/\/radiorevelacionfm.cl\/?p=58991' aria-hidden='false' data-av_icon='\uf232' data-av_iconfont='entypo-fontello' title='' data-avia-related-tooltip='Compartir en Whatsapp' rel=\"noopener\"><span class='avia_hidden_link_text'>Compartir en Whatsapp<\/span><\/a><\/li><li class='av-share-link av-social-link-linkedin' ><a target=\"_blank\" aria-label=\"Compartir en LinkedIn\" href='https:\/\/linkedin.com\/shareArticle?mini=true&#038;title=Vuelve%20la%20Fiesta%20del%20B%C3%A1squet%20a%20Puerto%20Ays%C3%A9n%3A%20encuentro%20internacional%20reunir%C3%A1%20a%20equipos%20de%20Argentina%20y%20Chile&#038;url=https:\/\/radiorevelacionfm.cl\/?p=58991' aria-hidden='false' data-av_icon='\ue8fc' data-av_iconfont='entypo-fontello' title='' data-avia-related-tooltip='Compartir en LinkedIn' rel=\"noopener\"><span class='avia_hidden_link_text'>Compartir en LinkedIn<\/span><\/a><\/li><li class='av-share-link av-social-link-mail' ><a  aria-label=\"Compartir por correo\" href='mailto:?subject=Vuelve%20la%20Fiesta%20del%20B%C3%A1squet%20a%20Puerto%20Ays%C3%A9n%3A%20encuentro%20internacional%20reunir%C3%A1%20a%20equipos%20de%20Argentina%20y%20Chile&#038;body=https:\/\/radiorevelacionfm.cl\/?p=58991' aria-hidden='false' data-av_icon='\ue805' data-av_iconfont='entypo-fontello' title='' data-avia-related-tooltip='Compartir por correo'><span class='avia_hidden_link_text'>Compartir por correo<\/span><\/a><\/li><\/ul><\/div><\/div>\n<div  style='height:50px' class='hr hr-invisible   avia-builder-el-8  el_after_av_social_share  el_before_av_comments_list '><span class='hr-inner ' ><span class='hr-inner-style'><\/span><\/span><\/div>\n<div  class='av-buildercomment  av-blog-meta-html-info-disabled av-blog-meta-tag-disabled  '><\/div>\n","protected":false},"excerpt":{"rendered":"","protected":false},"author":1,"featured_media":58992,"comment_status":"closed","ping_status":"closed","sticky":false,"template":"","format":"standard","meta":{"footnotes":""},"categories":[40],"tags":[],"class_list":["post-58991","post","type-post","status-publish","format-standard","has-post-thumbnail","hentry","category-deportes"],"jetpack_featured_media_url":"https:\/\/radiorevelacionfm.cl\/wp-content\/uploads\/2025\/09\/fiesta-del-basket-1-1_optimized-1.jpg","_links":{"self":[{"href":"https:\/\/radiorevelacionfm.cl\/index.php?rest_route=\/wp\/v2\/posts\/58991","targetHints":{"allow":["GET"]}}],"collection":[{"href":"https:\/\/radiorevelacionfm.cl\/index.php?rest_route=\/wp\/v2\/posts"}],"about":[{"href":"https:\/\/radiorevelacionfm.cl\/index.php?rest_route=\/wp\/v2\/types\/post"}],"author":[{"embeddable":true,"href":"https:\/\/radiorevelacionfm.cl\/index.php?rest_route=\/wp\/v2\/users\/1"}],"replies":[{"embeddable":true,"href":"https:\/\/radiorevelacionfm.cl\/index.php?rest_route=%2Fwp%2Fv2%2Fcomments&post=58991"}],"version-history":[{"count":2,"href":"https:\/\/radiorevelacionfm.cl\/index.php?rest_route=\/wp\/v2\/posts\/58991\/revisions"}],"predecessor-version":[{"id":58994,"href":"https:\/\/radiorevelacionfm.cl\/index.php?rest_route=\/wp\/v2\/posts\/58991\/revisions\/58994"}],"wp:featuredmedia":[{"embeddable":true,"href":"https:\/\/radiorevelacionfm.cl\/index.php?rest_route=\/wp\/v2\/media\/58992"}],"wp:attachment":[{"href":"https:\/\/radiorevelacionfm.cl\/index.php?rest_route=%2Fwp%2Fv2%2Fmedia&parent=58991"}],"wp:term":[{"taxonomy":"category","embeddable":true,"href":"https:\/\/radiorevelacionfm.cl\/index.php?rest_route=%2Fwp%2Fv2%2Fcategories&post=58991"},{"taxonomy":"post_tag","embeddable":true,"href":"https:\/\/radiorevelacionfm.cl\/index.php?rest_route=%2Fwp%2Fv2%2Ftags&post=58991"}],"curies":[{"name":"wp","href":"https:\/\/api.w.org\/{rel}","templated":true}]}}