{"id":5899,"date":"2021-07-03T16:37:59","date_gmt":"2021-07-03T19:37:59","guid":{"rendered":"https:\/\/radiorevelacionfm.cl\/?p=5899"},"modified":"2021-07-03T16:37:59","modified_gmt":"2021-07-03T19:37:59","slug":"cerca-de-6-mil-mypes-en-la-region-de-aysen-son-potenciales-beneficiarias-del-bono-alivio-de-1-millon","status":"publish","type":"post","link":"https:\/\/radiorevelacionfm.cl\/?p=5899","title":{"rendered":"Cerca de 6 mil MYPEs en la Regi\u00f3n de Ays\u00e9n son potenciales beneficiarias del Bono Alivio de $1 mill\u00f3n"},"content":{"rendered":"<div class=\"flex_column av_one_full  flex_column_div av-zero-column-padding first  avia-builder-el-0  el_before_av_one_full  avia-builder-el-first  \" style='border-radius:0px; '><div  class='avia-image-container  av-styling-    avia-builder-el-1  avia-builder-el-no-sibling  avia-align-center '  itemprop=\"image\" itemscope=\"itemscope\" itemtype=\"https:\/\/schema.org\/ImageObject\"  ><div class='avia-image-container-inner'><div class='avia-image-overlay-wrap'><img decoding=\"async\" class='wp-image-5900 avia-img-lazy-loading-not-5900 avia_image' src=\"https:\/\/radiorevelacionfm.cl\/wp-content\/uploads\/2021\/07\/Billetes0-1-1.jpg\" alt='' title='Billetes0 (1) (1)' height=\"600\" width=\"1063\"  itemprop=\"thumbnailUrl\" srcset=\"https:\/\/radiorevelacionfm.cl\/wp-content\/uploads\/2021\/07\/Billetes0-1-1.jpg 1063w, https:\/\/radiorevelacionfm.cl\/wp-content\/uploads\/2021\/07\/Billetes0-1-1-300x169.jpg 300w, https:\/\/radiorevelacionfm.cl\/wp-content\/uploads\/2021\/07\/Billetes0-1-1-1030x581.jpg 1030w, https:\/\/radiorevelacionfm.cl\/wp-content\/uploads\/2021\/07\/Billetes0-1-1-768x433.jpg 768w, https:\/\/radiorevelacionfm.cl\/wp-content\/uploads\/2021\/07\/Billetes0-1-1-705x398.jpg 705w, https:\/\/radiorevelacionfm.cl\/wp-content\/uploads\/2021\/07\/Billetes0-1-1-600x339.jpg 600w\" sizes=\"(max-width: 1063px) 100vw, 1063px\" \/><\/div><\/div><\/div><\/div><div class=\"flex_column av_one_full  flex_column_div av-zero-column-padding first  avia-builder-el-2  el_after_av_one_full  el_before_av_one_full  column-top-margin\" style='border-radius:0px; '><section class=\"av_textblock_section \"  itemscope=\"itemscope\" itemtype=\"https:\/\/schema.org\/BlogPosting\" itemprop=\"blogPost\" ><div class='avia_textblock  '   itemprop=\"text\" ><p style=\"text-align: center;\"><strong><span style=\"font-size: 18pt;\">Cerca de 6 mil MYPEs en la Regi\u00f3n de Ays\u00e9n son potenciales beneficiarias del Bono Alivio de $1 mill\u00f3n<\/span><\/strong><\/p>\n<div id=\"gtx-trans\" style=\"position: absolute; left: -50px; top: 4.31534px;\">\n<div class=\"gtx-trans-icon\"><\/div>\n<\/div>\n<\/div><\/section><\/div><div class=\"flex_column av_one_full  flex_column_div av-zero-column-padding first  avia-builder-el-4  el_after_av_one_full  el_before_av_hr  column-top-margin\" style='border-radius:0px; '><section class=\"av_textblock_section \"  itemscope=\"itemscope\" itemtype=\"https:\/\/schema.org\/BlogPosting\" itemprop=\"blogPost\" ><div class='avia_textblock  '   itemprop=\"text\" ><p style=\"font-weight: 400; text-align: justify;\">Este viernes comenz\u00f3 el proceso para solicitar el Bono Alivio para las micro, peque\u00f1as y medianas empresas, bajo el contexto de la recuperaci\u00f3n econ\u00f3mica del gobierno por la pandemia del Covid-19 \u2013a trav\u00e9s del Ministerio de Econom\u00eda, Fomento y Turismo\u2013, y que beneficiar\u00e1 potencialmente a cerca de seis mil MYPEs en la Regi\u00f3n de Ays\u00e9n y 820 mil 545 a nivel nacional.<\/p>\n<p style=\"font-weight: 400; text-align: justify;\">\u201cEste beneficio econ\u00f3mico es una ayuda importante e hist\u00f3rica para las pymes del pa\u00eds y, sobre todo para las que est\u00e1n en nuestro territorio, donde el Presidente Sebasti\u00e1n Pi\u00f1era ha implementado un conjunto de medidas complementarias para paliar las consecuencias de esta larga pandemia, donde varias peque\u00f1as y medianas empresas se han visto da\u00f1adas. En ese sentido y con ese fin, todos los servicios p\u00fablicos han realizado un despliegue por la regi\u00f3n para informar y orientar a las pymes, y as\u00ed soliciten esta ayuda al Servicio de Impuestos Internos\u201d,\u00a0destac\u00f3 la\u00a0Intendenta Margarita Ossa.<\/p>\n<p style=\"font-weight: 400; text-align: justify;\">Los beneficiarios de este bono son todas aquellas MYPEs \u2013sean personas naturales o jur\u00eddicas\u2013 que hayan informado inicio de actividades en primera categor\u00eda ante el Servicio de Impuestos Interno al 31 de marzo de 2020, y que sus ingresos anuales por ventas no hayan superado las UF 25.000 durante el a\u00f1o calendario 2020.<\/p>\n<p style=\"font-weight: 400; text-align: justify;\">El\u00a0Secretario Regional Ministerial de Econom\u00eda, Carlos Pacheco, explic\u00f3 que\u00a0\u201ctenemos que entender que esta solicitud se hace en el marco de la ley de apoyo a nuestras MYPEs y peque\u00f1os empresarios. Este ser\u00e1 el primer bono de ayuda, el bono alivio, de un mill\u00f3n de pesos, donde si eres mujer, propietaria de tu propia empresa, vas a recibir autom\u00e1ticamente un mill\u00f3n 200 mil pesos\u201d.<\/p>\n<p style=\"font-weight: 400; text-align: justify;\"><strong>Feriantes, plazos y requisitos<\/strong><\/p>\n<p style=\"font-weight: 400; text-align: justify;\">El bono Alivio para Pymes se puede solicitar en el sitio web del Servicio de Impuestos Internos <a href=\"http:\/\/www.sii.cl\/\" data-saferedirecturl=\"https:\/\/www.google.com\/url?q=http:\/\/www.sii.cl&amp;source=gmail&amp;ust=1625350064486000&amp;usg=AFQjCNGMpf_q0Gt6p37EvAQ9ERAYef70PA\">www.sii.cl<\/a> desde el viernes 2 julio y hasta el lunes 2 de agosto, cuyos pagos comenzar\u00e1n a ser cursados en un plazo de 20 d\u00edas despu\u00e9s de hecha la solicitud.<\/p>\n<p style=\"font-weight: 400; text-align: justify;\">\u201cY no olvidemos que a nuestros feriantes, las personas que tienen su permiso municipal al d\u00eda hasta el 17 de junio, van a poder solicitar el bono con su Rut, en la misma p\u00e1gina del SII, ingresando con su Clave \u00danica, y de esa manera tambi\u00e9n recibir este bono alivio que va a caer muy bien\u201d,\u00a0recalc\u00f3 el Seremi de Econom\u00eda.<\/p>\n<p style=\"font-weight: 400; text-align: justify;\">Para recibir el bono ser\u00e1 suficiente cumplir con uno de los siguientes requisitos: que haya tenido al menos un trabajador durante el a\u00f1o 2020; que haya declarado ingresos por ventas al menos dos meses en 2020; que haya declarado ingresos por ventas al menos dos meses 2021; y, finalmente, que corresponda a los rubros m\u00e1s golpeados por la pandemia (gastronom\u00eda, eventos, cultura, servicios de turismo, belleza y peluquer\u00edas, gimnasios, transportes escolares, jardines infantiles, ferias y otros servicios afectados).<\/p>\n<\/div><\/section><\/div><div  style='height:50px' class='hr hr-invisible   avia-builder-el-6  el_after_av_one_full  el_before_av_social_share '><span class='hr-inner ' ><span class='hr-inner-style'><\/span><\/span><\/div><\/p>\n<div  class='av-social-sharing-box  avia-builder-el-7  el_after_av_hr  el_before_av_hr  '><div class='av-share-box'><h5 class='av-share-link-description av-no-toc '>Compartir esta noticia<\/h5><ul class='av-share-box-list noLightbox'><li class='av-share-link av-social-link-facebook' ><a target=\"_blank\" aria-label=\"Compartir en Facebook\" href='https:\/\/www.facebook.com\/sharer.php?u=https:\/\/radiorevelacionfm.cl\/?p=5899&#038;t=Cerca%20de%206%20mil%20MYPEs%20en%20la%20Regi%C3%B3n%20de%20Ays%C3%A9n%20son%20potenciales%20beneficiarias%20del%20Bono%20Alivio%20de%20%241%20mill%C3%B3n' aria-hidden='false' data-av_icon='\ue8f3' data-av_iconfont='entypo-fontello' title='' data-avia-related-tooltip='Compartir en Facebook' rel=\"noopener\"><span class='avia_hidden_link_text'>Compartir en Facebook<\/span><\/a><\/li><li class='av-share-link av-social-link-twitter' ><a target=\"_blank\" aria-label=\"Compartir en Twitter\" href='https:\/\/twitter.com\/share?text=Cerca%20de%206%20mil%20MYPEs%20en%20la%20Regi%C3%B3n%20de%20Ays%C3%A9n%20son%20potenciales%20beneficiarias%20del%20Bono%20Alivio%20de%20%241%20mill%C3%B3n&#038;url=https:\/\/radiorevelacionfm.cl\/?p=5899' aria-hidden='false' data-av_icon='\ue8f1' data-av_iconfont='entypo-fontello' title='' data-avia-related-tooltip='Compartir en Twitter' rel=\"noopener\"><span class='avia_hidden_link_text'>Compartir en Twitter<\/span><\/a><\/li><li class='av-share-link av-social-link-whatsapp' ><a target=\"_blank\" aria-label=\"Compartir en Whatsapp\" href='https:\/\/api.whatsapp.com\/send?text=https:\/\/radiorevelacionfm.cl\/?p=5899' aria-hidden='false' data-av_icon='\uf232' data-av_iconfont='entypo-fontello' title='' data-avia-related-tooltip='Compartir en Whatsapp' rel=\"noopener\"><span class='avia_hidden_link_text'>Compartir en Whatsapp<\/span><\/a><\/li><li class='av-share-link av-social-link-linkedin' ><a target=\"_blank\" aria-label=\"Compartir en LinkedIn\" href='https:\/\/linkedin.com\/shareArticle?mini=true&#038;title=Cerca%20de%206%20mil%20MYPEs%20en%20la%20Regi%C3%B3n%20de%20Ays%C3%A9n%20son%20potenciales%20beneficiarias%20del%20Bono%20Alivio%20de%20%241%20mill%C3%B3n&#038;url=https:\/\/radiorevelacionfm.cl\/?p=5899' aria-hidden='false' data-av_icon='\ue8fc' data-av_iconfont='entypo-fontello' title='' data-avia-related-tooltip='Compartir en LinkedIn' rel=\"noopener\"><span class='avia_hidden_link_text'>Compartir en LinkedIn<\/span><\/a><\/li><li class='av-share-link av-social-link-mail' ><a  aria-label=\"Compartir por correo\" href='mailto:?subject=Cerca%20de%206%20mil%20MYPEs%20en%20la%20Regi%C3%B3n%20de%20Ays%C3%A9n%20son%20potenciales%20beneficiarias%20del%20Bono%20Alivio%20de%20%241%20mill%C3%B3n&#038;body=https:\/\/radiorevelacionfm.cl\/?p=5899' aria-hidden='false' data-av_icon='\ue805' data-av_iconfont='entypo-fontello' title='' data-avia-related-tooltip='Compartir por correo'><span class='avia_hidden_link_text'>Compartir por correo<\/span><\/a><\/li><\/ul><\/div><\/div>\n<div  style='height:50px' class='hr hr-invisible   avia-builder-el-8  el_after_av_social_share  el_before_av_comments_list '><span class='hr-inner ' ><span class='hr-inner-style'><\/span><\/span><\/div>\n<div  class='av-buildercomment  av-blog-meta-html-info-disabled av-blog-meta-tag-disabled  '><\/div>\n","protected":false},"excerpt":{"rendered":"","protected":false},"author":1,"featured_media":5900,"comment_status":"open","ping_status":"open","sticky":false,"template":"","format":"standard","meta":{"footnotes":""},"categories":[38],"tags":[],"class_list":["post-5899","post","type-post","status-publish","format-standard","has-post-thumbnail","hentry","category-regional"],"jetpack_featured_media_url":"https:\/\/radiorevelacionfm.cl\/wp-content\/uploads\/2021\/07\/Billetes0-1-1.jpg","_links":{"self":[{"href":"https:\/\/radiorevelacionfm.cl\/index.php?rest_route=\/wp\/v2\/posts\/5899","targetHints":{"allow":["GET"]}}],"collection":[{"href":"https:\/\/radiorevelacionfm.cl\/index.php?rest_route=\/wp\/v2\/posts"}],"about":[{"href":"https:\/\/radiorevelacionfm.cl\/index.php?rest_route=\/wp\/v2\/types\/post"}],"author":[{"embeddable":true,"href":"https:\/\/radiorevelacionfm.cl\/index.php?rest_route=\/wp\/v2\/users\/1"}],"replies":[{"embeddable":true,"href":"https:\/\/radiorevelacionfm.cl\/index.php?rest_route=%2Fwp%2Fv2%2Fcomments&post=5899"}],"version-history":[{"count":1,"href":"https:\/\/radiorevelacionfm.cl\/index.php?rest_route=\/wp\/v2\/posts\/5899\/revisions"}],"predecessor-version":[{"id":5901,"href":"https:\/\/radiorevelacionfm.cl\/index.php?rest_route=\/wp\/v2\/posts\/5899\/revisions\/5901"}],"wp:featuredmedia":[{"embeddable":true,"href":"https:\/\/radiorevelacionfm.cl\/index.php?rest_route=\/wp\/v2\/media\/5900"}],"wp:attachment":[{"href":"https:\/\/radiorevelacionfm.cl\/index.php?rest_route=%2Fwp%2Fv2%2Fmedia&parent=5899"}],"wp:term":[{"taxonomy":"category","embeddable":true,"href":"https:\/\/radiorevelacionfm.cl\/index.php?rest_route=%2Fwp%2Fv2%2Fcategories&post=5899"},{"taxonomy":"post_tag","embeddable":true,"href":"https:\/\/radiorevelacionfm.cl\/index.php?rest_route=%2Fwp%2Fv2%2Ftags&post=5899"}],"curies":[{"name":"wp","href":"https:\/\/api.w.org\/{rel}","templated":true}]}}