{"id":58987,"date":"2025-09-10T17:46:54","date_gmt":"2025-09-10T20:46:54","guid":{"rendered":"https:\/\/radiorevelacionfm.cl\/?p=58987"},"modified":"2025-09-10T17:46:54","modified_gmt":"2025-09-10T20:46:54","slug":"ultimos-dias-para-postular-al-curso-gestion-de-cooperativas-via-sence","status":"publish","type":"post","link":"https:\/\/radiorevelacionfm.cl\/?p=58987","title":{"rendered":"\u00daltimos d\u00edas para postular al curso Gesti\u00f3n de Cooperativas v\u00eda Sence"},"content":{"rendered":"<div class=\"flex_column av_one_full  flex_column_div av-zero-column-padding first  avia-builder-el-0  el_before_av_one_full  avia-builder-el-first  \" style='border-radius:0px; '><div  class='avia-image-container  av-styling-    avia-builder-el-1  avia-builder-el-no-sibling  avia-align-center '  itemprop=\"image\" itemscope=\"itemscope\" itemtype=\"https:\/\/schema.org\/ImageObject\"  ><div class='avia-image-container-inner'><div class='avia-image-overlay-wrap'><img decoding=\"async\" class='wp-image-58988 avia-img-lazy-loading-not-58988 avia_image' src=\"https:\/\/radiorevelacionfm.cl\/wp-content\/uploads\/2025\/09\/COOPERATIVAS-SENCE-1-1.jpeg\" alt='' title='COOPERATIVAS SENCE (1) (1)' height=\"600\" width=\"1143\"  itemprop=\"thumbnailUrl\" srcset=\"https:\/\/radiorevelacionfm.cl\/wp-content\/uploads\/2025\/09\/COOPERATIVAS-SENCE-1-1.jpeg 1143w, https:\/\/radiorevelacionfm.cl\/wp-content\/uploads\/2025\/09\/COOPERATIVAS-SENCE-1-1-300x157.jpeg 300w, https:\/\/radiorevelacionfm.cl\/wp-content\/uploads\/2025\/09\/COOPERATIVAS-SENCE-1-1-1030x541.jpeg 1030w, https:\/\/radiorevelacionfm.cl\/wp-content\/uploads\/2025\/09\/COOPERATIVAS-SENCE-1-1-768x403.jpeg 768w, https:\/\/radiorevelacionfm.cl\/wp-content\/uploads\/2025\/09\/COOPERATIVAS-SENCE-1-1-705x370.jpeg 705w, https:\/\/radiorevelacionfm.cl\/wp-content\/uploads\/2025\/09\/COOPERATIVAS-SENCE-1-1-450x236.jpeg 450w, https:\/\/radiorevelacionfm.cl\/wp-content\/uploads\/2025\/09\/COOPERATIVAS-SENCE-1-1-600x315.jpeg 600w\" sizes=\"(max-width: 1143px) 100vw, 1143px\" \/><\/div><\/div><\/div><\/div><div class=\"flex_column av_one_full  flex_column_div av-zero-column-padding first  avia-builder-el-2  el_after_av_one_full  el_before_av_one_full  column-top-margin\" style='border-radius:0px; '><section class=\"av_textblock_section \"  itemscope=\"itemscope\" itemtype=\"https:\/\/schema.org\/BlogPosting\" itemprop=\"blogPost\" ><div class='avia_textblock  '   itemprop=\"text\" ><p style=\"text-align: center;\"><strong><span style=\"font-size: 18pt;\">\u00daltimos d\u00edas para postular al curso Gesti\u00f3n de Cooperativas v\u00eda Sence<\/span><\/strong><\/p>\n<div id=\"gtx-trans\" style=\"position: absolute; left: -50px; top: 4.31534px;\">\n<div class=\"gtx-trans-icon\"><\/div>\n<\/div>\n<\/div><\/section><\/div><div class=\"flex_column av_one_full  flex_column_div av-zero-column-padding first  avia-builder-el-4  el_after_av_one_full  el_before_av_hr  column-top-margin\" style='border-radius:0px; '><section class=\"av_textblock_section \"  itemscope=\"itemscope\" itemtype=\"https:\/\/schema.org\/BlogPosting\" itemprop=\"blogPost\" ><div class='avia_textblock  '   itemprop=\"text\" ><p style=\"text-align: justify;\"><em>Hasta el 24 de septiembre puedes postular con clave \u00fanica en <\/em><a href=\"http:\/\/www.sence.cl\"><em>www.sence.cl<\/em><\/a><em>. El curso<\/em> <em>se realizar\u00e1 de modo presencial con un total de 112 horas las que se distribuyen de lunes a viernes, desde las 17:30 hasta las 22:30 PM. Las clases comienzan el 6 de Octubre y \u00a0los cupos disponibles son 15.<\/em><\/p>\n<p style=\"text-align: justify;\">El curso de Gesti\u00f3n de Cooperativas es financiado mediante el Programa Becas Laborales y fue definido por el Consejo Regional de Capacitaci\u00f3n. Est\u00e1 orientado a personas interesadas en comprender y aplicar los principios fundamentales de la econom\u00eda social y solidaria a trav\u00e9s de la gesti\u00f3n eficiente de cooperativas. A lo largo del programa los y las participantes conocer\u00e1n el marco legal de las cooperativas, sus estructuras organizativas, mecanismos de participaci\u00f3n democr\u00e1tica, administraci\u00f3n financiera y planificaci\u00f3n estrat\u00e9gica.<\/p>\n<p style=\"text-align: justify;\">El Seremi de Econom\u00eda, Fomento y Turismo; Felipe Rojas Pizarro realiz\u00f3 un llamado a postular y capacitarse en este modelo asociativo que en la Regi\u00f3n de Ays\u00e9n: <em>\u201cEstos son los \u00faltimos d\u00edas para poder postular a uno de los 15 cupos disponibles para este curso, que es adem\u00e1s la<\/em><em> primera instancia a nivel nacional referida a la capacitaci\u00f3n en Cooperativas mediante Sence. Y como lo ha mencionado el Presidente Gabriel Boric, somos el Gobierno de las cooperativas y es en este contexto que hemos desarrollado un trabajo intenso y cercano con estas organizaciones las que en su conjunto impulsan fuertemente el desarrollo econ\u00f3mico regional. Invitamos a todas y todos a informarse y postular ya que la fecha de cierre est\u00e1 muy cerca\u201d.<\/em><\/p>\n<p style=\"text-align: justify;\">Karina Garrido, en representaci\u00f3n de Cooperativa Ajora, se refiri\u00f3 a la importancia de este in\u00e9dito curso; <em>\u201cQueremos dejarles una cordial invitaci\u00f3n a inscribirse en el curso de Gesti\u00f3n de Cooperativas, impartido por Sence y abierto para postular hasta el 24 de septiembre. Desde nuestra experiencia, el modelo cooperativo nos ha permitido crecer en conjunto apoyarnos y generar v\u00ednculos en nuestra comunidad, les animamos a inscribirse y conocer este modelo tan importante para el desarrollo de trabajo colaborativo en la Regi\u00f3n de Ays\u00e9n\u201d.<\/em><\/p>\n<p style=\"text-align: justify;\">El objetivo de este curso es comprender profundamente el concepto de cooperativismo y su diferenciaci\u00f3n al respecto de otras formas de organizaci\u00f3n empresarial. Conocer principios y valores del cooperativismo, identificar los tipos de cooperativas y sus \u00e1reas de acci\u00f3n. Constituci\u00f3n y organizaci\u00f3n, profundizar en el proceso de constituci\u00f3n legal, administraci\u00f3n, aplicaci\u00f3n de t\u00e9cnicas de gesti\u00f3n, implementaci\u00f3n de planes operativos, aspectos legales relevantes, conocer la norma fiscal y laboral aplicable al modelo asociativo, herramientas contables y adem\u00e1s la relevancia de incorporar la perspectiva de g\u00e9nero en este \u00e1mbito, entre otros importantes temas cooperativos.<\/p>\n<p style=\"text-align: justify;\">Finalmente, Carolina G\u00f3mez quien junto a la OTEC Ays\u00e9n Consultores, ser\u00e1n ejecutoras de esta iniciativa, coment\u00f3; <em>\u201cNos sentimos orgullosas de llevar adelante este curso pionero de Gesti\u00f3n de Cooperativas, una instancia\u00a0 formativa\u00a0 dirigida a hombres y mujeres que actualmente sean parte de una Cooperativa\u00a0 y tambi\u00e9n a quienes participan como socios o socias de otros modelos asociativos que quieran conocer este modelo Cooperativo. El prop\u00f3sito de esta capacitaci\u00f3n es entregar herramientas concretas de administraci\u00f3n, gesti\u00f3n y organizaci\u00f3n que fortalezcan la autogesti\u00f3n, el trabajo colaborativo y la sostenibilidad de los proyectos asociativos en nuestra regi\u00f3n, contribuyendo al desarrollo econ\u00f3mico y comunitario\u201d.<\/em><\/p>\n<p style=\"text-align: justify;\">El curso de Gesti\u00f3n de Cooperativas, se realizar\u00e1 de modo presencial en Coyhaique, con un total de 112 horas. Las clases comienzan el d\u00eda 6 de Octubre 2025, los cupos disponibles son 15 y la postulaci\u00f3n se realiza hasta el d\u00eda mi\u00e9rcoles 24 de septiembre con clave \u00fanica en www.sence.cl<\/p>\n<\/div><\/section><\/div><div  style='height:50px' class='hr hr-invisible   avia-builder-el-6  el_after_av_one_full  el_before_av_social_share '><span class='hr-inner ' ><span class='hr-inner-style'><\/span><\/span><\/div><\/p>\n<div  class='av-social-sharing-box  avia-builder-el-7  el_after_av_hr  el_before_av_hr  '><div class='av-share-box'><h5 class='av-share-link-description av-no-toc '>Compartir esta noticia<\/h5><ul class='av-share-box-list noLightbox'><li class='av-share-link av-social-link-facebook' ><a target=\"_blank\" aria-label=\"Compartir en Facebook\" href='https:\/\/www.facebook.com\/sharer.php?u=https:\/\/radiorevelacionfm.cl\/?p=58987&#038;t=%C3%9Altimos%20d%C3%ADas%20para%20postular%20al%20curso%20Gesti%C3%B3n%20de%20Cooperativas%20v%C3%ADa%20Sence' aria-hidden='false' data-av_icon='\ue8f3' data-av_iconfont='entypo-fontello' title='' data-avia-related-tooltip='Compartir en Facebook' rel=\"noopener\"><span class='avia_hidden_link_text'>Compartir en Facebook<\/span><\/a><\/li><li class='av-share-link av-social-link-twitter' ><a target=\"_blank\" aria-label=\"Compartir en Twitter\" href='https:\/\/twitter.com\/share?text=%C3%9Altimos%20d%C3%ADas%20para%20postular%20al%20curso%20Gesti%C3%B3n%20de%20Cooperativas%20v%C3%ADa%20Sence&#038;url=https:\/\/radiorevelacionfm.cl\/?p=58987' aria-hidden='false' data-av_icon='\ue8f1' data-av_iconfont='entypo-fontello' title='' data-avia-related-tooltip='Compartir en Twitter' rel=\"noopener\"><span class='avia_hidden_link_text'>Compartir en Twitter<\/span><\/a><\/li><li class='av-share-link av-social-link-whatsapp' ><a target=\"_blank\" aria-label=\"Compartir en Whatsapp\" href='https:\/\/api.whatsapp.com\/send?text=https:\/\/radiorevelacionfm.cl\/?p=58987' aria-hidden='false' data-av_icon='\uf232' data-av_iconfont='entypo-fontello' title='' data-avia-related-tooltip='Compartir en Whatsapp' rel=\"noopener\"><span class='avia_hidden_link_text'>Compartir en Whatsapp<\/span><\/a><\/li><li class='av-share-link av-social-link-linkedin' ><a target=\"_blank\" aria-label=\"Compartir en LinkedIn\" href='https:\/\/linkedin.com\/shareArticle?mini=true&#038;title=%C3%9Altimos%20d%C3%ADas%20para%20postular%20al%20curso%20Gesti%C3%B3n%20de%20Cooperativas%20v%C3%ADa%20Sence&#038;url=https:\/\/radiorevelacionfm.cl\/?p=58987' aria-hidden='false' data-av_icon='\ue8fc' data-av_iconfont='entypo-fontello' title='' data-avia-related-tooltip='Compartir en LinkedIn' rel=\"noopener\"><span class='avia_hidden_link_text'>Compartir en LinkedIn<\/span><\/a><\/li><li class='av-share-link av-social-link-mail' ><a  aria-label=\"Compartir por correo\" href='mailto:?subject=%C3%9Altimos%20d%C3%ADas%20para%20postular%20al%20curso%20Gesti%C3%B3n%20de%20Cooperativas%20v%C3%ADa%20Sence&#038;body=https:\/\/radiorevelacionfm.cl\/?p=58987' aria-hidden='false' data-av_icon='\ue805' data-av_iconfont='entypo-fontello' title='' data-avia-related-tooltip='Compartir por correo'><span class='avia_hidden_link_text'>Compartir por correo<\/span><\/a><\/li><\/ul><\/div><\/div>\n<div  style='height:50px' class='hr hr-invisible   avia-builder-el-8  el_after_av_social_share  el_before_av_comments_list '><span class='hr-inner ' ><span class='hr-inner-style'><\/span><\/span><\/div>\n<div  class='av-buildercomment  av-blog-meta-html-info-disabled av-blog-meta-tag-disabled  '><\/div>\n","protected":false},"excerpt":{"rendered":"","protected":false},"author":1,"featured_media":58988,"comment_status":"closed","ping_status":"closed","sticky":false,"template":"","format":"standard","meta":{"footnotes":""},"categories":[38],"tags":[],"class_list":["post-58987","post","type-post","status-publish","format-standard","has-post-thumbnail","hentry","category-regional"],"jetpack_featured_media_url":"https:\/\/radiorevelacionfm.cl\/wp-content\/uploads\/2025\/09\/COOPERATIVAS-SENCE-1-1.jpeg","_links":{"self":[{"href":"https:\/\/radiorevelacionfm.cl\/index.php?rest_route=\/wp\/v2\/posts\/58987","targetHints":{"allow":["GET"]}}],"collection":[{"href":"https:\/\/radiorevelacionfm.cl\/index.php?rest_route=\/wp\/v2\/posts"}],"about":[{"href":"https:\/\/radiorevelacionfm.cl\/index.php?rest_route=\/wp\/v2\/types\/post"}],"author":[{"embeddable":true,"href":"https:\/\/radiorevelacionfm.cl\/index.php?rest_route=\/wp\/v2\/users\/1"}],"replies":[{"embeddable":true,"href":"https:\/\/radiorevelacionfm.cl\/index.php?rest_route=%2Fwp%2Fv2%2Fcomments&post=58987"}],"version-history":[{"count":2,"href":"https:\/\/radiorevelacionfm.cl\/index.php?rest_route=\/wp\/v2\/posts\/58987\/revisions"}],"predecessor-version":[{"id":59011,"href":"https:\/\/radiorevelacionfm.cl\/index.php?rest_route=\/wp\/v2\/posts\/58987\/revisions\/59011"}],"wp:featuredmedia":[{"embeddable":true,"href":"https:\/\/radiorevelacionfm.cl\/index.php?rest_route=\/wp\/v2\/media\/58988"}],"wp:attachment":[{"href":"https:\/\/radiorevelacionfm.cl\/index.php?rest_route=%2Fwp%2Fv2%2Fmedia&parent=58987"}],"wp:term":[{"taxonomy":"category","embeddable":true,"href":"https:\/\/radiorevelacionfm.cl\/index.php?rest_route=%2Fwp%2Fv2%2Fcategories&post=58987"},{"taxonomy":"post_tag","embeddable":true,"href":"https:\/\/radiorevelacionfm.cl\/index.php?rest_route=%2Fwp%2Fv2%2Ftags&post=58987"}],"curies":[{"name":"wp","href":"https:\/\/api.w.org\/{rel}","templated":true}]}}