{"id":58981,"date":"2025-09-10T20:41:10","date_gmt":"2025-09-10T23:41:10","guid":{"rendered":"https:\/\/radiorevelacionfm.cl\/?p=58981"},"modified":"2025-09-10T20:41:10","modified_gmt":"2025-09-10T23:41:10","slug":"consejera-andrea-ponce-el-gobierno-es-sesgado-y-antojadizo-al-disminuir-en-mayor-proporcion-los-presupuestos-2026-de-los-gobiernos-regionales-udi-y-rn","status":"publish","type":"post","link":"https:\/\/radiorevelacionfm.cl\/?p=58981","title":{"rendered":"Consejera Andrea Ponce: \u201cEl Gobierno es sesgado y antojadizo al disminuir en mayor proporci\u00f3n los presupuestos 2026 de los Gobiernos Regionales UDI y RN\u201d"},"content":{"rendered":"<div class=\"flex_column av_one_full  flex_column_div av-zero-column-padding first  avia-builder-el-0  el_before_av_one_full  avia-builder-el-first  \" style='border-radius:0px; '><div  class='avia-image-container  av-styling-    avia-builder-el-1  avia-builder-el-no-sibling  avia-align-center '  itemprop=\"image\" itemscope=\"itemscope\" itemtype=\"https:\/\/schema.org\/ImageObject\"  ><div class='avia-image-container-inner'><div class='avia-image-overlay-wrap'><img decoding=\"async\" class='wp-image-44207 avia-img-lazy-loading-not-44207 avia_image' src=\"https:\/\/radiorevelacionfm.cl\/wp-content\/uploads\/2024\/07\/ANDREA-PONCE-2-1-1.jpg\" alt='' title='ANDREA PONCE (2) (1) (1)' height=\"600\" width=\"863\"  itemprop=\"thumbnailUrl\" srcset=\"https:\/\/radiorevelacionfm.cl\/wp-content\/uploads\/2024\/07\/ANDREA-PONCE-2-1-1.jpg 863w, https:\/\/radiorevelacionfm.cl\/wp-content\/uploads\/2024\/07\/ANDREA-PONCE-2-1-1-300x209.jpg 300w, https:\/\/radiorevelacionfm.cl\/wp-content\/uploads\/2024\/07\/ANDREA-PONCE-2-1-1-768x534.jpg 768w, https:\/\/radiorevelacionfm.cl\/wp-content\/uploads\/2024\/07\/ANDREA-PONCE-2-1-1-705x490.jpg 705w, https:\/\/radiorevelacionfm.cl\/wp-content\/uploads\/2024\/07\/ANDREA-PONCE-2-1-1-450x313.jpg 450w, https:\/\/radiorevelacionfm.cl\/wp-content\/uploads\/2024\/07\/ANDREA-PONCE-2-1-1-600x417.jpg 600w\" sizes=\"(max-width: 863px) 100vw, 863px\" \/><\/div><\/div><\/div><\/div><div class=\"flex_column av_one_full  flex_column_div av-zero-column-padding first  avia-builder-el-2  el_after_av_one_full  el_before_av_one_full  column-top-margin\" style='border-radius:0px; '><section class=\"av_textblock_section \"  itemscope=\"itemscope\" itemtype=\"https:\/\/schema.org\/BlogPosting\" itemprop=\"blogPost\" ><div class='avia_textblock  '   itemprop=\"text\" ><p style=\"font-weight: 400; text-align: center;\"><span style=\"font-size: 18pt;\"><strong>Consejera Andrea Ponce: <\/strong><strong>\u201cEl Gobierno es sesgado y antojadizo al disminuir en mayor proporci\u00f3n los presupuestos 2026 de los Gobiernos Regionales UDI y RN\u201d<\/strong><\/span><\/p>\n<div id=\"gtx-trans\" style=\"position: absolute; left: -50px; top: 4.31534px;\">\n<div class=\"gtx-trans-icon\"><\/div>\n<\/div>\n<\/div><\/section><\/div><div class=\"flex_column av_one_full  flex_column_div av-zero-column-padding first  avia-builder-el-4  el_after_av_one_full  el_before_av_hr  column-top-margin\" style='border-radius:0px; '><section class=\"av_textblock_section \"  itemscope=\"itemscope\" itemtype=\"https:\/\/schema.org\/BlogPosting\" itemprop=\"blogPost\" ><div class='avia_textblock  '   itemprop=\"text\" ><p style=\"font-weight: 400; text-align: justify;\"><em>La presidenta de la Comisi\u00f3n de Presupuesto e Inversi\u00f3n del Gobierno Regional de Ays\u00e9n acusa que el Gobierno busca perjudicar el desarrollo regional, siendo que la Regi\u00f3n de Ays\u00e9n es una de las que tiene mejor ejecuci\u00f3n a nivel nacional.<\/em><\/p>\n<p style=\"font-weight: 400; text-align: justify;\">Como \u201cins\u00f3lito, impresentable, sesgado y antojadizo\u201d catalog\u00f3 la Consejera regional de Ays\u00e9n, Andrea Ponce Olivares, presidenta de las Comisiones de Inversi\u00f3n y Presupuesto y de Infraestructura, Transportes y Telecomunicaciones, la disminuci\u00f3n del presupuesto para el Gobierno Regional de Ays\u00e9n por parte del Gobierno a trav\u00e9s del Ministerio de Hacienda.<\/p>\n<p style=\"font-weight: 400; text-align: justify;\">\u201cEs ins\u00f3lito e impresentable que el Gobierno haya disminuido el presupuesto del Gobierno Regional de Ays\u00e9n en un 6,9%, disminuci\u00f3n que es la mayor a nivel nacional, siendo que somos una regi\u00f3n extrema, que necesita un Gobierno Regional robusto, que conozca la realidad local y pueda as\u00ed desarrollar nuestra regi\u00f3n. No creo que sea casualidad que los gobiernos regionales a los cuales m\u00e1s se les disminuy\u00f3 su prepuesto sean justamente los gobiernos regionales encabezados por gobernadores regionales UDI y RN. El Gobierno lo que busca es perjudicar a estas regiones, con un sesgo pol\u00edtico y antojadizo, sin argumentos s\u00f3lidos que lo respalden\u201d.<\/p>\n<p style=\"font-weight: 400; text-align: justify;\">Sobre la ejecuci\u00f3n actual, la consejera Ponce sostuvo, \u201cEl Gobierno Regional de Ays\u00e9n, liderado por el Gobernador Marcelo Santana en julio se ubic\u00f3 en el quinto mejor lugar de ejecuci\u00f3n presupuestaria nacional, muy alejado del \u00faltimo lugar que ten\u00eda la regi\u00f3n con la administraci\u00f3n anterior. \u00bfEsto ser\u00e1 un castigo por tener tan buena ejecuci\u00f3n? \u00bfser\u00e1 un castigo por ser un Gobierno Regional de derecha? Nosotros estamos ac\u00e1 para desarrollar nuestra Regi\u00f3n de Ays\u00e9n, que sabemos que tanto nos cuesta impulsar y donde cada vecino y vecina busca lo mejor para su comunidad y familia. Esta noticia de disminuci\u00f3n del presupuesto nos golpea fuertemente y frenar\u00e1 el desarrollo regional, algo que no nos merecemos y es dar la espalda a una zona extrema, sin argumentos para ello. Como habitantes de la Regi\u00f3n de Ays\u00e9n no nos podemos quedar en silencio ante esta injusticia\u201d, manifest\u00f3 Andrea Ponce.<\/p>\n<p style=\"font-weight: 400; text-align: justify;\">\u201cYa lo afirm\u00f3 nuestro Gobernador Marcelo Santana, este recorte en el presupuesto equivale a dejar de realizar grandes obras de conectividad, de salud o educaci\u00f3n y eso es impresentable, es desconocer la realidad regional y dar la espalda a los ayseninos y ayseninas\u201d, finaliz\u00f3 la consejera Andrea Ponce.<\/p>\n<p style=\"font-weight: 400; text-align: justify;\">La Regi\u00f3n de Ays\u00e9n es la m\u00e1s afectada con un recorte presupuestario de 6,9%, seguida por Maule con 6,2%, Los Lagos 6,1% y Arica y Parinacota con 5,8%.<\/p>\n<\/div><\/section><\/div><div  style='height:50px' class='hr hr-invisible   avia-builder-el-6  el_after_av_one_full  el_before_av_social_share '><span class='hr-inner ' ><span class='hr-inner-style'><\/span><\/span><\/div><\/p>\n<div  class='av-social-sharing-box  avia-builder-el-7  el_after_av_hr  el_before_av_hr  '><div class='av-share-box'><h5 class='av-share-link-description av-no-toc '>Compartir esta noticia<\/h5><ul class='av-share-box-list noLightbox'><li class='av-share-link av-social-link-facebook' ><a target=\"_blank\" aria-label=\"Compartir en Facebook\" href='https:\/\/www.facebook.com\/sharer.php?u=https:\/\/radiorevelacionfm.cl\/?p=58981&#038;t=Consejera%20Andrea%20Ponce%3A%20%E2%80%9CEl%20Gobierno%20es%20sesgado%20y%20antojadizo%20al%20disminuir%20en%20mayor%20proporci%C3%B3n%20los%20presupuestos%202026%20de%20los%20Gobiernos%20Regionales%20UDI%20y%20RN%E2%80%9D' aria-hidden='false' data-av_icon='\ue8f3' data-av_iconfont='entypo-fontello' title='' data-avia-related-tooltip='Compartir en Facebook' rel=\"noopener\"><span class='avia_hidden_link_text'>Compartir en Facebook<\/span><\/a><\/li><li class='av-share-link av-social-link-twitter' ><a target=\"_blank\" aria-label=\"Compartir en Twitter\" href='https:\/\/twitter.com\/share?text=Consejera%20Andrea%20Ponce%3A%20%E2%80%9CEl%20Gobierno%20es%20sesgado%20y%20antojadizo%20al%20disminuir%20en%20mayor%20proporci%C3%B3n%20los%20presupuestos%202026%20de%20los%20Gobiernos%20Regionales%20UDI%20y%20RN%E2%80%9D&#038;url=https:\/\/radiorevelacionfm.cl\/?p=58981' aria-hidden='false' data-av_icon='\ue8f1' data-av_iconfont='entypo-fontello' title='' data-avia-related-tooltip='Compartir en Twitter' rel=\"noopener\"><span class='avia_hidden_link_text'>Compartir en Twitter<\/span><\/a><\/li><li class='av-share-link av-social-link-whatsapp' ><a target=\"_blank\" aria-label=\"Compartir en Whatsapp\" href='https:\/\/api.whatsapp.com\/send?text=https:\/\/radiorevelacionfm.cl\/?p=58981' aria-hidden='false' data-av_icon='\uf232' data-av_iconfont='entypo-fontello' title='' data-avia-related-tooltip='Compartir en Whatsapp' rel=\"noopener\"><span class='avia_hidden_link_text'>Compartir en Whatsapp<\/span><\/a><\/li><li class='av-share-link av-social-link-linkedin' ><a target=\"_blank\" aria-label=\"Compartir en LinkedIn\" href='https:\/\/linkedin.com\/shareArticle?mini=true&#038;title=Consejera%20Andrea%20Ponce%3A%20%E2%80%9CEl%20Gobierno%20es%20sesgado%20y%20antojadizo%20al%20disminuir%20en%20mayor%20proporci%C3%B3n%20los%20presupuestos%202026%20de%20los%20Gobiernos%20Regionales%20UDI%20y%20RN%E2%80%9D&#038;url=https:\/\/radiorevelacionfm.cl\/?p=58981' aria-hidden='false' data-av_icon='\ue8fc' data-av_iconfont='entypo-fontello' title='' data-avia-related-tooltip='Compartir en LinkedIn' rel=\"noopener\"><span class='avia_hidden_link_text'>Compartir en LinkedIn<\/span><\/a><\/li><li class='av-share-link av-social-link-mail' ><a  aria-label=\"Compartir por correo\" href='mailto:?subject=Consejera%20Andrea%20Ponce%3A%20%E2%80%9CEl%20Gobierno%20es%20sesgado%20y%20antojadizo%20al%20disminuir%20en%20mayor%20proporci%C3%B3n%20los%20presupuestos%202026%20de%20los%20Gobiernos%20Regionales%20UDI%20y%20RN%E2%80%9D&#038;body=https:\/\/radiorevelacionfm.cl\/?p=58981' aria-hidden='false' data-av_icon='\ue805' data-av_iconfont='entypo-fontello' title='' data-avia-related-tooltip='Compartir por correo'><span class='avia_hidden_link_text'>Compartir por correo<\/span><\/a><\/li><\/ul><\/div><\/div>\n<div  style='height:50px' class='hr hr-invisible   avia-builder-el-8  el_after_av_social_share  el_before_av_comments_list '><span class='hr-inner ' ><span class='hr-inner-style'><\/span><\/span><\/div>\n<div  class='av-buildercomment  av-blog-meta-html-info-disabled av-blog-meta-tag-disabled  '><\/div>\n","protected":false},"excerpt":{"rendered":"","protected":false},"author":1,"featured_media":44207,"comment_status":"closed","ping_status":"closed","sticky":false,"template":"","format":"standard","meta":{"footnotes":""},"categories":[35],"tags":[],"class_list":["post-58981","post","type-post","status-publish","format-standard","has-post-thumbnail","hentry","category-politica"],"jetpack_featured_media_url":"https:\/\/radiorevelacionfm.cl\/wp-content\/uploads\/2024\/07\/ANDREA-PONCE-2-1-1.jpg","_links":{"self":[{"href":"https:\/\/radiorevelacionfm.cl\/index.php?rest_route=\/wp\/v2\/posts\/58981","targetHints":{"allow":["GET"]}}],"collection":[{"href":"https:\/\/radiorevelacionfm.cl\/index.php?rest_route=\/wp\/v2\/posts"}],"about":[{"href":"https:\/\/radiorevelacionfm.cl\/index.php?rest_route=\/wp\/v2\/types\/post"}],"author":[{"embeddable":true,"href":"https:\/\/radiorevelacionfm.cl\/index.php?rest_route=\/wp\/v2\/users\/1"}],"replies":[{"embeddable":true,"href":"https:\/\/radiorevelacionfm.cl\/index.php?rest_route=%2Fwp%2Fv2%2Fcomments&post=58981"}],"version-history":[{"count":2,"href":"https:\/\/radiorevelacionfm.cl\/index.php?rest_route=\/wp\/v2\/posts\/58981\/revisions"}],"predecessor-version":[{"id":59025,"href":"https:\/\/radiorevelacionfm.cl\/index.php?rest_route=\/wp\/v2\/posts\/58981\/revisions\/59025"}],"wp:featuredmedia":[{"embeddable":true,"href":"https:\/\/radiorevelacionfm.cl\/index.php?rest_route=\/wp\/v2\/media\/44207"}],"wp:attachment":[{"href":"https:\/\/radiorevelacionfm.cl\/index.php?rest_route=%2Fwp%2Fv2%2Fmedia&parent=58981"}],"wp:term":[{"taxonomy":"category","embeddable":true,"href":"https:\/\/radiorevelacionfm.cl\/index.php?rest_route=%2Fwp%2Fv2%2Fcategories&post=58981"},{"taxonomy":"post_tag","embeddable":true,"href":"https:\/\/radiorevelacionfm.cl\/index.php?rest_route=%2Fwp%2Fv2%2Ftags&post=58981"}],"curies":[{"name":"wp","href":"https:\/\/api.w.org\/{rel}","templated":true}]}}