{"id":58972,"date":"2025-09-10T11:17:57","date_gmt":"2025-09-10T14:17:57","guid":{"rendered":"https:\/\/radiorevelacionfm.cl\/?p=58972"},"modified":"2025-09-10T11:17:57","modified_gmt":"2025-09-10T14:17:57","slug":"termometro-laboral-regional-da-cuenta-de-los-factores-que-inciden-en-empleo-regional","status":"publish","type":"post","link":"https:\/\/radiorevelacionfm.cl\/?p=58972","title":{"rendered":"Term\u00f3metro laboral regional da cuenta de los factores que inciden en empleo regional"},"content":{"rendered":"<div class=\"flex_column av_one_full  flex_column_div av-zero-column-padding first  avia-builder-el-0  el_before_av_one_full  avia-builder-el-first  \" style='border-radius:0px; '><div  class='avia-image-container  av-styling-    avia-builder-el-1  avia-builder-el-no-sibling  avia-align-center '  itemprop=\"image\" itemscope=\"itemscope\" itemtype=\"https:\/\/schema.org\/ImageObject\"  ><div class='avia-image-container-inner'><div class='avia-image-overlay-wrap'><img decoding=\"async\" class='wp-image-58973 avia-img-lazy-loading-not-58973 avia_image' src=\"https:\/\/radiorevelacionfm.cl\/wp-content\/uploads\/2025\/09\/puerto-chacabuco-1-1_optimized-1.jpg\" alt='' title='puerto-chacabuco-(1)-(1)_optimized (1)' height=\"600\" width=\"900\"  itemprop=\"thumbnailUrl\" srcset=\"https:\/\/radiorevelacionfm.cl\/wp-content\/uploads\/2025\/09\/puerto-chacabuco-1-1_optimized-1.jpg 900w, https:\/\/radiorevelacionfm.cl\/wp-content\/uploads\/2025\/09\/puerto-chacabuco-1-1_optimized-1-300x200.jpg 300w, https:\/\/radiorevelacionfm.cl\/wp-content\/uploads\/2025\/09\/puerto-chacabuco-1-1_optimized-1-768x512.jpg 768w, https:\/\/radiorevelacionfm.cl\/wp-content\/uploads\/2025\/09\/puerto-chacabuco-1-1_optimized-1-705x470.jpg 705w, https:\/\/radiorevelacionfm.cl\/wp-content\/uploads\/2025\/09\/puerto-chacabuco-1-1_optimized-1-450x300.jpg 450w, https:\/\/radiorevelacionfm.cl\/wp-content\/uploads\/2025\/09\/puerto-chacabuco-1-1_optimized-1-600x400.jpg 600w\" sizes=\"(max-width: 900px) 100vw, 900px\" \/><\/div><\/div><\/div><\/div><div class=\"flex_column av_one_full  flex_column_div av-zero-column-padding first  avia-builder-el-2  el_after_av_one_full  el_before_av_one_full  column-top-margin\" style='border-radius:0px; '><section class=\"av_textblock_section \"  itemscope=\"itemscope\" itemtype=\"https:\/\/schema.org\/BlogPosting\" itemprop=\"blogPost\" ><div class='avia_textblock  '   itemprop=\"text\" ><p style=\"text-align: center;\"><span style=\"font-size: 18pt;\"><strong>Term\u00f3metro laboral regional da cuenta de los factores que inciden en empleo regional<\/strong><\/span><\/p>\n<div id=\"gtx-trans\" style=\"position: absolute; left: -50px; top: 4.31534px;\">\n<div class=\"gtx-trans-icon\"><\/div>\n<\/div>\n<\/div><\/section><\/div><div class=\"flex_column av_one_full  flex_column_div av-zero-column-padding first  avia-builder-el-4  el_after_av_one_full  el_before_av_hr  column-top-margin\" style='border-radius:0px; '><section class=\"av_textblock_section \"  itemscope=\"itemscope\" itemtype=\"https:\/\/schema.org\/BlogPosting\" itemprop=\"blogPost\" ><div class='avia_textblock  '   itemprop=\"text\" ><ul>\n<li style=\"text-align: justify;\"><em>Los \u00faltimos registros oficiales muestran un s\u00f3lido rendimiento en los \u00e1mbitos de empleo y producci\u00f3n, lo cual coincide con la recuperaci\u00f3n econ\u00f3mica de la regi\u00f3n.<\/em><\/li>\n<li style=\"text-align: justify;\"><em>El sector \u00abresto de bienes\u00bb, que incluye construcci\u00f3n, miner\u00eda y electricidad, tuvo un crecimiento del 25,0%, superando la variaci\u00f3n regional en 16,4 puntos porcentuales.<\/em><\/li>\n<\/ul>\n<p style=\"text-align: justify;\">El Observatorio Laboral de Ays\u00e9n, programa de la Subsecretar\u00eda del Trabajo y ejecutado por el Centro de Formaci\u00f3n T\u00e9cnica Estatal de la regi\u00f3n de Ays\u00e9n, ha presentado una nueva edici\u00f3n de su ya conocido term\u00f3metro laboral, el cual corresponde al an\u00e1lisis del trimestre m\u00f3vil mayo-junio-julio 2025.<\/p>\n<p style=\"text-align: justify;\">En la ocasi\u00f3n, la regi\u00f3n muestra una consolidaci\u00f3n en los indicadores laborales que posicionan a la regi\u00f3n como l\u00edder a nivel nacional por cuarto trimestre m\u00f3vil consecutivo con una tasa de participaci\u00f3n del 70,8%, mientras que la ocupaci\u00f3n llega al 67,5% y la tasa de desocupaci\u00f3n es de un 4,6%<\/p>\n<p style=\"text-align: justify;\">Entre otros datos que se entregan, por ejemplo, se registra el PIB que en el primer trimestre de 2025 se increment\u00f3 en un 8,6%, por otro lado, los asalariados del sector privado vieron un aumento del 7,9% y sobre el \u00edndice de remuneraciones nominales, \u00e9ste creci\u00f3 un 7,5% durante el mes de mayo.<\/p>\n<p style=\"text-align: justify;\">El seremi(s) del Trabajo y Previsi\u00f3n Social, Rodrigo D\u00edaz Cordaro, considera que los datos que est\u00e1n contenidos en el documento oficial son un indicativo del dinamismo que posee la regi\u00f3n, \u201c<em>en nuestra Regi\u00f3n de Ays\u00e9n hay un dinamismo particular en el empleo, que tiene que ver con ciclos de producci\u00f3n y de temporadas, por ejemplo, en la acuicultura y en el turismo. En el trimestre m\u00f3vil observamos que se mantiene en baja la informalidad en hombres y aument\u00f3 el empleo en el sector privado, lo cual se condice tambi\u00e9n con las ferias desarrolladas por las Oficinas Municipales de Intermediaci\u00f3n Laboral, OMIL, convenio de los municipios de Ays\u00e9n y Coyhaique con el Servicio Nacional de Capacitaci\u00f3n y Empleo, Sence, donde tanto en Puerto Ays\u00e9n con 236 ofertas laborales y en Coyhaique con m\u00e1s de 280, son reflejo de ello<\/em>\u201d.<\/p>\n<p style=\"text-align: justify;\">La autoridad laboral a\u00f1adi\u00f3 \u201c<em>A esto debemos sumar que se est\u00e1n reactivando proyectos y se est\u00e1n desarrollando otros, lo cual vemos, por ejemplo, en el anuncio por parte de la Subsecretaria Francisca Perales de la Subdere donde se financiar\u00e1n dos proyectos por m\u00e1s de 300 millones de pesos que van a hermosear \u00e1reas de la comuna de Ays\u00e9n, particularmente en Puerto Chacabuco, entregando trabajo, el cual es mayoritariamente para mujeres de la localidad. Esperamos que todo esto resulte en a\u00fan mejores cifras de empleo y de formalidad para nuestra Regi\u00f3n de Ays\u00e9n<\/em>\u201d, afirm\u00f3 el Seremi(s) Rodrigo D\u00edaz Cordaro.<\/p>\n<p style=\"text-align: justify;\"><strong><u>La mirada desde SENCE<\/u><\/strong><\/p>\n<p style=\"text-align: justify;\">La informaci\u00f3n oficial revela que, entre mayo y julio de 2025, el n\u00famero total de personas ocupadas subi\u00f3 un 1,3% en comparaci\u00f3n con el mismo per\u00edodo del a\u00f1o 2024, lo que puede ser el reflejo de muchas variantes, entre ellas, el perfeccionamiento o herramientas adquiridas por los trabajadores para enfrentar el mundo laboral.<\/p>\n<p style=\"text-align: justify;\">Es as\u00ed como el director regional del Servicio Nacional de Capacitaci\u00f3n y Empleo, SENCE, Nelson Garrido Morales, toma las cifras desde una perspectiva sociol\u00f3gica y los comportamientos culturales que conllevan las variaciones y\/o repuntes de los indicadores laborales, como tambi\u00e9n las brechas que se detectan.<\/p>\n<p style=\"text-align: justify;\"><em>\u201cEl term\u00f3metro laboral de Ays\u00e9n revela m\u00e1s que cifras, muestra c\u00f3mo nuestra regi\u00f3n est\u00e1 cambiando en lo social y en lo humano. Hoy el empleo no s\u00f3lo exige conocimiento t\u00e9cnico, tambi\u00e9n habilidades transversales como la colaboraci\u00f3n, la adaptaci\u00f3n y la comunicaci\u00f3n efectiva. Ays\u00e9n necesita trabajadores y trabajadores que sepan convivir en la diversidad, que aporten creatividad y resiliencia frente a los desaf\u00edos. <\/em><em>El futuro laboral se construye con personas capaces de aprender, reinventarse y trabajar en equipo. El term\u00f3metro laboral nos invita a mirar m\u00e1s all\u00e1 del empleo, a pensar en las habilidades para la vida y para el desarrollo de nuestra regi\u00f3n\u201d.<\/em><\/p>\n<p style=\"text-align: justify;\">Cabe mencionar que en la p\u00e1gina de Sence www.sence.gob.cl existe un apartado especial denominado \u201cBusco Empleo\u201d donde hay capacitaciones y taller en l\u00ednea para aprender a realizar un curr\u00edculum, prepararse para entrevistas de trabajo, entre otros.<\/p>\n<p style=\"text-align: justify;\"><strong><u>La incidencia que refleja la ENADEL<\/u><\/strong><\/p>\n<p style=\"text-align: justify;\">Recientemente fue publicado el informe de resultados de la Encuesta Nacional de Demanda Laboral 2024, ENADEL, que muestra las necesidades de las empresas o que habilidades buscan los empleadores en los candidatos a ocupar las vacantes que se ofrecen, lo que tambi\u00e9n responde a la fluctuaci\u00f3n de indicadores laborales en la regi\u00f3n.<\/p>\n<p style=\"text-align: justify;\">Frente a esto, C\u00e9sar G\u00f3mez Berrocal, Director del Observatorio Laboral es enf\u00e1tico para rescatar estos resultados y analizarlos con altura de miras, pues si bien, Ays\u00e9n sigue liderando a nivel nacional en materia de ocupaci\u00f3n, a\u00fan hay cosas por mejorar o instaurar para seguir cimentando una solidez en la fuerza laboral.<\/p>\n<p style=\"text-align: justify;\"><em>\u201cCuando revisamos la composici\u00f3n de la fuerza de trabajo a nivel regional, en t\u00e9rminos porcentuales, podemos ver que la regi\u00f3n de Ays\u00e9n cuenta con los mayores niveles de ocupaci\u00f3n en t\u00e9rminos porcentuales a nivel nacional, lo que sin duda es una caracter\u00edstica distintiva de esta regi\u00f3n respecto a la media de del pa\u00eds y en ese contexto en que las principales problem\u00e1ticas en realidad est\u00e1n m\u00e1s bien focalizadas en las dificultades de contrataci\u00f3n que hoy por hoy puede mostrar los distintos sectores productivos para llenar ciertas vacantes de empleo\u201d <\/em><\/p>\n<p style=\"text-align: justify;\">Adem\u00e1s, agrega: <em>\u201cY en ese contexto que los resultados de la encuesta Enadel dan cuenta de que aquellos sectores econ\u00f3micos que presentan mayores dificultades de contrataci\u00f3n a nivel regional son aquellos relacionados al \u00e1mbito del comercio al \u00e1mbito de la industria manufacturera y tambi\u00e9n al transporte y almacenamiento. Y es en ese mismo sentido que es importante manifestar que las mayores dificultades de condici\u00f3n dentro de los resultados que arroj\u00f3 la encuesta ENADEL es que el 26% de las empresas manifestaron que la principal dificultad guarda relaci\u00f3n con que los candidatos y las candidatas no cuentan con habilidades blandas o socioemocionales requeridas, lo que sin duda es un antecedente bastante importante al momento de considerar los planes de formaci\u00f3n y capacitaci\u00f3n que se deben implementar al respecto<\/em>\u201d son parte de las palabras del director del programa.<\/p>\n<p style=\"text-align: justify;\">El Observatorio Laboral de Ays\u00e9n, es parte de la Estrategia Nacional de Prospecci\u00f3n Laboral, convenio firmado entre el Centro de Formaci\u00f3n T\u00e9cnica Estatal de Ays\u00e9n y la Subsecretaria del Trabajo, representada por la Seremi de Trabajo y Previsi\u00f3n Social. Para acceder al Term\u00f3metro Laboral del trimestre mayo-junio-julio, el link es: <a href=\"https:\/\/www.subtrab.gob.cl\/tl\/\">https:\/\/www.subtrab.gob.cl\/tl\/<\/a> y dar click a regi\u00f3n de Ays\u00e9n.<\/p>\n<\/div><\/section><\/div><div  style='height:50px' class='hr hr-invisible   avia-builder-el-6  el_after_av_one_full  el_before_av_social_share '><span class='hr-inner ' ><span class='hr-inner-style'><\/span><\/span><\/div><\/p>\n<div  class='av-social-sharing-box  avia-builder-el-7  el_after_av_hr  el_before_av_hr  '><div class='av-share-box'><h5 class='av-share-link-description av-no-toc '>Compartir esta noticia<\/h5><ul class='av-share-box-list noLightbox'><li class='av-share-link av-social-link-facebook' ><a target=\"_blank\" aria-label=\"Compartir en Facebook\" href='https:\/\/www.facebook.com\/sharer.php?u=https:\/\/radiorevelacionfm.cl\/?p=58972&#038;t=Term%C3%B3metro%20laboral%20regional%20da%20cuenta%20de%20los%20factores%20que%20inciden%20en%20empleo%20regional' aria-hidden='false' data-av_icon='\ue8f3' data-av_iconfont='entypo-fontello' title='' data-avia-related-tooltip='Compartir en Facebook' rel=\"noopener\"><span class='avia_hidden_link_text'>Compartir en Facebook<\/span><\/a><\/li><li class='av-share-link av-social-link-twitter' ><a target=\"_blank\" aria-label=\"Compartir en Twitter\" href='https:\/\/twitter.com\/share?text=Term%C3%B3metro%20laboral%20regional%20da%20cuenta%20de%20los%20factores%20que%20inciden%20en%20empleo%20regional&#038;url=https:\/\/radiorevelacionfm.cl\/?p=58972' aria-hidden='false' data-av_icon='\ue8f1' data-av_iconfont='entypo-fontello' title='' data-avia-related-tooltip='Compartir en Twitter' rel=\"noopener\"><span class='avia_hidden_link_text'>Compartir en Twitter<\/span><\/a><\/li><li class='av-share-link av-social-link-whatsapp' ><a target=\"_blank\" aria-label=\"Compartir en Whatsapp\" href='https:\/\/api.whatsapp.com\/send?text=https:\/\/radiorevelacionfm.cl\/?p=58972' aria-hidden='false' data-av_icon='\uf232' data-av_iconfont='entypo-fontello' title='' data-avia-related-tooltip='Compartir en Whatsapp' rel=\"noopener\"><span class='avia_hidden_link_text'>Compartir en Whatsapp<\/span><\/a><\/li><li class='av-share-link av-social-link-linkedin' ><a target=\"_blank\" aria-label=\"Compartir en LinkedIn\" href='https:\/\/linkedin.com\/shareArticle?mini=true&#038;title=Term%C3%B3metro%20laboral%20regional%20da%20cuenta%20de%20los%20factores%20que%20inciden%20en%20empleo%20regional&#038;url=https:\/\/radiorevelacionfm.cl\/?p=58972' aria-hidden='false' data-av_icon='\ue8fc' data-av_iconfont='entypo-fontello' title='' data-avia-related-tooltip='Compartir en LinkedIn' rel=\"noopener\"><span class='avia_hidden_link_text'>Compartir en LinkedIn<\/span><\/a><\/li><li class='av-share-link av-social-link-mail' ><a  aria-label=\"Compartir por correo\" href='mailto:?subject=Term%C3%B3metro%20laboral%20regional%20da%20cuenta%20de%20los%20factores%20que%20inciden%20en%20empleo%20regional&#038;body=https:\/\/radiorevelacionfm.cl\/?p=58972' aria-hidden='false' data-av_icon='\ue805' data-av_iconfont='entypo-fontello' title='' data-avia-related-tooltip='Compartir por correo'><span class='avia_hidden_link_text'>Compartir por correo<\/span><\/a><\/li><\/ul><\/div><\/div>\n<div  style='height:50px' class='hr hr-invisible   avia-builder-el-8  el_after_av_social_share  el_before_av_comments_list '><span class='hr-inner ' ><span class='hr-inner-style'><\/span><\/span><\/div>\n<div  class='av-buildercomment  av-blog-meta-html-info-disabled av-blog-meta-tag-disabled  '><\/div>\n","protected":false},"excerpt":{"rendered":"","protected":false},"author":1,"featured_media":58973,"comment_status":"closed","ping_status":"closed","sticky":false,"template":"","format":"standard","meta":{"footnotes":""},"categories":[38],"tags":[],"class_list":["post-58972","post","type-post","status-publish","format-standard","has-post-thumbnail","hentry","category-regional"],"jetpack_featured_media_url":"https:\/\/radiorevelacionfm.cl\/wp-content\/uploads\/2025\/09\/puerto-chacabuco-1-1_optimized-1.jpg","_links":{"self":[{"href":"https:\/\/radiorevelacionfm.cl\/index.php?rest_route=\/wp\/v2\/posts\/58972","targetHints":{"allow":["GET"]}}],"collection":[{"href":"https:\/\/radiorevelacionfm.cl\/index.php?rest_route=\/wp\/v2\/posts"}],"about":[{"href":"https:\/\/radiorevelacionfm.cl\/index.php?rest_route=\/wp\/v2\/types\/post"}],"author":[{"embeddable":true,"href":"https:\/\/radiorevelacionfm.cl\/index.php?rest_route=\/wp\/v2\/users\/1"}],"replies":[{"embeddable":true,"href":"https:\/\/radiorevelacionfm.cl\/index.php?rest_route=%2Fwp%2Fv2%2Fcomments&post=58972"}],"version-history":[{"count":2,"href":"https:\/\/radiorevelacionfm.cl\/index.php?rest_route=\/wp\/v2\/posts\/58972\/revisions"}],"predecessor-version":[{"id":58990,"href":"https:\/\/radiorevelacionfm.cl\/index.php?rest_route=\/wp\/v2\/posts\/58972\/revisions\/58990"}],"wp:featuredmedia":[{"embeddable":true,"href":"https:\/\/radiorevelacionfm.cl\/index.php?rest_route=\/wp\/v2\/media\/58973"}],"wp:attachment":[{"href":"https:\/\/radiorevelacionfm.cl\/index.php?rest_route=%2Fwp%2Fv2%2Fmedia&parent=58972"}],"wp:term":[{"taxonomy":"category","embeddable":true,"href":"https:\/\/radiorevelacionfm.cl\/index.php?rest_route=%2Fwp%2Fv2%2Fcategories&post=58972"},{"taxonomy":"post_tag","embeddable":true,"href":"https:\/\/radiorevelacionfm.cl\/index.php?rest_route=%2Fwp%2Fv2%2Ftags&post=58972"}],"curies":[{"name":"wp","href":"https:\/\/api.w.org\/{rel}","templated":true}]}}