{"id":58963,"date":"2025-09-10T10:33:59","date_gmt":"2025-09-10T13:33:59","guid":{"rendered":"https:\/\/radiorevelacionfm.cl\/?p=58963"},"modified":"2025-09-10T10:33:59","modified_gmt":"2025-09-10T13:33:59","slug":"injuv-impulsa-taller-de-arte-y-autocuidado-para-fortalecer-la-salud-mental-juvenil-en-aysen","status":"publish","type":"post","link":"https:\/\/radiorevelacionfm.cl\/?p=58963","title":{"rendered":"INJUV impulsa taller de Arte y Autocuidado para fortalecer la salud mental juvenil en Ays\u00e9n"},"content":{"rendered":"<div class=\"flex_column av_one_full  flex_column_div av-zero-column-padding first  avia-builder-el-0  el_before_av_one_full  avia-builder-el-first  \" style='border-radius:0px; '><div  class='avia-image-container  av-styling-    avia-builder-el-1  avia-builder-el-no-sibling  avia-align-center '  itemprop=\"image\" itemscope=\"itemscope\" itemtype=\"https:\/\/schema.org\/ImageObject\"  ><div class='avia-image-container-inner'><div class='avia-image-overlay-wrap'><img decoding=\"async\" class='wp-image-58964 avia-img-lazy-loading-not-58964 avia_image' src=\"https:\/\/radiorevelacionfm.cl\/wp-content\/uploads\/2025\/09\/foto-1-100-1-1_optimized-1.jpg\" alt='' title='foto-1-(100)-(1)-(1)_optimized (1)' height=\"600\" width=\"1277\"  itemprop=\"thumbnailUrl\" srcset=\"https:\/\/radiorevelacionfm.cl\/wp-content\/uploads\/2025\/09\/foto-1-100-1-1_optimized-1.jpg 1277w, https:\/\/radiorevelacionfm.cl\/wp-content\/uploads\/2025\/09\/foto-1-100-1-1_optimized-1-300x141.jpg 300w, https:\/\/radiorevelacionfm.cl\/wp-content\/uploads\/2025\/09\/foto-1-100-1-1_optimized-1-1030x484.jpg 1030w, https:\/\/radiorevelacionfm.cl\/wp-content\/uploads\/2025\/09\/foto-1-100-1-1_optimized-1-768x361.jpg 768w, https:\/\/radiorevelacionfm.cl\/wp-content\/uploads\/2025\/09\/foto-1-100-1-1_optimized-1-705x331.jpg 705w, https:\/\/radiorevelacionfm.cl\/wp-content\/uploads\/2025\/09\/foto-1-100-1-1_optimized-1-450x211.jpg 450w, https:\/\/radiorevelacionfm.cl\/wp-content\/uploads\/2025\/09\/foto-1-100-1-1_optimized-1-600x282.jpg 600w\" sizes=\"(max-width: 1277px) 100vw, 1277px\" \/><\/div><\/div><\/div><\/div><div class=\"flex_column av_one_full  flex_column_div av-zero-column-padding first  avia-builder-el-2  el_after_av_one_full  el_before_av_one_full  column-top-margin\" style='border-radius:0px; '><section class=\"av_textblock_section \"  itemscope=\"itemscope\" itemtype=\"https:\/\/schema.org\/BlogPosting\" itemprop=\"blogPost\" ><div class='avia_textblock  '   itemprop=\"text\" ><p style=\"text-align: center;\"><strong><span style=\"font-size: 18pt;\">INJUV impulsa taller de Arte y Autocuidado para fortalecer la salud mental juvenil en Ays\u00e9n<\/span><\/strong><\/p>\n<div id=\"gtx-trans\" style=\"position: absolute; left: -50px; top: 4.31534px;\">\n<div class=\"gtx-trans-icon\"><\/div>\n<\/div>\n<\/div><\/section><\/div><div class=\"flex_column av_one_full  flex_column_div av-zero-column-padding first  avia-builder-el-4  el_after_av_one_full  el_before_av_hr  column-top-margin\" style='border-radius:0px; '><section class=\"av_textblock_section \"  itemscope=\"itemscope\" itemtype=\"https:\/\/schema.org\/BlogPosting\" itemprop=\"blogPost\" ><div class='avia_textblock  '   itemprop=\"text\" ><p style=\"text-align: justify;\">Con el objetivo de fomentar el bienestar f\u00edsico, mental y emocional de las juventudes, el Instituto Nacional de la Juventud (INJUV) desarroll\u00f3 el taller <em>Arte, Recreaci\u00f3n y Autocuidado<\/em> en el Liceo Francisco Xavier Buti\u00f1\u00e1 de Coyhaique.<\/p>\n<p style=\"text-align: justify;\">La iniciativa busc\u00f3 destacar la importancia del autocuidado, promover la participaci\u00f3n en actividades did\u00e1cticas y reflexionar sobre el arte como un factor protector de la salud mental. El espacio fue liderado por el muralista e ilustrador cient\u00edfico Diego Cupitty y cont\u00f3 con la participaci\u00f3n de la profesora de Artes Carolina Villegas, la directora del establecimiento Elena Manquelmilla Andrade, el director regional de INJUV Ays\u00e9n Camilo Trivi\u00f1o Urtubia y el director nacional de INJUV Chile, Juan Pablo Duhalde, quienes compartieron junto a las y los estudiantes en una experiencia de creaci\u00f3n art\u00edstica y reflexi\u00f3n colectiva.<\/p>\n<p style=\"text-align: justify;\">Para el director regional de INJUV Ays\u00e9n, Camilo Trivi\u00f1o Urtubia \u201cel arte no solo es una herramienta creativa, tambi\u00e9n es un refugio y un factor protector de la salud mental. Desde INJUV seguimos generando espacios para que las juventudes puedan expresarse, compartir y cuidarse, fortaleciendo as\u00ed un compromiso colectivo que busca abrir m\u00e1s oportunidades de encuentro y bienestar\u201d.<\/p>\n<p style=\"text-align: justify;\">\u201cMe gusto mucho el taller porque cada una de las y los que participapamos demostro su inter\u00e9s por el arte, cada uno se expres\u00f3, puso su mejor esfuerzo para aprender y conocer m\u00e1s sobre el muralismo, espero que se sigan realizando este tipo de actividades en nuestro liceo porque son muy provechosas\u201d, se\u00f1al\u00f3 la joven participante Valentina Loaiza \u00d1ancul.<\/p>\n<p style=\"text-align: justify;\">En tanto Lucas Romero Morales, indic\u00f3 que \u201cel taller de muralismo me pareci\u00f3 excelente, fue una gran instancia para generar creatividad y expresiones art\u00edsticas. En mi experiencia jam\u00e1s hab\u00eda participado en un taller as\u00ed, el tallerista fue muy buena onda tambi\u00e9n, fue un ambiente c\u00f3modo, ojal\u00e1 que se sigan realizando actividades de estas tem\u00e1ticas\u201d.<\/p>\n<p style=\"text-align: justify;\">En la instancia tambi\u00e9n se difundi\u00f3 el programa <em>Hablemos de Todo<\/em>, iniciativa de INJUV \u00a0que combina actividades presenciales con un canal digital de apoyo. Este programa dispone de un chat gratuito y confidencial, atendido por profesionales de la salud mental, disponible de lunes a viernes entre las 10:00 y 21:00 horas, y los s\u00e1bados de 11:00 a 17:00 horas. A trav\u00e9s de este servicio, las juventudes pueden acceder a orientaci\u00f3n, contenci\u00f3n emocional y, en caso necesario, derivaci\u00f3n a redes de apoyo.<\/p>\n<p style=\"text-align: justify;\">Para este a\u00f1o 2025, el programa ha priorizado tres tem\u00e1ticas identificadas directamente por j\u00f3venes en el Encuentro Territorial 2024: ansiedad, consumo de alcohol y drogas, e interrupci\u00f3n voluntaria del embarazo, ejes que han guiado el trabajo regional en Ays\u00e9n.<\/p>\n<p style=\"text-align: justify;\">Las y los j\u00f3venes que deseen conocer m\u00e1s sobre esta iniciativa pueden visitar el sitio web <a href=\"http:\/\/hablemosdetodo.injuv.gob.cl\">hablemosdetodo.injuv.gob.cl<\/a>, seguir las redes sociales de INJUV Ays\u00e9n (@injuvaysen en Instagram, Twitter y Facebook), o acudir directamente a la Direcci\u00f3n Regional, ubicada en Manuel Rodr\u00edguez #239, Coyhaique. El horario de atenci\u00f3n es de lunes a viernes, de 08:30 a 17:30 horas en jornada continuada, y los viernes hasta las 16:00 horas.<\/p>\n<\/div><\/section><\/div><div  style='height:50px' class='hr hr-invisible   avia-builder-el-6  el_after_av_one_full  el_before_av_social_share '><span class='hr-inner ' ><span class='hr-inner-style'><\/span><\/span><\/div><\/p>\n<div  class='av-social-sharing-box  avia-builder-el-7  el_after_av_hr  el_before_av_hr  '><div class='av-share-box'><h5 class='av-share-link-description av-no-toc '>Compartir esta noticia<\/h5><ul class='av-share-box-list noLightbox'><li class='av-share-link av-social-link-facebook' ><a target=\"_blank\" aria-label=\"Compartir en Facebook\" href='https:\/\/www.facebook.com\/sharer.php?u=https:\/\/radiorevelacionfm.cl\/?p=58963&#038;t=INJUV%20impulsa%20taller%20de%20Arte%20y%20Autocuidado%20para%20fortalecer%20la%20salud%20mental%20juvenil%20en%20Ays%C3%A9n' aria-hidden='false' data-av_icon='\ue8f3' data-av_iconfont='entypo-fontello' title='' data-avia-related-tooltip='Compartir en Facebook' rel=\"noopener\"><span class='avia_hidden_link_text'>Compartir en Facebook<\/span><\/a><\/li><li class='av-share-link av-social-link-twitter' ><a target=\"_blank\" aria-label=\"Compartir en Twitter\" href='https:\/\/twitter.com\/share?text=INJUV%20impulsa%20taller%20de%20Arte%20y%20Autocuidado%20para%20fortalecer%20la%20salud%20mental%20juvenil%20en%20Ays%C3%A9n&#038;url=https:\/\/radiorevelacionfm.cl\/?p=58963' aria-hidden='false' data-av_icon='\ue8f1' data-av_iconfont='entypo-fontello' title='' data-avia-related-tooltip='Compartir en Twitter' rel=\"noopener\"><span class='avia_hidden_link_text'>Compartir en Twitter<\/span><\/a><\/li><li class='av-share-link av-social-link-whatsapp' ><a target=\"_blank\" aria-label=\"Compartir en Whatsapp\" href='https:\/\/api.whatsapp.com\/send?text=https:\/\/radiorevelacionfm.cl\/?p=58963' aria-hidden='false' data-av_icon='\uf232' data-av_iconfont='entypo-fontello' title='' data-avia-related-tooltip='Compartir en Whatsapp' rel=\"noopener\"><span class='avia_hidden_link_text'>Compartir en Whatsapp<\/span><\/a><\/li><li class='av-share-link av-social-link-linkedin' ><a target=\"_blank\" aria-label=\"Compartir en LinkedIn\" href='https:\/\/linkedin.com\/shareArticle?mini=true&#038;title=INJUV%20impulsa%20taller%20de%20Arte%20y%20Autocuidado%20para%20fortalecer%20la%20salud%20mental%20juvenil%20en%20Ays%C3%A9n&#038;url=https:\/\/radiorevelacionfm.cl\/?p=58963' aria-hidden='false' data-av_icon='\ue8fc' data-av_iconfont='entypo-fontello' title='' data-avia-related-tooltip='Compartir en LinkedIn' rel=\"noopener\"><span class='avia_hidden_link_text'>Compartir en LinkedIn<\/span><\/a><\/li><li class='av-share-link av-social-link-mail' ><a  aria-label=\"Compartir por correo\" href='mailto:?subject=INJUV%20impulsa%20taller%20de%20Arte%20y%20Autocuidado%20para%20fortalecer%20la%20salud%20mental%20juvenil%20en%20Ays%C3%A9n&#038;body=https:\/\/radiorevelacionfm.cl\/?p=58963' aria-hidden='false' data-av_icon='\ue805' data-av_iconfont='entypo-fontello' title='' data-avia-related-tooltip='Compartir por correo'><span class='avia_hidden_link_text'>Compartir por correo<\/span><\/a><\/li><\/ul><\/div><\/div>\n<div  style='height:50px' class='hr hr-invisible   avia-builder-el-8  el_after_av_social_share  el_before_av_comments_list '><span class='hr-inner ' ><span class='hr-inner-style'><\/span><\/span><\/div>\n<div  class='av-buildercomment  av-blog-meta-html-info-disabled av-blog-meta-tag-disabled  '><\/div>\n","protected":false},"excerpt":{"rendered":"","protected":false},"author":1,"featured_media":58964,"comment_status":"closed","ping_status":"closed","sticky":false,"template":"","format":"standard","meta":{"footnotes":""},"categories":[38],"tags":[],"class_list":["post-58963","post","type-post","status-publish","format-standard","has-post-thumbnail","hentry","category-regional"],"jetpack_featured_media_url":"https:\/\/radiorevelacionfm.cl\/wp-content\/uploads\/2025\/09\/foto-1-100-1-1_optimized-1.jpg","_links":{"self":[{"href":"https:\/\/radiorevelacionfm.cl\/index.php?rest_route=\/wp\/v2\/posts\/58963","targetHints":{"allow":["GET"]}}],"collection":[{"href":"https:\/\/radiorevelacionfm.cl\/index.php?rest_route=\/wp\/v2\/posts"}],"about":[{"href":"https:\/\/radiorevelacionfm.cl\/index.php?rest_route=\/wp\/v2\/types\/post"}],"author":[{"embeddable":true,"href":"https:\/\/radiorevelacionfm.cl\/index.php?rest_route=\/wp\/v2\/users\/1"}],"replies":[{"embeddable":true,"href":"https:\/\/radiorevelacionfm.cl\/index.php?rest_route=%2Fwp%2Fv2%2Fcomments&post=58963"}],"version-history":[{"count":2,"href":"https:\/\/radiorevelacionfm.cl\/index.php?rest_route=\/wp\/v2\/posts\/58963\/revisions"}],"predecessor-version":[{"id":58986,"href":"https:\/\/radiorevelacionfm.cl\/index.php?rest_route=\/wp\/v2\/posts\/58963\/revisions\/58986"}],"wp:featuredmedia":[{"embeddable":true,"href":"https:\/\/radiorevelacionfm.cl\/index.php?rest_route=\/wp\/v2\/media\/58964"}],"wp:attachment":[{"href":"https:\/\/radiorevelacionfm.cl\/index.php?rest_route=%2Fwp%2Fv2%2Fmedia&parent=58963"}],"wp:term":[{"taxonomy":"category","embeddable":true,"href":"https:\/\/radiorevelacionfm.cl\/index.php?rest_route=%2Fwp%2Fv2%2Fcategories&post=58963"},{"taxonomy":"post_tag","embeddable":true,"href":"https:\/\/radiorevelacionfm.cl\/index.php?rest_route=%2Fwp%2Fv2%2Ftags&post=58963"}],"curies":[{"name":"wp","href":"https:\/\/api.w.org\/{rel}","templated":true}]}}