{"id":5896,"date":"2021-07-03T15:55:36","date_gmt":"2021-07-03T18:55:36","guid":{"rendered":"https:\/\/radiorevelacionfm.cl\/?p=5896"},"modified":"2021-07-03T15:55:36","modified_gmt":"2021-07-03T18:55:36","slug":"municipio-de-aysen-concreto-entrega-de-vivienda-de-emergencia-a-vecina-del-sector-camino-viejo","status":"publish","type":"post","link":"https:\/\/radiorevelacionfm.cl\/?p=5896","title":{"rendered":"Municipio de Ays\u00e9n concret\u00f3 entrega de vivienda de emergencia a vecina del sector Camino Viejo"},"content":{"rendered":"<div class=\"flex_column av_one_full  flex_column_div av-zero-column-padding first  avia-builder-el-0  el_before_av_one_full  avia-builder-el-first  \" style='border-radius:0px; '><div  class='avia-image-container  av-styling-    avia-builder-el-1  avia-builder-el-no-sibling  avia-align-center '  itemprop=\"image\" itemscope=\"itemscope\" itemtype=\"https:\/\/schema.org\/ImageObject\"  ><div class='avia-image-container-inner'><div class='avia-image-overlay-wrap'><img decoding=\"async\" class='wp-image-5897 avia-img-lazy-loading-not-5897 avia_image' src=\"https:\/\/radiorevelacionfm.cl\/wp-content\/uploads\/2021\/07\/vivienda-de-ayudared-1_optimized.jpg\" alt='' title='vivienda-de-ayudared-(1)_optimized' height=\"600\" width=\"900\"  itemprop=\"thumbnailUrl\" srcset=\"https:\/\/radiorevelacionfm.cl\/wp-content\/uploads\/2021\/07\/vivienda-de-ayudared-1_optimized.jpg 900w, https:\/\/radiorevelacionfm.cl\/wp-content\/uploads\/2021\/07\/vivienda-de-ayudared-1_optimized-300x200.jpg 300w, https:\/\/radiorevelacionfm.cl\/wp-content\/uploads\/2021\/07\/vivienda-de-ayudared-1_optimized-768x512.jpg 768w, https:\/\/radiorevelacionfm.cl\/wp-content\/uploads\/2021\/07\/vivienda-de-ayudared-1_optimized-705x470.jpg 705w, https:\/\/radiorevelacionfm.cl\/wp-content\/uploads\/2021\/07\/vivienda-de-ayudared-1_optimized-600x400.jpg 600w\" sizes=\"(max-width: 900px) 100vw, 900px\" \/><\/div><\/div><\/div><\/div><div class=\"flex_column av_one_full  flex_column_div av-zero-column-padding first  avia-builder-el-2  el_after_av_one_full  el_before_av_one_full  column-top-margin\" style='border-radius:0px; '><section class=\"av_textblock_section \"  itemscope=\"itemscope\" itemtype=\"https:\/\/schema.org\/BlogPosting\" itemprop=\"blogPost\" ><div class='avia_textblock  '   itemprop=\"text\" ><p style=\"text-align: center;\"><strong><span style=\"font-size: 18pt;\">Municipio de Ays\u00e9n concret\u00f3 entrega de vivienda de emergencia a vecina del sector Camino Viejo<\/span><\/strong><\/p>\n<div id=\"gtx-trans\" style=\"position: absolute; left: -50px; top: 4.31534px;\">\n<div class=\"gtx-trans-icon\"><\/div>\n<\/div>\n<\/div><\/section><\/div><div class=\"flex_column av_one_full  flex_column_div av-zero-column-padding first  avia-builder-el-4  el_after_av_one_full  el_before_av_hr  column-top-margin\" style='border-radius:0px; '><section class=\"av_textblock_section \"  itemscope=\"itemscope\" itemtype=\"https:\/\/schema.org\/BlogPosting\" itemprop=\"blogPost\" ><div class='avia_textblock  '   itemprop=\"text\" ><p style=\"text-align: justify;\">Tras un arduo trabajo intersectorial con la Gobernaci\u00f3n Provincial de Ays\u00e9n y la Corporaci\u00f3n Nacional Forestal (Conaf), el municipio aysenino a trav\u00e9s de su Unidad del Adulto Mayor y la Discapacidad, dependiente de la Direcci\u00f3n de Desarrollo Comunitario (DIDECO) activ\u00f3 un amplio operativo social para entregar a una vecina del sector de Camino Viejo de Puerto Ays\u00e9n una vivienda social de emergencia. Esto luego de las necesidades detectadas con anterioridad por los trabajadores sociales de la Casa Edilicia.<\/p>\n<p style=\"text-align: justify;\">Al respecto, Pamela Antrillao Canuman, encargada de la Unidad de Adulto Mayor y Discapacidad de la Municipalidad de Ays\u00e9n relev\u00f3 que esta ayuda es posible luego de una amplia serie de gestiones iniciadas en marzo del presente a\u00f1o en medio de la ejecuci\u00f3n del programa Asistente de apoyo y cuidados domiciliarios, el cual es financiado \u00edntegramente con recursos municipales. Detallando que en los pr\u00f3ximos d\u00edas la casa ya deber\u00eda estar armada y habilitada para ser utilizada.<\/p>\n<p style=\"text-align: justify;\">Asimismo, la profesional aysenina destac\u00f3 que \u201cestamos s\u00faper contentos porque tambi\u00e9n esto viene a reforzar el trabajo integral que se ha estado haciendo con las personas mayores que hemos identificado, sabemos que hay mucha demanda en nuestra comuna, pero los recursos humanos y los recursos econ\u00f3micos siempre son escasos, pero tratamos de hacer lo mejor posible y siempre con un trabajo en red. Creemos que es fundamental el trabajo intersectorial y es uno de los enfoques que posee nuestra unidad para trabajar, tambi\u00e9n destacar el trabajo que efectu\u00f3 la Junta de Vecinos del sector Camino Viejo porque fueron parte importante del logro y consecuci\u00f3n de este objetivo\u201d sentenci\u00f3 Antrillao.<\/p>\n<p style=\"text-align: justify;\">El prop\u00f3sito del programa Asistente de apoyo y cuidados domiciliarios es prestar ayuda integral a personas mayores o con discapacidad que viven en hogares unipersonales de la comuna de Ays\u00e9n y que no cuentan con una efectiva red de apoyo en su cotidianeidad.<\/p>\n<\/div><\/section><\/div><div  style='height:50px' class='hr hr-invisible   avia-builder-el-6  el_after_av_one_full  el_before_av_social_share '><span class='hr-inner ' ><span class='hr-inner-style'><\/span><\/span><\/div><\/p>\n<div  class='av-social-sharing-box  avia-builder-el-7  el_after_av_hr  el_before_av_hr  '><div class='av-share-box'><h5 class='av-share-link-description av-no-toc '>Compartir esta noticia<\/h5><ul class='av-share-box-list noLightbox'><li class='av-share-link av-social-link-facebook' ><a target=\"_blank\" aria-label=\"Compartir en Facebook\" href='https:\/\/www.facebook.com\/sharer.php?u=https:\/\/radiorevelacionfm.cl\/?p=5896&#038;t=Municipio%20de%20Ays%C3%A9n%20concret%C3%B3%20entrega%20de%20vivienda%20de%20emergencia%20a%20vecina%20del%20sector%20Camino%20Viejo' aria-hidden='false' data-av_icon='\ue8f3' data-av_iconfont='entypo-fontello' title='' data-avia-related-tooltip='Compartir en Facebook' rel=\"noopener\"><span class='avia_hidden_link_text'>Compartir en Facebook<\/span><\/a><\/li><li class='av-share-link av-social-link-twitter' ><a target=\"_blank\" aria-label=\"Compartir en Twitter\" href='https:\/\/twitter.com\/share?text=Municipio%20de%20Ays%C3%A9n%20concret%C3%B3%20entrega%20de%20vivienda%20de%20emergencia%20a%20vecina%20del%20sector%20Camino%20Viejo&#038;url=https:\/\/radiorevelacionfm.cl\/?p=5896' aria-hidden='false' data-av_icon='\ue8f1' data-av_iconfont='entypo-fontello' title='' data-avia-related-tooltip='Compartir en Twitter' rel=\"noopener\"><span class='avia_hidden_link_text'>Compartir en Twitter<\/span><\/a><\/li><li class='av-share-link av-social-link-whatsapp' ><a target=\"_blank\" aria-label=\"Compartir en Whatsapp\" href='https:\/\/api.whatsapp.com\/send?text=https:\/\/radiorevelacionfm.cl\/?p=5896' aria-hidden='false' data-av_icon='\uf232' data-av_iconfont='entypo-fontello' title='' data-avia-related-tooltip='Compartir en Whatsapp' rel=\"noopener\"><span class='avia_hidden_link_text'>Compartir en Whatsapp<\/span><\/a><\/li><li class='av-share-link av-social-link-linkedin' ><a target=\"_blank\" aria-label=\"Compartir en LinkedIn\" href='https:\/\/linkedin.com\/shareArticle?mini=true&#038;title=Municipio%20de%20Ays%C3%A9n%20concret%C3%B3%20entrega%20de%20vivienda%20de%20emergencia%20a%20vecina%20del%20sector%20Camino%20Viejo&#038;url=https:\/\/radiorevelacionfm.cl\/?p=5896' aria-hidden='false' data-av_icon='\ue8fc' data-av_iconfont='entypo-fontello' title='' data-avia-related-tooltip='Compartir en LinkedIn' rel=\"noopener\"><span class='avia_hidden_link_text'>Compartir en LinkedIn<\/span><\/a><\/li><li class='av-share-link av-social-link-mail' ><a  aria-label=\"Compartir por correo\" href='mailto:?subject=Municipio%20de%20Ays%C3%A9n%20concret%C3%B3%20entrega%20de%20vivienda%20de%20emergencia%20a%20vecina%20del%20sector%20Camino%20Viejo&#038;body=https:\/\/radiorevelacionfm.cl\/?p=5896' aria-hidden='false' data-av_icon='\ue805' data-av_iconfont='entypo-fontello' title='' data-avia-related-tooltip='Compartir por correo'><span class='avia_hidden_link_text'>Compartir por correo<\/span><\/a><\/li><\/ul><\/div><\/div>\n<div  style='height:50px' class='hr hr-invisible   avia-builder-el-8  el_after_av_social_share  el_before_av_comments_list '><span class='hr-inner ' ><span class='hr-inner-style'><\/span><\/span><\/div>\n<div  class='av-buildercomment  av-blog-meta-html-info-disabled av-blog-meta-tag-disabled  '><\/div>\n","protected":false},"excerpt":{"rendered":"","protected":false},"author":1,"featured_media":5897,"comment_status":"open","ping_status":"open","sticky":false,"template":"","format":"standard","meta":{"footnotes":""},"categories":[38],"tags":[],"class_list":["post-5896","post","type-post","status-publish","format-standard","has-post-thumbnail","hentry","category-regional"],"jetpack_featured_media_url":"https:\/\/radiorevelacionfm.cl\/wp-content\/uploads\/2021\/07\/vivienda-de-ayudared-1_optimized.jpg","_links":{"self":[{"href":"https:\/\/radiorevelacionfm.cl\/index.php?rest_route=\/wp\/v2\/posts\/5896","targetHints":{"allow":["GET"]}}],"collection":[{"href":"https:\/\/radiorevelacionfm.cl\/index.php?rest_route=\/wp\/v2\/posts"}],"about":[{"href":"https:\/\/radiorevelacionfm.cl\/index.php?rest_route=\/wp\/v2\/types\/post"}],"author":[{"embeddable":true,"href":"https:\/\/radiorevelacionfm.cl\/index.php?rest_route=\/wp\/v2\/users\/1"}],"replies":[{"embeddable":true,"href":"https:\/\/radiorevelacionfm.cl\/index.php?rest_route=%2Fwp%2Fv2%2Fcomments&post=5896"}],"version-history":[{"count":1,"href":"https:\/\/radiorevelacionfm.cl\/index.php?rest_route=\/wp\/v2\/posts\/5896\/revisions"}],"predecessor-version":[{"id":5898,"href":"https:\/\/radiorevelacionfm.cl\/index.php?rest_route=\/wp\/v2\/posts\/5896\/revisions\/5898"}],"wp:featuredmedia":[{"embeddable":true,"href":"https:\/\/radiorevelacionfm.cl\/index.php?rest_route=\/wp\/v2\/media\/5897"}],"wp:attachment":[{"href":"https:\/\/radiorevelacionfm.cl\/index.php?rest_route=%2Fwp%2Fv2%2Fmedia&parent=5896"}],"wp:term":[{"taxonomy":"category","embeddable":true,"href":"https:\/\/radiorevelacionfm.cl\/index.php?rest_route=%2Fwp%2Fv2%2Fcategories&post=5896"},{"taxonomy":"post_tag","embeddable":true,"href":"https:\/\/radiorevelacionfm.cl\/index.php?rest_route=%2Fwp%2Fv2%2Ftags&post=5896"}],"curies":[{"name":"wp","href":"https:\/\/api.w.org\/{rel}","templated":true}]}}