{"id":58958,"date":"2025-09-10T10:11:35","date_gmt":"2025-09-10T13:11:35","guid":{"rendered":"https:\/\/radiorevelacionfm.cl\/?p=58958"},"modified":"2025-09-10T10:11:35","modified_gmt":"2025-09-10T13:11:35","slug":"centro-de-excelencia-en-geotermia-entrega-proyecciones-tras-culminar-estudio-en-aysen","status":"publish","type":"post","link":"https:\/\/radiorevelacionfm.cl\/?p=58958","title":{"rendered":"Centro de Excelencia en Geotermia entrega proyecciones tras culminar estudio en Ays\u00e9n"},"content":{"rendered":"<div class=\"flex_column av_one_full  flex_column_div av-zero-column-padding first  avia-builder-el-0  el_before_av_one_full  avia-builder-el-first  \" style='border-radius:0px; '><div  class='avia-image-container  av-styling-    avia-builder-el-1  avia-builder-el-no-sibling  avia-align-center '  itemprop=\"image\" itemscope=\"itemscope\" itemtype=\"https:\/\/schema.org\/ImageObject\"  ><div class='avia-image-container-inner'><div class='avia-image-overlay-wrap'><img decoding=\"async\" class='wp-image-58961 avia-img-lazy-loading-not-58961 avia_image' src=\"https:\/\/radiorevelacionfm.cl\/wp-content\/uploads\/2025\/09\/cega-geotermia-aysen17-1-1_optimized-1.jpg\" alt='' title='cega-geotermia-aysen17-(1)-(1)_optimized (1)' height=\"600\" width=\"800\"  itemprop=\"thumbnailUrl\" srcset=\"https:\/\/radiorevelacionfm.cl\/wp-content\/uploads\/2025\/09\/cega-geotermia-aysen17-1-1_optimized-1.jpg 800w, https:\/\/radiorevelacionfm.cl\/wp-content\/uploads\/2025\/09\/cega-geotermia-aysen17-1-1_optimized-1-300x225.jpg 300w, https:\/\/radiorevelacionfm.cl\/wp-content\/uploads\/2025\/09\/cega-geotermia-aysen17-1-1_optimized-1-768x576.jpg 768w, https:\/\/radiorevelacionfm.cl\/wp-content\/uploads\/2025\/09\/cega-geotermia-aysen17-1-1_optimized-1-705x529.jpg 705w, https:\/\/radiorevelacionfm.cl\/wp-content\/uploads\/2025\/09\/cega-geotermia-aysen17-1-1_optimized-1-450x338.jpg 450w, https:\/\/radiorevelacionfm.cl\/wp-content\/uploads\/2025\/09\/cega-geotermia-aysen17-1-1_optimized-1-600x450.jpg 600w\" sizes=\"(max-width: 800px) 100vw, 800px\" \/><\/div><\/div><\/div><\/div><div class=\"flex_column av_one_full  flex_column_div av-zero-column-padding first  avia-builder-el-2  el_after_av_one_full  el_before_av_one_full  column-top-margin\" style='border-radius:0px; '><section class=\"av_textblock_section \"  itemscope=\"itemscope\" itemtype=\"https:\/\/schema.org\/BlogPosting\" itemprop=\"blogPost\" ><div class='avia_textblock  '   itemprop=\"text\" ><p style=\"text-align: center;\"><span style=\"font-size: 18pt;\"><b>Centro de Excelencia en Geotermia entrega proyecciones tras culminar estudio en Ays\u00e9n<\/b><\/span><\/p>\n<div id=\"gtx-trans\" style=\"position: absolute; left: -50px; top: 4.31534px;\">\n<div class=\"gtx-trans-icon\"><\/div>\n<\/div>\n<\/div><\/section><\/div><div class=\"flex_column av_one_full  flex_column_div av-zero-column-padding first  avia-builder-el-4  el_after_av_one_full  el_before_av_hr  column-top-margin\" style='border-radius:0px; '><section class=\"av_textblock_section \"  itemscope=\"itemscope\" itemtype=\"https:\/\/schema.org\/BlogPosting\" itemprop=\"blogPost\" ><div class='avia_textblock  '   itemprop=\"text\" ><p style=\"text-align: justify;\">Durante casi 2 a\u00f1os, un equipo de ingenieros del Centro de Excelencia en Geotermia de Los Andes de la Universidad de Chile, llev\u00f3 a cabo el Estudio de Prefactibilidad para la Generaci\u00f3n de Hidr\u00f3geno Verde en el Fiordo de Ays\u00e9n.<\/p>\n<p style=\"text-align: justify;\">Los resultados constituyen un valioso aporte y un paso ineludible hacia las respuestas que ofrece el territorio de la Regi\u00f3n de Ays\u00e9n para la transformaci\u00f3n de su matriz energ\u00e9tica.<\/p>\n<p style=\"text-align: justify;\">Seg\u00fan el estudio, financiado por el Fondo de Innovaci\u00f3n para la Competitividad del Gobierno Regional de Ays\u00e9n y su Consejo 2022 &#8211; BIP40049256, se identific\u00f3 una brecha de informaci\u00f3n sobre la zona de emplazamiento y se estableci\u00f3 la necesidad de perforar un pozo exploratorio para definir con exactitud el potencial geot\u00e9rmico del lugar.<\/p>\n<p style=\"text-align: justify;\">Para el investigador y coordinador del equipo, el ingeniero mec\u00e1nico Bruno Ortega, \u201cindependiente del energ\u00e9tico renovable, hay muchos estudios relacionados a estimar potencial geot\u00e9rmico, hidr\u00e1ulico, e\u00f3lico, solar, y estamos entregando insumos para poder cambiar esta realidad en un tiempo pr\u00f3ximo. Lo veo con optimismo, soy un optimista, y entiendo que Ays\u00e9n tiene un enorme potencial renovable, sin embargo, igual existen dificultades propias de la regi\u00f3n. Soy optimista en que en un futuro pr\u00f3ximo podr\u00edamos mostrar una regi\u00f3n 100% renovable\u201d.<\/p>\n<p style=\"text-align: justify;\">Bruno encabez\u00f3 la entrega de los resultados del estudio a las comunidades de Puerto Cisnes, Coyhaique y Puerto Ays\u00e9n, en reuniones con estudiantes y actores sociales: \u201cHubo un gran inter\u00e9s y observamos que las personas est\u00e1n preocupadas del futuro energ\u00e9tico en la regi\u00f3n; estudios como este son importantes para ir avanzando hacia una soluci\u00f3n que transforme la vida de las personas\u201d.<\/p>\n<p style=\"text-align: justify;\">Ignacio Bascu\u00f1\u00e1n, estudiante de quinto a\u00f1o de Ingenier\u00eda Civil Industrial de la Universidad de Ays\u00e9n, dijo que \u201ces importante caracterizar los lugares donde se pueden explorar nuevas alternativas de soluciones energ\u00e9ticas y conocer tambi\u00e9n los recursos que tiene disponibles la regi\u00f3n para potenciar el desarrollo de las energ\u00edas renovables y la integraci\u00f3n en el sistema o la matriz energ\u00e9tica de la regi\u00f3n. Fue bien interesante, son los primeros pasos, pero sin duda que es una idea bien innovadora, ya sea si se puede seguir explorando esa zona o tambi\u00e9n si se pueden ver o seguir estudiando otros lugares donde podr\u00eda explorarse m\u00e1s a fondo. Creo que es una muy buena idea. Hay mucho potencial para que podamos ser una especie de polo o faro de las energ\u00edas renovables en el cono sur\u201d.<\/p>\n<p style=\"text-align: justify;\">Bruno Ortega concluye: \u201cEs importante una siguiente fase de exploraci\u00f3n avanzada para resolver hip\u00f3tesis m\u00e1s complejas y despejar las dudas, aunque en lo ingenieril y econ\u00f3mico se ve favorable\u201d.<\/p>\n<\/div><\/section><\/div><div  style='height:50px' class='hr hr-invisible   avia-builder-el-6  el_after_av_one_full  el_before_av_social_share '><span class='hr-inner ' ><span class='hr-inner-style'><\/span><\/span><\/div><\/p>\n<div  class='av-social-sharing-box  avia-builder-el-7  el_after_av_hr  el_before_av_hr  '><div class='av-share-box'><h5 class='av-share-link-description av-no-toc '>Compartir esta noticia<\/h5><ul class='av-share-box-list noLightbox'><li class='av-share-link av-social-link-facebook' ><a target=\"_blank\" aria-label=\"Compartir en Facebook\" href='https:\/\/www.facebook.com\/sharer.php?u=https:\/\/radiorevelacionfm.cl\/?p=58958&#038;t=Centro%20de%20Excelencia%20en%20Geotermia%20entrega%20proyecciones%20tras%20culminar%20estudio%20en%20Ays%C3%A9n' aria-hidden='false' data-av_icon='\ue8f3' data-av_iconfont='entypo-fontello' title='' data-avia-related-tooltip='Compartir en Facebook' rel=\"noopener\"><span class='avia_hidden_link_text'>Compartir en Facebook<\/span><\/a><\/li><li class='av-share-link av-social-link-twitter' ><a target=\"_blank\" aria-label=\"Compartir en Twitter\" href='https:\/\/twitter.com\/share?text=Centro%20de%20Excelencia%20en%20Geotermia%20entrega%20proyecciones%20tras%20culminar%20estudio%20en%20Ays%C3%A9n&#038;url=https:\/\/radiorevelacionfm.cl\/?p=58958' aria-hidden='false' data-av_icon='\ue8f1' data-av_iconfont='entypo-fontello' title='' data-avia-related-tooltip='Compartir en Twitter' rel=\"noopener\"><span class='avia_hidden_link_text'>Compartir en Twitter<\/span><\/a><\/li><li class='av-share-link av-social-link-whatsapp' ><a target=\"_blank\" aria-label=\"Compartir en Whatsapp\" href='https:\/\/api.whatsapp.com\/send?text=https:\/\/radiorevelacionfm.cl\/?p=58958' aria-hidden='false' data-av_icon='\uf232' data-av_iconfont='entypo-fontello' title='' data-avia-related-tooltip='Compartir en Whatsapp' rel=\"noopener\"><span class='avia_hidden_link_text'>Compartir en Whatsapp<\/span><\/a><\/li><li class='av-share-link av-social-link-linkedin' ><a target=\"_blank\" aria-label=\"Compartir en LinkedIn\" href='https:\/\/linkedin.com\/shareArticle?mini=true&#038;title=Centro%20de%20Excelencia%20en%20Geotermia%20entrega%20proyecciones%20tras%20culminar%20estudio%20en%20Ays%C3%A9n&#038;url=https:\/\/radiorevelacionfm.cl\/?p=58958' aria-hidden='false' data-av_icon='\ue8fc' data-av_iconfont='entypo-fontello' title='' data-avia-related-tooltip='Compartir en LinkedIn' rel=\"noopener\"><span class='avia_hidden_link_text'>Compartir en LinkedIn<\/span><\/a><\/li><li class='av-share-link av-social-link-mail' ><a  aria-label=\"Compartir por correo\" href='mailto:?subject=Centro%20de%20Excelencia%20en%20Geotermia%20entrega%20proyecciones%20tras%20culminar%20estudio%20en%20Ays%C3%A9n&#038;body=https:\/\/radiorevelacionfm.cl\/?p=58958' aria-hidden='false' data-av_icon='\ue805' data-av_iconfont='entypo-fontello' title='' data-avia-related-tooltip='Compartir por correo'><span class='avia_hidden_link_text'>Compartir por correo<\/span><\/a><\/li><\/ul><\/div><\/div>\n<div  style='height:50px' class='hr hr-invisible   avia-builder-el-8  el_after_av_social_share  el_before_av_comments_list '><span class='hr-inner ' ><span class='hr-inner-style'><\/span><\/span><\/div>\n<div  class='av-buildercomment  av-blog-meta-html-info-disabled av-blog-meta-tag-disabled  '><\/div>\n","protected":false},"excerpt":{"rendered":"","protected":false},"author":1,"featured_media":58961,"comment_status":"closed","ping_status":"closed","sticky":false,"template":"","format":"standard","meta":{"footnotes":""},"categories":[38],"tags":[],"class_list":["post-58958","post","type-post","status-publish","format-standard","has-post-thumbnail","hentry","category-regional"],"jetpack_featured_media_url":"https:\/\/radiorevelacionfm.cl\/wp-content\/uploads\/2025\/09\/cega-geotermia-aysen17-1-1_optimized-1.jpg","_links":{"self":[{"href":"https:\/\/radiorevelacionfm.cl\/index.php?rest_route=\/wp\/v2\/posts\/58958","targetHints":{"allow":["GET"]}}],"collection":[{"href":"https:\/\/radiorevelacionfm.cl\/index.php?rest_route=\/wp\/v2\/posts"}],"about":[{"href":"https:\/\/radiorevelacionfm.cl\/index.php?rest_route=\/wp\/v2\/types\/post"}],"author":[{"embeddable":true,"href":"https:\/\/radiorevelacionfm.cl\/index.php?rest_route=\/wp\/v2\/users\/1"}],"replies":[{"embeddable":true,"href":"https:\/\/radiorevelacionfm.cl\/index.php?rest_route=%2Fwp%2Fv2%2Fcomments&post=58958"}],"version-history":[{"count":2,"href":"https:\/\/radiorevelacionfm.cl\/index.php?rest_route=\/wp\/v2\/posts\/58958\/revisions"}],"predecessor-version":[{"id":58985,"href":"https:\/\/radiorevelacionfm.cl\/index.php?rest_route=\/wp\/v2\/posts\/58958\/revisions\/58985"}],"wp:featuredmedia":[{"embeddable":true,"href":"https:\/\/radiorevelacionfm.cl\/index.php?rest_route=\/wp\/v2\/media\/58961"}],"wp:attachment":[{"href":"https:\/\/radiorevelacionfm.cl\/index.php?rest_route=%2Fwp%2Fv2%2Fmedia&parent=58958"}],"wp:term":[{"taxonomy":"category","embeddable":true,"href":"https:\/\/radiorevelacionfm.cl\/index.php?rest_route=%2Fwp%2Fv2%2Fcategories&post=58958"},{"taxonomy":"post_tag","embeddable":true,"href":"https:\/\/radiorevelacionfm.cl\/index.php?rest_route=%2Fwp%2Fv2%2Ftags&post=58958"}],"curies":[{"name":"wp","href":"https:\/\/api.w.org\/{rel}","templated":true}]}}