{"id":58954,"date":"2025-09-09T18:06:26","date_gmt":"2025-09-09T21:06:26","guid":{"rendered":"https:\/\/radiorevelacionfm.cl\/?p=58954"},"modified":"2025-09-09T18:06:26","modified_gmt":"2025-09-09T21:06:26","slug":"exitosa-campana-de-recoleccion-gestiona-mas-de-20-toneladas-de-baterias-en-desuso-en-la-comuna-de-aysen","status":"publish","type":"post","link":"https:\/\/radiorevelacionfm.cl\/?p=58954","title":{"rendered":"Exitosa campa\u00f1a de recolecci\u00f3n gestiona m\u00e1s de 20 toneladas de bater\u00edas en desuso en la comuna de Ays\u00e9n"},"content":{"rendered":"<div class=\"flex_column av_one_full  flex_column_div av-zero-column-padding first  avia-builder-el-0  el_before_av_one_full  avia-builder-el-first  \" style='border-radius:0px; '><div  class='avia-image-container  av-styling-    avia-builder-el-1  avia-builder-el-no-sibling  avia-align-center '  itemprop=\"image\" itemscope=\"itemscope\" itemtype=\"https:\/\/schema.org\/ImageObject\"  ><div class='avia-image-container-inner'><div class='avia-image-overlay-wrap'><img decoding=\"async\" class='wp-image-58955 avia-img-lazy-loading-not-58955 avia_image' src=\"https:\/\/radiorevelacionfm.cl\/wp-content\/uploads\/2025\/09\/dji_mimo_20250906_165530_0_1757191915713_video-1_optimized-1.jpg\" alt='' title='dji_mimo_20250906_165530_0_1757191915713_video-(1)_optimized (1)' height=\"600\" width=\"910\"  itemprop=\"thumbnailUrl\" srcset=\"https:\/\/radiorevelacionfm.cl\/wp-content\/uploads\/2025\/09\/dji_mimo_20250906_165530_0_1757191915713_video-1_optimized-1.jpg 910w, https:\/\/radiorevelacionfm.cl\/wp-content\/uploads\/2025\/09\/dji_mimo_20250906_165530_0_1757191915713_video-1_optimized-1-300x198.jpg 300w, https:\/\/radiorevelacionfm.cl\/wp-content\/uploads\/2025\/09\/dji_mimo_20250906_165530_0_1757191915713_video-1_optimized-1-768x506.jpg 768w, https:\/\/radiorevelacionfm.cl\/wp-content\/uploads\/2025\/09\/dji_mimo_20250906_165530_0_1757191915713_video-1_optimized-1-705x465.jpg 705w, https:\/\/radiorevelacionfm.cl\/wp-content\/uploads\/2025\/09\/dji_mimo_20250906_165530_0_1757191915713_video-1_optimized-1-450x297.jpg 450w, https:\/\/radiorevelacionfm.cl\/wp-content\/uploads\/2025\/09\/dji_mimo_20250906_165530_0_1757191915713_video-1_optimized-1-600x396.jpg 600w\" sizes=\"(max-width: 910px) 100vw, 910px\" \/><\/div><\/div><\/div><\/div><div class=\"flex_column av_one_full  flex_column_div av-zero-column-padding first  avia-builder-el-2  el_after_av_one_full  el_before_av_one_full  column-top-margin\" style='border-radius:0px; '><section class=\"av_textblock_section \"  itemscope=\"itemscope\" itemtype=\"https:\/\/schema.org\/BlogPosting\" itemprop=\"blogPost\" ><div class='avia_textblock  '   itemprop=\"text\" ><p style=\"text-align: center;\"><strong><span style=\"font-size: 18pt;\">Exitosa campa\u00f1a de recolecci\u00f3n gestiona m\u00e1s de 20 toneladas de bater\u00edas en desuso en la comuna de Ays\u00e9n<\/span><\/strong><\/p>\n<div id=\"gtx-trans\" style=\"position: absolute; left: -50px; top: 4.31534px;\">\n<div class=\"gtx-trans-icon\"><\/div>\n<\/div>\n<\/div><\/section><\/div><div class=\"flex_column av_one_full  flex_column_div av-zero-column-padding first  avia-builder-el-4  el_after_av_one_full  el_before_av_hr  column-top-margin\" style='border-radius:0px; '><section class=\"av_textblock_section \"  itemscope=\"itemscope\" itemtype=\"https:\/\/schema.org\/BlogPosting\" itemprop=\"blogPost\" ><div class='avia_textblock  '   itemprop=\"text\" ><p style=\"text-align: justify;\">Villa Ma\u00f1ihuales, Puerto Chacabuco y Puerto Ays\u00e9n fueron las localidades en que durante este \u00faltimo fin de semana se llev\u00f3 a cabo la campa\u00f1a de recolecci\u00f3n de bater\u00edas fuera de uso, organizada por la unidad de Medio Ambiente del municipio de Ays\u00e9n, conjuntamente a Reciclajes Martino, con la colaboraci\u00f3n de Patagonia Sostenible.<\/p>\n<p style=\"text-align: justify;\">La actividad tuvo por objetivo brindar a la comunidad la oportunidad de disponer de manera correcta estos elementos, evitando as\u00ed el riesgo que \u00e9stas revisten para la salud de las personas y el medio ambiente, dado que son consideradas residuos peligrosos, que entre sus componentes albergan \u00e1cido sulf\u00farico y plomo, entre otros, que pueden llegar a impactar suelos, aguas superficiales y subterr\u00e1neas, y las personas.<\/p>\n<p style=\"text-align: justify;\">De esta manera, en cada una de las localidades, adem\u00e1s de la recolecci\u00f3n de bater\u00edas fueron dispuestos puntos verdes para la recepci\u00f3n de pl\u00e1stico, vidrio, papel, aluminio y pilas. Siendo una instancia, que no s\u00f3lo promueve la sustentabilidad, sino que tambi\u00e9n refuerza el compromiso comunitario con un futuro m\u00e1s limpio.<\/p>\n<p style=\"text-align: justify;\">\u201cEstamos muy contentos porque fue todo un \u00e9xito, se han recopilado much\u00edsimas bater\u00edas, la que se van a destino final, a lo que sumamos nuestros puntos limpios, as\u00ed que agradecemos a la comunidad que particip\u00f3 en esta instancia, y esperamos prontamente poder replicar esta campa\u00f1a\u201d, manifest\u00f3 Marcela Matus, coordinadora Sistema de Certificaci\u00f3n Ambiental Municipal, SCAM.<\/p>\n<p style=\"text-align: justify;\">Por su parte, Christian Martino, de Reciclajes Martino, se mostr\u00f3 satisfecho tras la jornada, indicando que \u201c20 mil kilogramos de bater\u00edas tendr\u00e1n ahora una correcta disposici\u00f3n final, impidiendo que est\u00e9n contaminando el patio, el r\u00edo, el fiordo, los parques. Esto fue un trabajo colaborativo, y la invitaci\u00f3n queda abierta a la comunidad para que todos seamos parte de estas actividades, en pos del cuidado de nuestra comuna, y de todo el planeta\u201d.<\/p>\n<p style=\"text-align: justify;\">\u201cPatagonia Sostenible es una empresa que se dedica a la gesti\u00f3n integral de residuos s\u00f3lidos y l\u00edquidos. Como tal, para nosotros como equipo ha sido muy importante participar de esta iniciativa ya que sacamos de circulaci\u00f3n muchos residuos peligrosos que, b\u00e1sicamente, est\u00e1n contaminando el bello entorno en que vivimos, as\u00ed que felices de ser part\u00edcipes de este hito\u201d, explic\u00f3 Javiera Espinoza, encargada comercial de Patagonia Sostenible, que apoy\u00f3 el traslado de las bater\u00edas desde Puerto Chacabuco y Villa Ma\u00f1ihuales hasta Puerto Ays\u00e9n.<\/p>\n<p style=\"text-align: justify;\">Las 20 toneladas de bater\u00edas ser\u00e1n trasladadas con destino a la empresa Recimat, la \u00fanica empresa en el pa\u00eds certificada para esta labor. Una vez en la planta de tratamiento, ser\u00e1n separadas en sus tres componentes: pl\u00e1stico, \u00e1cido sulf\u00farico y plomo, los que ser\u00e1n transformados en lingotes para la fabricaci\u00f3n de nuevas bater\u00edas.<\/p>\n<\/div><\/section><\/div><div  style='height:50px' class='hr hr-invisible   avia-builder-el-6  el_after_av_one_full  el_before_av_social_share '><span class='hr-inner ' ><span class='hr-inner-style'><\/span><\/span><\/div><\/p>\n<div  class='av-social-sharing-box  avia-builder-el-7  el_after_av_hr  el_before_av_hr  '><div class='av-share-box'><h5 class='av-share-link-description av-no-toc '>Compartir esta noticia<\/h5><ul class='av-share-box-list noLightbox'><li class='av-share-link av-social-link-facebook' ><a target=\"_blank\" aria-label=\"Compartir en Facebook\" href='https:\/\/www.facebook.com\/sharer.php?u=https:\/\/radiorevelacionfm.cl\/?p=58954&#038;t=Exitosa%20campa%C3%B1a%20de%20recolecci%C3%B3n%20gestiona%20m%C3%A1s%20de%2020%20toneladas%20de%20bater%C3%ADas%20en%20desuso%20en%20la%20comuna%20de%20Ays%C3%A9n' aria-hidden='false' data-av_icon='\ue8f3' data-av_iconfont='entypo-fontello' title='' data-avia-related-tooltip='Compartir en Facebook' rel=\"noopener\"><span class='avia_hidden_link_text'>Compartir en Facebook<\/span><\/a><\/li><li class='av-share-link av-social-link-twitter' ><a target=\"_blank\" aria-label=\"Compartir en Twitter\" href='https:\/\/twitter.com\/share?text=Exitosa%20campa%C3%B1a%20de%20recolecci%C3%B3n%20gestiona%20m%C3%A1s%20de%2020%20toneladas%20de%20bater%C3%ADas%20en%20desuso%20en%20la%20comuna%20de%20Ays%C3%A9n&#038;url=https:\/\/radiorevelacionfm.cl\/?p=58954' aria-hidden='false' data-av_icon='\ue8f1' data-av_iconfont='entypo-fontello' title='' data-avia-related-tooltip='Compartir en Twitter' rel=\"noopener\"><span class='avia_hidden_link_text'>Compartir en Twitter<\/span><\/a><\/li><li class='av-share-link av-social-link-whatsapp' ><a target=\"_blank\" aria-label=\"Compartir en Whatsapp\" href='https:\/\/api.whatsapp.com\/send?text=https:\/\/radiorevelacionfm.cl\/?p=58954' aria-hidden='false' data-av_icon='\uf232' data-av_iconfont='entypo-fontello' title='' data-avia-related-tooltip='Compartir en Whatsapp' rel=\"noopener\"><span class='avia_hidden_link_text'>Compartir en Whatsapp<\/span><\/a><\/li><li class='av-share-link av-social-link-linkedin' ><a target=\"_blank\" aria-label=\"Compartir en LinkedIn\" href='https:\/\/linkedin.com\/shareArticle?mini=true&#038;title=Exitosa%20campa%C3%B1a%20de%20recolecci%C3%B3n%20gestiona%20m%C3%A1s%20de%2020%20toneladas%20de%20bater%C3%ADas%20en%20desuso%20en%20la%20comuna%20de%20Ays%C3%A9n&#038;url=https:\/\/radiorevelacionfm.cl\/?p=58954' aria-hidden='false' data-av_icon='\ue8fc' data-av_iconfont='entypo-fontello' title='' data-avia-related-tooltip='Compartir en LinkedIn' rel=\"noopener\"><span class='avia_hidden_link_text'>Compartir en LinkedIn<\/span><\/a><\/li><li class='av-share-link av-social-link-mail' ><a  aria-label=\"Compartir por correo\" href='mailto:?subject=Exitosa%20campa%C3%B1a%20de%20recolecci%C3%B3n%20gestiona%20m%C3%A1s%20de%2020%20toneladas%20de%20bater%C3%ADas%20en%20desuso%20en%20la%20comuna%20de%20Ays%C3%A9n&#038;body=https:\/\/radiorevelacionfm.cl\/?p=58954' aria-hidden='false' data-av_icon='\ue805' data-av_iconfont='entypo-fontello' title='' data-avia-related-tooltip='Compartir por correo'><span class='avia_hidden_link_text'>Compartir por correo<\/span><\/a><\/li><\/ul><\/div><\/div>\n<div  style='height:50px' class='hr hr-invisible   avia-builder-el-8  el_after_av_social_share  el_before_av_comments_list '><span class='hr-inner ' ><span class='hr-inner-style'><\/span><\/span><\/div>\n<div  class='av-buildercomment  av-blog-meta-html-info-disabled av-blog-meta-tag-disabled  '><\/div>\n","protected":false},"excerpt":{"rendered":"","protected":false},"author":1,"featured_media":58955,"comment_status":"closed","ping_status":"closed","sticky":false,"template":"","format":"standard","meta":{"footnotes":""},"categories":[38],"tags":[],"class_list":["post-58954","post","type-post","status-publish","format-standard","has-post-thumbnail","hentry","category-regional"],"jetpack_featured_media_url":"https:\/\/radiorevelacionfm.cl\/wp-content\/uploads\/2025\/09\/dji_mimo_20250906_165530_0_1757191915713_video-1_optimized-1.jpg","_links":{"self":[{"href":"https:\/\/radiorevelacionfm.cl\/index.php?rest_route=\/wp\/v2\/posts\/58954","targetHints":{"allow":["GET"]}}],"collection":[{"href":"https:\/\/radiorevelacionfm.cl\/index.php?rest_route=\/wp\/v2\/posts"}],"about":[{"href":"https:\/\/radiorevelacionfm.cl\/index.php?rest_route=\/wp\/v2\/types\/post"}],"author":[{"embeddable":true,"href":"https:\/\/radiorevelacionfm.cl\/index.php?rest_route=\/wp\/v2\/users\/1"}],"replies":[{"embeddable":true,"href":"https:\/\/radiorevelacionfm.cl\/index.php?rest_route=%2Fwp%2Fv2%2Fcomments&post=58954"}],"version-history":[{"count":2,"href":"https:\/\/radiorevelacionfm.cl\/index.php?rest_route=\/wp\/v2\/posts\/58954\/revisions"}],"predecessor-version":[{"id":58957,"href":"https:\/\/radiorevelacionfm.cl\/index.php?rest_route=\/wp\/v2\/posts\/58954\/revisions\/58957"}],"wp:featuredmedia":[{"embeddable":true,"href":"https:\/\/radiorevelacionfm.cl\/index.php?rest_route=\/wp\/v2\/media\/58955"}],"wp:attachment":[{"href":"https:\/\/radiorevelacionfm.cl\/index.php?rest_route=%2Fwp%2Fv2%2Fmedia&parent=58954"}],"wp:term":[{"taxonomy":"category","embeddable":true,"href":"https:\/\/radiorevelacionfm.cl\/index.php?rest_route=%2Fwp%2Fv2%2Fcategories&post=58954"},{"taxonomy":"post_tag","embeddable":true,"href":"https:\/\/radiorevelacionfm.cl\/index.php?rest_route=%2Fwp%2Fv2%2Ftags&post=58954"}],"curies":[{"name":"wp","href":"https:\/\/api.w.org\/{rel}","templated":true}]}}