{"id":58951,"date":"2025-09-10T09:57:41","date_gmt":"2025-09-10T12:57:41","guid":{"rendered":"https:\/\/radiorevelacionfm.cl\/?p=58951"},"modified":"2025-09-10T09:57:41","modified_gmt":"2025-09-10T12:57:41","slug":"en-coyhaique-celebraron-el-dia-internacional-de-la-alfabetizacion-y-dia-nacional-de-la-educacion-de-personas-jovenes-y-adultas","status":"publish","type":"post","link":"https:\/\/radiorevelacionfm.cl\/?p=58951","title":{"rendered":"En Coyhaique celebraron el D\u00eda Internacional de la Alfabetizaci\u00f3n y D\u00eda Nacional de la Educaci\u00f3n de Personas J\u00f3venes y Adultas"},"content":{"rendered":"<div class=\"flex_column av_one_full  flex_column_div av-zero-column-padding first  avia-builder-el-0  el_before_av_one_full  avia-builder-el-first  \" style='border-radius:0px; '><div  class='avia-image-container  av-styling-    avia-builder-el-1  avia-builder-el-no-sibling  avia-align-center '  itemprop=\"image\" itemscope=\"itemscope\" itemtype=\"https:\/\/schema.org\/ImageObject\"  ><div class='avia-image-container-inner'><div class='avia-image-overlay-wrap'><img decoding=\"async\" class='wp-image-58952 avia-img-lazy-loading-not-58952 avia_image' src=\"https:\/\/radiorevelacionfm.cl\/wp-content\/uploads\/2025\/09\/guitarrista-1_optimized.jpeg\" alt='' title='guitarrista-(1)_optimized' height=\"600\" width=\"800\"  itemprop=\"thumbnailUrl\" srcset=\"https:\/\/radiorevelacionfm.cl\/wp-content\/uploads\/2025\/09\/guitarrista-1_optimized.jpeg 800w, https:\/\/radiorevelacionfm.cl\/wp-content\/uploads\/2025\/09\/guitarrista-1_optimized-300x225.jpeg 300w, https:\/\/radiorevelacionfm.cl\/wp-content\/uploads\/2025\/09\/guitarrista-1_optimized-768x576.jpeg 768w, https:\/\/radiorevelacionfm.cl\/wp-content\/uploads\/2025\/09\/guitarrista-1_optimized-705x529.jpeg 705w, https:\/\/radiorevelacionfm.cl\/wp-content\/uploads\/2025\/09\/guitarrista-1_optimized-450x338.jpeg 450w, https:\/\/radiorevelacionfm.cl\/wp-content\/uploads\/2025\/09\/guitarrista-1_optimized-600x450.jpeg 600w\" sizes=\"(max-width: 800px) 100vw, 800px\" \/><\/div><\/div><\/div><\/div><div class=\"flex_column av_one_full  flex_column_div av-zero-column-padding first  avia-builder-el-2  el_after_av_one_full  el_before_av_one_full  column-top-margin\" style='border-radius:0px; '><section class=\"av_textblock_section \"  itemscope=\"itemscope\" itemtype=\"https:\/\/schema.org\/BlogPosting\" itemprop=\"blogPost\" ><div class='avia_textblock  '   itemprop=\"text\" ><p style=\"text-align: center;\"><span style=\"font-size: 18pt;\"><b>En Coyhaique celebraron el D\u00eda Internacional de la Alfabetizaci\u00f3n y D\u00eda Nacional de la Educaci\u00f3n de Personas J\u00f3venes y Adultas<\/b><\/span><\/p>\n<div id=\"gtx-trans\" style=\"position: absolute; left: -50px; top: 4.31534px;\">\n<div class=\"gtx-trans-icon\"><\/div>\n<\/div>\n<\/div><\/section><\/div><div class=\"flex_column av_one_full  flex_column_div av-zero-column-padding first  avia-builder-el-4  el_after_av_one_full  el_before_av_hr  column-top-margin\" style='border-radius:0px; '><section class=\"av_textblock_section \"  itemscope=\"itemscope\" itemtype=\"https:\/\/schema.org\/BlogPosting\" itemprop=\"blogPost\" ><div class='avia_textblock  '   itemprop=\"text\" ><p style=\"font-weight: 400; text-align: justify;\">El lunes 8 de septiembre en el Auditorio del Ministerio de Obras P\u00fablicas en\u00a0<a href=\"https:\/\/www.facebook.com\/hashtag\/coyhaique?__eep__=6&amp;__cft__%5b0%5d=AZWS9_e0ZZrPogdTnlzhGwBRWbac5KLKQXLMqno8xR60YFwzzDS3fUcyvW86bDqumvmoXKoaitHo5ggrJFD5iE4Peebfjir-r0HBN1wolqxAiu6esdkM1odGLUH5LOQDGneYqyHddlI7IXbYBZ5CdRqnRXc3A7mc2F1OeIlTpeTR6s66TngV0p8Mc68UMJaQCLw&amp;__tn__=*NK-R\" data-saferedirecturl=\"https:\/\/www.google.com\/url?q=https:\/\/www.facebook.com\/hashtag\/coyhaique?__eep__%3D6%26__cft__%255b0%255d%3DAZWS9_e0ZZrPogdTnlzhGwBRWbac5KLKQXLMqno8xR60YFwzzDS3fUcyvW86bDqumvmoXKoaitHo5ggrJFD5iE4Peebfjir-r0HBN1wolqxAiu6esdkM1odGLUH5LOQDGneYqyHddlI7IXbYBZ5CdRqnRXc3A7mc2F1OeIlTpeTR6s66TngV0p8Mc68UMJaQCLw%26__tn__%3D*NK-R&amp;source=gmail&amp;ust=1757534873689000&amp;usg=AOvVaw1lW3EHIloU94z65oN1aX1G\">Coyhaique<\/a>\u00a0se realiz\u00f3 la Celebraci\u00f3n del D\u00eda Internacional de la Alfabetizaci\u00f3n y D\u00eda Nacional de la Educaci\u00f3n de Personas J\u00f3venes y Adultas, EPJA.<\/p>\n<p style=\"font-weight: 400; text-align: justify;\">La actividad convocada por la Secretar\u00eda Regional Ministerial de Educaci\u00f3n de Ays\u00e9n reuni\u00f3 a estudiantes de CEIAs, monitores, adultos del plan de alfabetizaci\u00f3n, docentes de la modalidad. Ellas y ellos fueron acompa\u00f1ados por el Delegado Presidencial Regional Jorge D\u00edaz Guzm\u00e1n, el Seremi de Justicia y Derechos Humanos Samuel Navarro, la jefa del Departamento Provincial de Educaci\u00f3n Coyhaique Michelle Grondona. La ceremonia cont\u00f3 adem\u00e1s con la exhibici\u00f3n de stands de establecimientos que atienden la modalidad, junto a centros de estudios superiores, con locuci\u00f3n de dos estudiantes de EPJA, y n\u00fameros art\u00edsticos presentados y ejecutados por los estudiantes.<\/p>\n<p style=\"font-weight: 400; text-align: justify;\">Estuvieron presentes el CEIA Coyhaique del\u00a0 Slep Ays\u00e9n con su orqueta escolar, el Instituto Popular de Aysen IPA, Colegio Trapananda de Coyhaique con danza folcl\u00f3rica; Centro de Estudios Patagonia de Coyhaique con las dos locutoras y cantante, CEIA Josefina Mendez de Coyhaique, con dos payadores, Liceo Polit\u00e9cnico de Puerto Aysen, Centro de Estudios Patagonia Aysen.<\/p>\n<p style=\"font-weight: 400; text-align: justify;\">El Delegado Presidencial Regional Jorge D\u00edaz destac\u00f3 que es prioridad el Gobierno del Presidente Gabriel Boric entregar oportunidades de superaci\u00f3n personal a trav\u00e9s de la educaci\u00f3n. \u201cEn la Regi\u00f3n de Ays\u00e9n hoy se puede cursar desde educaci\u00f3n parvularia hasta educaci\u00f3n superior t\u00e9cnica y universitaria en establecimientos p\u00fablicos y las personas j\u00f3venes y adultas pueden hacer toda su trayectoria educativa\u201d.<\/p>\n<p style=\"font-weight: 400; text-align: justify;\">Por su parte, la jefa del Departamento Provincial de Educaci\u00f3n Michelle Grondona afirm\u00f3 que: \u201cLa Educaci\u00f3n de personas j\u00f3venes y adultas es exitosa en la regi\u00f3n de Ays\u00e9n y prueba de ello es la masiva asistencia de estudiantes en esta ceremonia. El Ministerio de Educaci\u00f3n est\u00e1 actualizando las bases curriculares de las Educaci\u00f3n de Personas J\u00f3venes y Adultas para colocarlas al d\u00eda con la nueva realidad; donde se despliegan las Tecnolog\u00edas de la Informaci\u00f3n y Comunicaci\u00f3n, la Inteligencia Artificial y otros cambios de nuestra sociedad\u201d.<\/p>\n<p style=\"font-weight: 400; text-align: justify;\">Mar\u00eda Bel\u00e9n V\u00e9liz, directora del Centro de Estudios Patagonia de Puerto Ays\u00e9n y coordinadora de la Red de establecimientos de educaci\u00f3n de j\u00f3venes y adultos y terceras jornadas \u201cMate y Truco\u201d salud\u00f3 a todas y todos los estudiantes. \u201cLes env\u00edo un abrazo a todas y todos en esta celebraci\u00f3n que nos recuerda la importancia de las segundas oportunidades y el valor de acompa\u00f1ar a quienes deciden iniciar o\u00a0 retomar los estudios\u201d.<\/p>\n<p style=\"font-weight: 400; text-align: justify;\">En Chile, la conmemoraci\u00f3n se enfoca en visibilizar y reconocer los esfuerzos del Ministerio de Educaci\u00f3n (MINEDUC) y diversas organizaciones civiles para combatir el analfabetismo y ofrecer oportunidades educativas a j\u00f3venes y adultos. Eventos como el 20\u00b0 aniversario del Plan de Alfabetizaci\u00f3n \u00abContigo Aprendo\u00bb del MINEDUC, celebrado en 2023, destacan los avances logrados y el compromiso con la equidad educativa. Estos actos buscan:<\/p>\n<p style=\"font-weight: 400; text-align: justify;\">Reconocer a los estudiantes: Se honra a las personas que, a pesar de haber interrumpido su escolaridad, retoman sus estudios. Valorar a los monitores y docentes: Se destaca la labor de quienes gu\u00edan y acompa\u00f1an a los estudiantes en sus procesos de aprendizaje. Promover la educaci\u00f3n como un derecho: Se refuerza la idea de que el acceso a la educaci\u00f3n es fundamental para la dignidad y el desarrollo personal, social y laboral.<\/p>\n<p style=\"font-weight: 400; text-align: justify;\"><strong>Logros y Pol\u00edticas en Educaci\u00f3n de Adultos<\/strong><\/p>\n<p style=\"font-weight: 400; text-align: justify;\">Chile ha implementado varias pol\u00edticas y programas para abordar la educaci\u00f3n de j\u00f3venes y adultos (EPJA), incluyendo:<\/p>\n<p style=\"font-weight: 400; text-align: justify;\">Plan de Alfabetizaci\u00f3n \u00abContigo Aprendo\u00bb: Dirigido a personas mayores de 15 a\u00f1os con menos de cuatro a\u00f1os de escolaridad o que no saben leer ni escribir. Este programa, que ofrece clases personalizadas en peque\u00f1os grupos, ha sido una herramienta clave para reducir la tasa de analfabetismo funcional.<\/p>\n<p style=\"font-weight: 400; text-align: justify;\">Modalidades de Nivelaci\u00f3n de Estudios: El MINEDUC ofrece diferentes opciones para que j\u00f3venes y adultos completen su educaci\u00f3n b\u00e1sica y media, como la Modalidad Regular (presencial) y la Modalidad Flexible (para quienes tienen poco tiempo debido a responsabilidades laborales o familiares).<\/p>\n<p style=\"font-weight: 400; text-align: justify;\">A pesar de estos avances, el pa\u00eds sigue enfrentando desaf\u00edos como la necesidad de una mayor flexibilidad y financiamiento para garantizar una educaci\u00f3n inclusiva y de calidad a lo largo de toda la vida.<\/p>\n<\/div><\/section><\/div><div  style='height:50px' class='hr hr-invisible   avia-builder-el-6  el_after_av_one_full  el_before_av_social_share '><span class='hr-inner ' ><span class='hr-inner-style'><\/span><\/span><\/div><\/p>\n<div  class='av-social-sharing-box  avia-builder-el-7  el_after_av_hr  el_before_av_hr  '><div class='av-share-box'><h5 class='av-share-link-description av-no-toc '>Compartir esta noticia<\/h5><ul class='av-share-box-list noLightbox'><li class='av-share-link av-social-link-facebook' ><a target=\"_blank\" aria-label=\"Compartir en Facebook\" href='https:\/\/www.facebook.com\/sharer.php?u=https:\/\/radiorevelacionfm.cl\/?p=58951&#038;t=En%20Coyhaique%20celebraron%20el%20D%C3%ADa%20Internacional%20de%20la%20Alfabetizaci%C3%B3n%20y%20D%C3%ADa%20Nacional%20de%20la%20Educaci%C3%B3n%20de%20Personas%20J%C3%B3venes%20y%20Adultas' aria-hidden='false' data-av_icon='\ue8f3' data-av_iconfont='entypo-fontello' title='' data-avia-related-tooltip='Compartir en Facebook' rel=\"noopener\"><span class='avia_hidden_link_text'>Compartir en Facebook<\/span><\/a><\/li><li class='av-share-link av-social-link-twitter' ><a target=\"_blank\" aria-label=\"Compartir en Twitter\" href='https:\/\/twitter.com\/share?text=En%20Coyhaique%20celebraron%20el%20D%C3%ADa%20Internacional%20de%20la%20Alfabetizaci%C3%B3n%20y%20D%C3%ADa%20Nacional%20de%20la%20Educaci%C3%B3n%20de%20Personas%20J%C3%B3venes%20y%20Adultas&#038;url=https:\/\/radiorevelacionfm.cl\/?p=58951' aria-hidden='false' data-av_icon='\ue8f1' data-av_iconfont='entypo-fontello' title='' data-avia-related-tooltip='Compartir en Twitter' rel=\"noopener\"><span class='avia_hidden_link_text'>Compartir en Twitter<\/span><\/a><\/li><li class='av-share-link av-social-link-whatsapp' ><a target=\"_blank\" aria-label=\"Compartir en Whatsapp\" href='https:\/\/api.whatsapp.com\/send?text=https:\/\/radiorevelacionfm.cl\/?p=58951' aria-hidden='false' data-av_icon='\uf232' data-av_iconfont='entypo-fontello' title='' data-avia-related-tooltip='Compartir en Whatsapp' rel=\"noopener\"><span class='avia_hidden_link_text'>Compartir en Whatsapp<\/span><\/a><\/li><li class='av-share-link av-social-link-linkedin' ><a target=\"_blank\" aria-label=\"Compartir en LinkedIn\" href='https:\/\/linkedin.com\/shareArticle?mini=true&#038;title=En%20Coyhaique%20celebraron%20el%20D%C3%ADa%20Internacional%20de%20la%20Alfabetizaci%C3%B3n%20y%20D%C3%ADa%20Nacional%20de%20la%20Educaci%C3%B3n%20de%20Personas%20J%C3%B3venes%20y%20Adultas&#038;url=https:\/\/radiorevelacionfm.cl\/?p=58951' aria-hidden='false' data-av_icon='\ue8fc' data-av_iconfont='entypo-fontello' title='' data-avia-related-tooltip='Compartir en LinkedIn' rel=\"noopener\"><span class='avia_hidden_link_text'>Compartir en LinkedIn<\/span><\/a><\/li><li class='av-share-link av-social-link-mail' ><a  aria-label=\"Compartir por correo\" href='mailto:?subject=En%20Coyhaique%20celebraron%20el%20D%C3%ADa%20Internacional%20de%20la%20Alfabetizaci%C3%B3n%20y%20D%C3%ADa%20Nacional%20de%20la%20Educaci%C3%B3n%20de%20Personas%20J%C3%B3venes%20y%20Adultas&#038;body=https:\/\/radiorevelacionfm.cl\/?p=58951' aria-hidden='false' data-av_icon='\ue805' data-av_iconfont='entypo-fontello' title='' data-avia-related-tooltip='Compartir por correo'><span class='avia_hidden_link_text'>Compartir por correo<\/span><\/a><\/li><\/ul><\/div><\/div>\n<div  style='height:50px' class='hr hr-invisible   avia-builder-el-8  el_after_av_social_share  el_before_av_comments_list '><span class='hr-inner ' ><span class='hr-inner-style'><\/span><\/span><\/div>\n<div  class='av-buildercomment  av-blog-meta-html-info-disabled av-blog-meta-tag-disabled  '><\/div>\n","protected":false},"excerpt":{"rendered":"","protected":false},"author":1,"featured_media":58952,"comment_status":"closed","ping_status":"closed","sticky":false,"template":"","format":"standard","meta":{"footnotes":""},"categories":[49],"tags":[],"class_list":["post-58951","post","type-post","status-publish","format-standard","has-post-thumbnail","hentry","category-educacion"],"jetpack_featured_media_url":"https:\/\/radiorevelacionfm.cl\/wp-content\/uploads\/2025\/09\/guitarrista-1_optimized.jpeg","_links":{"self":[{"href":"https:\/\/radiorevelacionfm.cl\/index.php?rest_route=\/wp\/v2\/posts\/58951","targetHints":{"allow":["GET"]}}],"collection":[{"href":"https:\/\/radiorevelacionfm.cl\/index.php?rest_route=\/wp\/v2\/posts"}],"about":[{"href":"https:\/\/radiorevelacionfm.cl\/index.php?rest_route=\/wp\/v2\/types\/post"}],"author":[{"embeddable":true,"href":"https:\/\/radiorevelacionfm.cl\/index.php?rest_route=\/wp\/v2\/users\/1"}],"replies":[{"embeddable":true,"href":"https:\/\/radiorevelacionfm.cl\/index.php?rest_route=%2Fwp%2Fv2%2Fcomments&post=58951"}],"version-history":[{"count":2,"href":"https:\/\/radiorevelacionfm.cl\/index.php?rest_route=\/wp\/v2\/posts\/58951\/revisions"}],"predecessor-version":[{"id":58983,"href":"https:\/\/radiorevelacionfm.cl\/index.php?rest_route=\/wp\/v2\/posts\/58951\/revisions\/58983"}],"wp:featuredmedia":[{"embeddable":true,"href":"https:\/\/radiorevelacionfm.cl\/index.php?rest_route=\/wp\/v2\/media\/58952"}],"wp:attachment":[{"href":"https:\/\/radiorevelacionfm.cl\/index.php?rest_route=%2Fwp%2Fv2%2Fmedia&parent=58951"}],"wp:term":[{"taxonomy":"category","embeddable":true,"href":"https:\/\/radiorevelacionfm.cl\/index.php?rest_route=%2Fwp%2Fv2%2Fcategories&post=58951"},{"taxonomy":"post_tag","embeddable":true,"href":"https:\/\/radiorevelacionfm.cl\/index.php?rest_route=%2Fwp%2Fv2%2Ftags&post=58951"}],"curies":[{"name":"wp","href":"https:\/\/api.w.org\/{rel}","templated":true}]}}