{"id":58939,"date":"2025-09-09T16:30:53","date_gmt":"2025-09-09T19:30:53","guid":{"rendered":"https:\/\/radiorevelacionfm.cl\/?p=58939"},"modified":"2025-09-09T16:30:53","modified_gmt":"2025-09-09T19:30:53","slug":"mas-de-3-900-personas-fueron-beneficiadas-por-el-sence-en-aysen-durante-el-2024","status":"publish","type":"post","link":"https:\/\/radiorevelacionfm.cl\/?p=58939","title":{"rendered":"M\u00e1s de 3.900 personas fueron beneficiadas por el SENCE en Ays\u00e9n durante el 2024"},"content":{"rendered":"<div class=\"flex_column av_one_full  flex_column_div av-zero-column-padding first  avia-builder-el-0  el_before_av_one_full  avia-builder-el-first  \" style='border-radius:0px; '><div  class='avia-image-container  av-styling-    avia-builder-el-1  avia-builder-el-no-sibling  avia-align-center '  itemprop=\"image\" itemscope=\"itemscope\" itemtype=\"https:\/\/schema.org\/ImageObject\"  ><div class='avia-image-container-inner'><div class='avia-image-overlay-wrap'><img decoding=\"async\" class='wp-image-58940 avia-img-lazy-loading-not-58940 avia_image' src=\"https:\/\/radiorevelacionfm.cl\/wp-content\/uploads\/2025\/09\/cuenta-publica-2-2-1_optimized.jpeg\" alt='' title='cuenta-p\u00fablica-2-(2)-(1)_optimized' height=\"600\" width=\"899\"  itemprop=\"thumbnailUrl\" srcset=\"https:\/\/radiorevelacionfm.cl\/wp-content\/uploads\/2025\/09\/cuenta-publica-2-2-1_optimized.jpeg 899w, https:\/\/radiorevelacionfm.cl\/wp-content\/uploads\/2025\/09\/cuenta-publica-2-2-1_optimized-300x200.jpeg 300w, https:\/\/radiorevelacionfm.cl\/wp-content\/uploads\/2025\/09\/cuenta-publica-2-2-1_optimized-768x513.jpeg 768w, https:\/\/radiorevelacionfm.cl\/wp-content\/uploads\/2025\/09\/cuenta-publica-2-2-1_optimized-705x471.jpeg 705w, https:\/\/radiorevelacionfm.cl\/wp-content\/uploads\/2025\/09\/cuenta-publica-2-2-1_optimized-450x300.jpeg 450w, https:\/\/radiorevelacionfm.cl\/wp-content\/uploads\/2025\/09\/cuenta-publica-2-2-1_optimized-600x400.jpeg 600w\" sizes=\"(max-width: 899px) 100vw, 899px\" \/><\/div><\/div><\/div><\/div><div class=\"flex_column av_one_full  flex_column_div av-zero-column-padding first  avia-builder-el-2  el_after_av_one_full  el_before_av_one_full  column-top-margin\" style='border-radius:0px; '><section class=\"av_textblock_section \"  itemscope=\"itemscope\" itemtype=\"https:\/\/schema.org\/BlogPosting\" itemprop=\"blogPost\" ><div class='avia_textblock  '   itemprop=\"text\" ><p style=\"text-align: center;\"><strong><span style=\"font-size: 18pt;\">M\u00e1s de 3.900 personas fueron beneficiadas por el SENCE en Ays\u00e9n durante el 2024<\/span><\/strong><\/p>\n<div id=\"gtx-trans\" style=\"position: absolute; left: -50px; top: 4.31534px;\">\n<div class=\"gtx-trans-icon\"><\/div>\n<\/div>\n<\/div><\/section><\/div><div class=\"flex_column av_one_full  flex_column_div av-zero-column-padding first  avia-builder-el-4  el_after_av_one_full  el_before_av_hr  column-top-margin\" style='border-radius:0px; '><section class=\"av_textblock_section \"  itemscope=\"itemscope\" itemtype=\"https:\/\/schema.org\/BlogPosting\" itemprop=\"blogPost\" ><div class='avia_textblock  '   itemprop=\"text\" ><p style=\"text-align: justify;\">Cuenta P\u00fablica del SENCE cont\u00f3 con la participaci\u00f3n de la directora nacional, Romanina Morales Baltra, entre otras autoridades comunales y gubernamentales, dirigentes sindicales y comunitarios, equipos OMIL, representantes de OTEC, alumnos y alumnas de cursos SENCE, entre otros.<\/p>\n<p style=\"text-align: justify;\">Un total de 3.975 personas, de las cuales un 56% son mujeres y un 44% hombres, fueron beneficiadas por los programas del Servicio Nacional de Capacitaci\u00f3n y Empleo (SENCE) en la Regi\u00f3n de Ays\u00e9n, durante el a\u00f1o 2024, seg\u00fan se inform\u00f3 en la Cuenta P\u00fablica regional del servicio p\u00fablico.<\/p>\n<p style=\"text-align: justify;\">Durante la jornada se destacaron los principales logros del per\u00edodo, entre ellos el alcance de los programas de capacitaci\u00f3n y certificaci\u00f3n laboral, subsidios al empleo y acciones de intermediaci\u00f3n laboral y la presencia en las cuatro provincias de la regi\u00f3n.<\/p>\n<p style=\"text-align: justify;\">El director regional del SENCE, Nelson Garrido Morales, destac\u00f3 en su exposici\u00f3n el impacto que ha tenido la gesti\u00f3n institucional en la regi\u00f3n, \u201cCon respecto a nuestra cuenta p\u00fablica, mucho que avanzar con vinculaci\u00f3n con la comunidad, tenemos trabajo que hacer y vamos a mejorar espacios, la franquicia tributaria para las pymes y mipymes, y facilitarles el ingreso. Vamos a trabajar tambi\u00e9n en el fortalecimiento del Consejo Regional de Capacitaci\u00f3n, al mismo tiempo, fortalecer todo lo que es la modernizaci\u00f3n del Servicio Nacional de Capacitaci\u00f3n y Empleo en t\u00e9rminos de utilizaci\u00f3n de la inteligencia artificial, utilizaci\u00f3n en los cursos en l\u00ednea, tecnolog\u00edas \u00e1giles, entre otros\u201d, afirm\u00f3.<\/p>\n<p style=\"text-align: justify;\">Por su parte, la directora nacional, Romanina Morales Baltra, quien tuvo una nutrida agenda en la regi\u00f3n, complement\u00f3 \u201cContentos y contenta porque hemos tenido una agenda muy integrada al desarrollo territorial, la pertinencia de nuestros cursos y la intermediaci\u00f3n laboral. No s\u00f3lo estuvimos en terreno en un curso, tambi\u00e9n estuvimos en una certificaci\u00f3n que us\u00f3 la franquicia tributaria y hoy en d\u00eda nuestro director regional pudo exponer todo lo que desarrollamos en el a\u00f1o 2024 y nos dio las luces de nuestros desaf\u00edos del 2025 y 2026, que sea un SENCE \u00e1gil, moderno, innovador e inclusivo\u201d.<\/p>\n<p style=\"text-align: justify;\">Por su parte, el seremi del Trabajo y Previsi\u00f3n Social, Rodrigo D\u00edaz Cordaro, destac\u00f3 la descentralizaci\u00f3n efectiva: \u201cQuiero destacar y valorar la presencia de la directora nacional de Sence en la cuenta p\u00fablica del director regional, cuenta que fue contundente y que mostr\u00f3 el trabajo intersectorial con diversas instituciones p\u00fablicas, privadas y municipalidad, adem\u00e1s del COSOC, donde se ve que efectivamente hay di\u00e1logo social tripartito, donde vemos el trabajo del Consejo Regional de Capacitaci\u00f3n, con una mirada que incluye al Estado, al Gobierno Regional, a los trabajadores y empleadores, con un profunda mirada de los territorios y sectores productivos, por ejemplo, las capacitaciones que tenemos como Piloto Rov -que es el dron pero en el agua- y Patr\u00f3n de Nave, adem\u00e1s de ferias laborales vinculadas al mar\u201d, concluy\u00f3.<\/p>\n<p style=\"text-align: justify;\">Durante el a\u00f1o 2024, el Servicio Nacional de Capacitaci\u00f3n y Empleo (SENCE) ha destinado una inversi\u00f3n regional de $1.135.210.025. Si a ello se suman los subsidios entregados por m\u00e1s de $808 millones, se totaliza aproximadamente $2.000 millones de pesos.<\/p>\n<p style=\"text-align: justify;\">Esta inversi\u00f3n considera tanto los programas regulares de la regi\u00f3n, transferencias al sector p\u00fablico, Consejo Regional de Capacitaci\u00f3n, intermediaci\u00f3n laboral, entre otros. En cuanto a los subsidios al empleo, 3.683 personas fueron beneficiadas a trav\u00e9s del Subsidio al Empleo Joven y el Bono al Trabajo de la Mujer.<\/p>\n<p style=\"text-align: justify;\">Sandra Vargas, presidenta del COSOC del SENCE Ays\u00e9n, destac\u00f3 los antecedentes presentados, argumentado \u201cUna cuenta p\u00fablica muy llena de trabajo, se le ha entregado capacitaci\u00f3n a la gente, as\u00ed se ve que tambi\u00e9n que estas capacitaciones han tenido empleo, as\u00ed que una cuenta p\u00fablica muy cargada m\u00e1s de empleo que de capacitaci\u00f3n y con eso nos alegramos, porque hay un mont\u00f3n de familias, porque hablamos de personas, vemos a las familias que hay por detr\u00e1s. Nos vamos contentos de esta cuenta p\u00fablica, el director ha hecho un buen trabajo junto a todos sus funcionarios. As\u00ed que agradecida de esta cuenta\u201d, manifest\u00f3 la dirigenta.<\/p>\n<p style=\"text-align: justify;\">Respecto a los datos presentados, se inform\u00f3 que durante el per\u00edodo 2024, un total de 2.553 personas fueron atendidas a trav\u00e9s del Sistema de Intermediaci\u00f3n Laboral del SENCE y 255 personas lograron vincularse a un puesto de trabajo.<\/p>\n<\/div><\/section><\/div><div  style='height:50px' class='hr hr-invisible   avia-builder-el-6  el_after_av_one_full  el_before_av_social_share '><span class='hr-inner ' ><span class='hr-inner-style'><\/span><\/span><\/div><\/p>\n<div  class='av-social-sharing-box  avia-builder-el-7  el_after_av_hr  el_before_av_hr  '><div class='av-share-box'><h5 class='av-share-link-description av-no-toc '>Compartir esta noticia<\/h5><ul class='av-share-box-list noLightbox'><li class='av-share-link av-social-link-facebook' ><a target=\"_blank\" aria-label=\"Compartir en Facebook\" href='https:\/\/www.facebook.com\/sharer.php?u=https:\/\/radiorevelacionfm.cl\/?p=58939&#038;t=M%C3%A1s%20de%203.900%20personas%20fueron%20beneficiadas%20por%20el%20SENCE%20en%20Ays%C3%A9n%20durante%20el%202024' aria-hidden='false' data-av_icon='\ue8f3' data-av_iconfont='entypo-fontello' title='' data-avia-related-tooltip='Compartir en Facebook' rel=\"noopener\"><span class='avia_hidden_link_text'>Compartir en Facebook<\/span><\/a><\/li><li class='av-share-link av-social-link-twitter' ><a target=\"_blank\" aria-label=\"Compartir en Twitter\" href='https:\/\/twitter.com\/share?text=M%C3%A1s%20de%203.900%20personas%20fueron%20beneficiadas%20por%20el%20SENCE%20en%20Ays%C3%A9n%20durante%20el%202024&#038;url=https:\/\/radiorevelacionfm.cl\/?p=58939' aria-hidden='false' data-av_icon='\ue8f1' data-av_iconfont='entypo-fontello' title='' data-avia-related-tooltip='Compartir en Twitter' rel=\"noopener\"><span class='avia_hidden_link_text'>Compartir en Twitter<\/span><\/a><\/li><li class='av-share-link av-social-link-whatsapp' ><a target=\"_blank\" aria-label=\"Compartir en Whatsapp\" href='https:\/\/api.whatsapp.com\/send?text=https:\/\/radiorevelacionfm.cl\/?p=58939' aria-hidden='false' data-av_icon='\uf232' data-av_iconfont='entypo-fontello' title='' data-avia-related-tooltip='Compartir en Whatsapp' rel=\"noopener\"><span class='avia_hidden_link_text'>Compartir en Whatsapp<\/span><\/a><\/li><li class='av-share-link av-social-link-linkedin' ><a target=\"_blank\" aria-label=\"Compartir en LinkedIn\" href='https:\/\/linkedin.com\/shareArticle?mini=true&#038;title=M%C3%A1s%20de%203.900%20personas%20fueron%20beneficiadas%20por%20el%20SENCE%20en%20Ays%C3%A9n%20durante%20el%202024&#038;url=https:\/\/radiorevelacionfm.cl\/?p=58939' aria-hidden='false' data-av_icon='\ue8fc' data-av_iconfont='entypo-fontello' title='' data-avia-related-tooltip='Compartir en LinkedIn' rel=\"noopener\"><span class='avia_hidden_link_text'>Compartir en LinkedIn<\/span><\/a><\/li><li class='av-share-link av-social-link-mail' ><a  aria-label=\"Compartir por correo\" href='mailto:?subject=M%C3%A1s%20de%203.900%20personas%20fueron%20beneficiadas%20por%20el%20SENCE%20en%20Ays%C3%A9n%20durante%20el%202024&#038;body=https:\/\/radiorevelacionfm.cl\/?p=58939' aria-hidden='false' data-av_icon='\ue805' data-av_iconfont='entypo-fontello' title='' data-avia-related-tooltip='Compartir por correo'><span class='avia_hidden_link_text'>Compartir por correo<\/span><\/a><\/li><\/ul><\/div><\/div>\n<div  style='height:50px' class='hr hr-invisible   avia-builder-el-8  el_after_av_social_share  el_before_av_comments_list '><span class='hr-inner ' ><span class='hr-inner-style'><\/span><\/span><\/div>\n<div  class='av-buildercomment  av-blog-meta-html-info-disabled av-blog-meta-tag-disabled  '><\/div>\n","protected":false},"excerpt":{"rendered":"","protected":false},"author":1,"featured_media":58940,"comment_status":"closed","ping_status":"closed","sticky":false,"template":"","format":"standard","meta":{"footnotes":""},"categories":[38],"tags":[],"class_list":["post-58939","post","type-post","status-publish","format-standard","has-post-thumbnail","hentry","category-regional"],"jetpack_featured_media_url":"https:\/\/radiorevelacionfm.cl\/wp-content\/uploads\/2025\/09\/cuenta-publica-2-2-1_optimized.jpeg","_links":{"self":[{"href":"https:\/\/radiorevelacionfm.cl\/index.php?rest_route=\/wp\/v2\/posts\/58939","targetHints":{"allow":["GET"]}}],"collection":[{"href":"https:\/\/radiorevelacionfm.cl\/index.php?rest_route=\/wp\/v2\/posts"}],"about":[{"href":"https:\/\/radiorevelacionfm.cl\/index.php?rest_route=\/wp\/v2\/types\/post"}],"author":[{"embeddable":true,"href":"https:\/\/radiorevelacionfm.cl\/index.php?rest_route=\/wp\/v2\/users\/1"}],"replies":[{"embeddable":true,"href":"https:\/\/radiorevelacionfm.cl\/index.php?rest_route=%2Fwp%2Fv2%2Fcomments&post=58939"}],"version-history":[{"count":2,"href":"https:\/\/radiorevelacionfm.cl\/index.php?rest_route=\/wp\/v2\/posts\/58939\/revisions"}],"predecessor-version":[{"id":58946,"href":"https:\/\/radiorevelacionfm.cl\/index.php?rest_route=\/wp\/v2\/posts\/58939\/revisions\/58946"}],"wp:featuredmedia":[{"embeddable":true,"href":"https:\/\/radiorevelacionfm.cl\/index.php?rest_route=\/wp\/v2\/media\/58940"}],"wp:attachment":[{"href":"https:\/\/radiorevelacionfm.cl\/index.php?rest_route=%2Fwp%2Fv2%2Fmedia&parent=58939"}],"wp:term":[{"taxonomy":"category","embeddable":true,"href":"https:\/\/radiorevelacionfm.cl\/index.php?rest_route=%2Fwp%2Fv2%2Fcategories&post=58939"},{"taxonomy":"post_tag","embeddable":true,"href":"https:\/\/radiorevelacionfm.cl\/index.php?rest_route=%2Fwp%2Fv2%2Ftags&post=58939"}],"curies":[{"name":"wp","href":"https:\/\/api.w.org\/{rel}","templated":true}]}}