{"id":58934,"date":"2025-09-09T15:51:57","date_gmt":"2025-09-09T18:51:57","guid":{"rendered":"https:\/\/radiorevelacionfm.cl\/?p=58934"},"modified":"2025-09-09T15:51:57","modified_gmt":"2025-09-09T18:51:57","slug":"sernapesca-mantendra-fiscalizaciones-en-zona-contigua-los-lagos-aysen-tras-cierre-de-cuota-del-erizo","status":"publish","type":"post","link":"https:\/\/radiorevelacionfm.cl\/?p=58934","title":{"rendered":"Sernapesca mantendr\u00e1 fiscalizaciones en zona contigua Los Lagos-Ays\u00e9n tras cierre de cuota del erizo"},"content":{"rendered":"<div class=\"flex_column av_one_full  flex_column_div av-zero-column-padding first  avia-builder-el-0  el_before_av_one_full  avia-builder-el-first  \" style='border-radius:0px; '><div  class='avia-image-container  av-styling-    avia-builder-el-1  avia-builder-el-no-sibling  avia-align-center '  itemprop=\"image\" itemscope=\"itemscope\" itemtype=\"https:\/\/schema.org\/ImageObject\"  ><div class='avia-image-container-inner'><div class='avia-image-overlay-wrap'><img decoding=\"async\" class='wp-image-58935 avia-img-lazy-loading-not-58935 avia_image' src=\"https:\/\/radiorevelacionfm.cl\/wp-content\/uploads\/2025\/09\/23-3-1_optimized.jpeg\" alt='' title='23-(3)-(1)_optimized' height=\"600\" width=\"800\"  itemprop=\"thumbnailUrl\" srcset=\"https:\/\/radiorevelacionfm.cl\/wp-content\/uploads\/2025\/09\/23-3-1_optimized.jpeg 800w, https:\/\/radiorevelacionfm.cl\/wp-content\/uploads\/2025\/09\/23-3-1_optimized-300x225.jpeg 300w, https:\/\/radiorevelacionfm.cl\/wp-content\/uploads\/2025\/09\/23-3-1_optimized-768x576.jpeg 768w, https:\/\/radiorevelacionfm.cl\/wp-content\/uploads\/2025\/09\/23-3-1_optimized-705x529.jpeg 705w, https:\/\/radiorevelacionfm.cl\/wp-content\/uploads\/2025\/09\/23-3-1_optimized-450x338.jpeg 450w, https:\/\/radiorevelacionfm.cl\/wp-content\/uploads\/2025\/09\/23-3-1_optimized-600x450.jpeg 600w\" sizes=\"(max-width: 800px) 100vw, 800px\" \/><\/div><\/div><\/div><\/div><div class=\"flex_column av_one_full  flex_column_div av-zero-column-padding first  avia-builder-el-2  el_after_av_one_full  el_before_av_one_full  column-top-margin\" style='border-radius:0px; '><section class=\"av_textblock_section \"  itemscope=\"itemscope\" itemtype=\"https:\/\/schema.org\/BlogPosting\" itemprop=\"blogPost\" ><div class='avia_textblock  '   itemprop=\"text\" ><p style=\"text-align: center;\"><span style=\"font-size: 18pt;\"><b>Sernapesca mantendr\u00e1 fiscalizaciones en zona contigua Los Lagos-Ays\u00e9n tras cierre de cuota del erizo<\/b><\/span><\/p>\n<div id=\"gtx-trans\" style=\"position: absolute; left: -50px; top: 4.31534px;\">\n<div class=\"gtx-trans-icon\"><\/div>\n<\/div>\n<\/div><\/section><\/div><div class=\"flex_column av_one_full  flex_column_div av-zero-column-padding first  avia-builder-el-4  el_after_av_one_full  el_before_av_hr  column-top-margin\" style='border-radius:0px; '><section class=\"av_textblock_section \"  itemscope=\"itemscope\" itemtype=\"https:\/\/schema.org\/BlogPosting\" itemprop=\"blogPost\" ><div class='avia_textblock  '   itemprop=\"text\" ><p style=\"font-weight: 400; text-align: justify;\">El Servicio Nacional de Pesca y Acuicultura (Sernapesca) mantiene durante todo el a\u00f1o un plan de fiscalizaci\u00f3n en la zona contigua, la que corresponde a un acuerdo que autoriza a pescadores artesanales inscritos en la regi\u00f3n de Los Lagos a operar en parte de la regi\u00f3n de Ays\u00e9n. No obstante, se han detectado embarcaciones de Los Lagos extrayendo recursos en esta zona sin estar inscritas en el Registro Pesquero Artesanal de Sernapesca, por lo que su actividad es ilegal.<\/p>\n<p style=\"font-weight: 400; text-align: justify;\">Por esta raz\u00f3n, Sernapesca, con apoyo de la Armada de Chile, realiza constantes fiscalizaciones para asegurar que la actividad se desarrolle cumpliendo con las exigencias de la ley y que solo embarcaciones inscritas en el Registro Pesquero Artesanal puedan operar. Estos controles se llevan a cabo v\u00eda mar\u00edtima en zonas de pesca, v\u00eda a\u00e9rea y en puntos de desembarque, con el principal objetivo de resguardar la sustentabilidad de la pesca artesanal que realiza la actividad cumpliendo con la normativa vigente.<\/p>\n<p style=\"font-weight: 400; text-align: justify;\"><strong><u>Cierre de la cuota de erizo<\/u><\/strong><\/p>\n<p style=\"font-weight: 400; text-align: justify;\">La cuota de extracci\u00f3n del erizo para la regi\u00f3n de Los Lagos y zona contigua cerr\u00f3, habiendo completado la cuota de extracci\u00f3n de 8.102,63 toneladas. En cuanto a la cuota exclusiva para la regi\u00f3n de Ays\u00e9n, de 5.867,42 toneladas, se mantiene abierta, habiendo extra\u00eddo el 74% al d\u00eda 9 de septiembre.<\/p>\n<p style=\"font-weight: 400; text-align: justify;\">Cabe recordar que la veda del erizo comienza el 15 de octubre y se extiende hasta el 1 de marzo del 2026, periodo en el cual est\u00e1 prohibida la extracci\u00f3n del recurso.<\/p>\n<p style=\"font-weight: 400; text-align: justify;\">Felipe Rojas, Seremi de Econom\u00eda, Fomento y Turismo de Ays\u00e9n coment\u00f3: \u201cEl litoral de Ays\u00e9n es sumamente importante para el desarrollo econ\u00f3mico regional. Mujeres y hombres que desarrollan funciones en la pesca artesanal, se han convertido en actores relevantes en el desarrollo econ\u00f3mico de nuestro territorio y sin duda que, si hablamos de recursos bent\u00f3nicos, el erizo asoma como un producto relevante. Es por eso que cuidar este recurso es hoy urgente para garantizar que su extracci\u00f3n en los per\u00edodos autorizados, para que siga siendo una fuente de ingresos para todas y cada una de las familias de nuestra regi\u00f3n y litoral\u201d.<\/p>\n<p style=\"font-weight: 400; text-align: justify;\"><strong><u>Operativos de fiscalizaci\u00f3n<\/u><\/strong><\/p>\n<p style=\"font-weight: 400; text-align: justify;\">Durante el 2025, Sernapesca ha realizado 1.291 acciones de fiscalizaci\u00f3n en la zona contigua, controlando a 442 embarcaciones. Como resultado, se cursaron 22 citaciones y se incautaron 5,99 toneladas de recursos del mar.<\/p>\n<p style=\"font-weight: 400; text-align: justify;\">Daniela Leiva, directora regional de Sernapesca en Ays\u00e9n, se refiri\u00f3 a los operativos: \u201cEstos resultados corresponden a un balance de lo que va del a\u00f1o. Sin embargo, continuaremos fiscalizando de manera permanente para garantizar el cumplimiento del cierre de la cuota del erizo en la zona contigua y as\u00ed resguardar un recurso que es de gran importancia para la pesca artesanal de la regi\u00f3n. Agradecemos el apoyo permanente de la Armada de Chile, especialmente en las fiscalizaciones en zona de pesca, que son clave para la detecci\u00f3n de pesca ilegal\u201d.<\/p>\n<p style=\"font-weight: 400; text-align: justify;\">Del total de infracciones, un 78,6% corresponde a embarcaciones de la regi\u00f3n de Los Lagos y un 21,4% a la regi\u00f3n de Magallanes. En este \u00faltimo caso, las naves no contaban con autorizaci\u00f3n para operar en Ays\u00e9n, ya que Magallanes no tiene zona contigua con esa regi\u00f3n. Con respecto a las infracciones a las embarcaciones de Los Lagos, se deben a que no estaban inscritas en el Registro Pesquero Artesanal de Sernapesca, lo que les impide operar tanto en su regi\u00f3n de origen como en la zona contigua.<\/p>\n<\/div><\/section><\/div><div  style='height:50px' class='hr hr-invisible   avia-builder-el-6  el_after_av_one_full  el_before_av_social_share '><span class='hr-inner ' ><span class='hr-inner-style'><\/span><\/span><\/div><\/p>\n<div  class='av-social-sharing-box  avia-builder-el-7  el_after_av_hr  el_before_av_hr  '><div class='av-share-box'><h5 class='av-share-link-description av-no-toc '>Compartir esta noticia<\/h5><ul class='av-share-box-list noLightbox'><li class='av-share-link av-social-link-facebook' ><a target=\"_blank\" aria-label=\"Compartir en Facebook\" href='https:\/\/www.facebook.com\/sharer.php?u=https:\/\/radiorevelacionfm.cl\/?p=58934&#038;t=Sernapesca%20mantendr%C3%A1%20fiscalizaciones%20en%20zona%20contigua%20Los%20Lagos-Ays%C3%A9n%20tras%20cierre%20de%20cuota%20del%20erizo' aria-hidden='false' data-av_icon='\ue8f3' data-av_iconfont='entypo-fontello' title='' data-avia-related-tooltip='Compartir en Facebook' rel=\"noopener\"><span class='avia_hidden_link_text'>Compartir en Facebook<\/span><\/a><\/li><li class='av-share-link av-social-link-twitter' ><a target=\"_blank\" aria-label=\"Compartir en Twitter\" href='https:\/\/twitter.com\/share?text=Sernapesca%20mantendr%C3%A1%20fiscalizaciones%20en%20zona%20contigua%20Los%20Lagos-Ays%C3%A9n%20tras%20cierre%20de%20cuota%20del%20erizo&#038;url=https:\/\/radiorevelacionfm.cl\/?p=58934' aria-hidden='false' data-av_icon='\ue8f1' data-av_iconfont='entypo-fontello' title='' data-avia-related-tooltip='Compartir en Twitter' rel=\"noopener\"><span class='avia_hidden_link_text'>Compartir en Twitter<\/span><\/a><\/li><li class='av-share-link av-social-link-whatsapp' ><a target=\"_blank\" aria-label=\"Compartir en Whatsapp\" href='https:\/\/api.whatsapp.com\/send?text=https:\/\/radiorevelacionfm.cl\/?p=58934' aria-hidden='false' data-av_icon='\uf232' data-av_iconfont='entypo-fontello' title='' data-avia-related-tooltip='Compartir en Whatsapp' rel=\"noopener\"><span class='avia_hidden_link_text'>Compartir en Whatsapp<\/span><\/a><\/li><li class='av-share-link av-social-link-linkedin' ><a target=\"_blank\" aria-label=\"Compartir en LinkedIn\" href='https:\/\/linkedin.com\/shareArticle?mini=true&#038;title=Sernapesca%20mantendr%C3%A1%20fiscalizaciones%20en%20zona%20contigua%20Los%20Lagos-Ays%C3%A9n%20tras%20cierre%20de%20cuota%20del%20erizo&#038;url=https:\/\/radiorevelacionfm.cl\/?p=58934' aria-hidden='false' data-av_icon='\ue8fc' data-av_iconfont='entypo-fontello' title='' data-avia-related-tooltip='Compartir en LinkedIn' rel=\"noopener\"><span class='avia_hidden_link_text'>Compartir en LinkedIn<\/span><\/a><\/li><li class='av-share-link av-social-link-mail' ><a  aria-label=\"Compartir por correo\" href='mailto:?subject=Sernapesca%20mantendr%C3%A1%20fiscalizaciones%20en%20zona%20contigua%20Los%20Lagos-Ays%C3%A9n%20tras%20cierre%20de%20cuota%20del%20erizo&#038;body=https:\/\/radiorevelacionfm.cl\/?p=58934' aria-hidden='false' data-av_icon='\ue805' data-av_iconfont='entypo-fontello' title='' data-avia-related-tooltip='Compartir por correo'><span class='avia_hidden_link_text'>Compartir por correo<\/span><\/a><\/li><\/ul><\/div><\/div>\n<div  style='height:50px' class='hr hr-invisible   avia-builder-el-8  el_after_av_social_share  el_before_av_comments_list '><span class='hr-inner ' ><span class='hr-inner-style'><\/span><\/span><\/div>\n<div  class='av-buildercomment  av-blog-meta-html-info-disabled av-blog-meta-tag-disabled  '><\/div>\n","protected":false},"excerpt":{"rendered":"","protected":false},"author":1,"featured_media":58935,"comment_status":"closed","ping_status":"closed","sticky":false,"template":"","format":"standard","meta":{"footnotes":""},"categories":[60],"tags":[],"class_list":["post-58934","post","type-post","status-publish","format-standard","has-post-thumbnail","hentry","category-pesca"],"jetpack_featured_media_url":"https:\/\/radiorevelacionfm.cl\/wp-content\/uploads\/2025\/09\/23-3-1_optimized.jpeg","_links":{"self":[{"href":"https:\/\/radiorevelacionfm.cl\/index.php?rest_route=\/wp\/v2\/posts\/58934","targetHints":{"allow":["GET"]}}],"collection":[{"href":"https:\/\/radiorevelacionfm.cl\/index.php?rest_route=\/wp\/v2\/posts"}],"about":[{"href":"https:\/\/radiorevelacionfm.cl\/index.php?rest_route=\/wp\/v2\/types\/post"}],"author":[{"embeddable":true,"href":"https:\/\/radiorevelacionfm.cl\/index.php?rest_route=\/wp\/v2\/users\/1"}],"replies":[{"embeddable":true,"href":"https:\/\/radiorevelacionfm.cl\/index.php?rest_route=%2Fwp%2Fv2%2Fcomments&post=58934"}],"version-history":[{"count":2,"href":"https:\/\/radiorevelacionfm.cl\/index.php?rest_route=\/wp\/v2\/posts\/58934\/revisions"}],"predecessor-version":[{"id":58937,"href":"https:\/\/radiorevelacionfm.cl\/index.php?rest_route=\/wp\/v2\/posts\/58934\/revisions\/58937"}],"wp:featuredmedia":[{"embeddable":true,"href":"https:\/\/radiorevelacionfm.cl\/index.php?rest_route=\/wp\/v2\/media\/58935"}],"wp:attachment":[{"href":"https:\/\/radiorevelacionfm.cl\/index.php?rest_route=%2Fwp%2Fv2%2Fmedia&parent=58934"}],"wp:term":[{"taxonomy":"category","embeddable":true,"href":"https:\/\/radiorevelacionfm.cl\/index.php?rest_route=%2Fwp%2Fv2%2Fcategories&post=58934"},{"taxonomy":"post_tag","embeddable":true,"href":"https:\/\/radiorevelacionfm.cl\/index.php?rest_route=%2Fwp%2Fv2%2Ftags&post=58934"}],"curies":[{"name":"wp","href":"https:\/\/api.w.org\/{rel}","templated":true}]}}