{"id":58929,"date":"2025-09-09T15:11:19","date_gmt":"2025-09-09T18:11:19","guid":{"rendered":"https:\/\/radiorevelacionfm.cl\/?p=58929"},"modified":"2025-09-09T15:11:19","modified_gmt":"2025-09-09T18:11:19","slug":"aysen-presente-en-el-xviii-encuentro-de-cultoras-y-cultores-indigenas-y-afrodescendientes-en-iquique","status":"publish","type":"post","link":"https:\/\/radiorevelacionfm.cl\/?p=58929","title":{"rendered":"Ays\u00e9n presente en el XVIII Encuentro de Cultoras y Cultores Ind\u00edgenas y Afrodescendientes en Iquique"},"content":{"rendered":"<div class=\"flex_column av_one_full  flex_column_div av-zero-column-padding first  avia-builder-el-0  el_before_av_one_full  avia-builder-el-first  \" style='border-radius:0px; '><div  class='avia-image-container  av-styling-    avia-builder-el-1  avia-builder-el-no-sibling  avia-align-center '  itemprop=\"image\" itemscope=\"itemscope\" itemtype=\"https:\/\/schema.org\/ImageObject\"  ><div class='avia-image-container-inner'><div class='avia-image-overlay-wrap'><img decoding=\"async\" class='wp-image-58930 avia-img-lazy-loading-not-58930 avia_image' src=\"https:\/\/radiorevelacionfm.cl\/wp-content\/uploads\/2025\/09\/encuentro-iqq2-1-1_optimized.jpg\" alt='' title='encuentro-iqq2-(1)-(1)_optimized' height=\"600\" width=\"900\"  itemprop=\"thumbnailUrl\" srcset=\"https:\/\/radiorevelacionfm.cl\/wp-content\/uploads\/2025\/09\/encuentro-iqq2-1-1_optimized.jpg 900w, https:\/\/radiorevelacionfm.cl\/wp-content\/uploads\/2025\/09\/encuentro-iqq2-1-1_optimized-300x200.jpg 300w, https:\/\/radiorevelacionfm.cl\/wp-content\/uploads\/2025\/09\/encuentro-iqq2-1-1_optimized-768x512.jpg 768w, https:\/\/radiorevelacionfm.cl\/wp-content\/uploads\/2025\/09\/encuentro-iqq2-1-1_optimized-705x470.jpg 705w, https:\/\/radiorevelacionfm.cl\/wp-content\/uploads\/2025\/09\/encuentro-iqq2-1-1_optimized-450x300.jpg 450w, https:\/\/radiorevelacionfm.cl\/wp-content\/uploads\/2025\/09\/encuentro-iqq2-1-1_optimized-600x400.jpg 600w\" sizes=\"(max-width: 900px) 100vw, 900px\" \/><\/div><\/div><\/div><\/div><div class=\"flex_column av_one_full  flex_column_div av-zero-column-padding first  avia-builder-el-2  el_after_av_one_full  el_before_av_one_full  column-top-margin\" style='border-radius:0px; '><section class=\"av_textblock_section \"  itemscope=\"itemscope\" itemtype=\"https:\/\/schema.org\/BlogPosting\" itemprop=\"blogPost\" ><div class='avia_textblock  '   itemprop=\"text\" ><p style=\"text-align: center;\"><strong><span style=\"font-size: 18pt;\">Ays\u00e9n presente en el XVIII Encuentro de Cultoras y Cultores Ind\u00edgenas y Afrodescendientes en Iquique<\/span><\/strong><\/p>\n<div id=\"gtx-trans\" style=\"position: absolute; left: -50px; top: 4.31534px;\">\n<div class=\"gtx-trans-icon\"><\/div>\n<\/div>\n<\/div><\/section><\/div><div class=\"flex_column av_one_full  flex_column_div av-zero-column-padding first  avia-builder-el-4  el_after_av_one_full  el_before_av_hr  column-top-margin\" style='border-radius:0px; '><section class=\"av_textblock_section \"  itemscope=\"itemscope\" itemtype=\"https:\/\/schema.org\/BlogPosting\" itemprop=\"blogPost\" ><div class='avia_textblock  '   itemprop=\"text\" ><p style=\"text-align: justify;\">Una delegaci\u00f3n cultural de la Regi\u00f3n de Ays\u00e9n, particip\u00f3 en el XVIII Encuentro de Cultoras y Cultores Ind\u00edgenas y Afrodescendientes, punto de reuni\u00f3n macrozonal entre los territorios de Erica y Pe\u00f1a cota, Antofagasta, atacada, Coquimbo, Tarapac\u00e1 y Aysen.<\/p>\n<p style=\"text-align: justify;\">Viajaron desde el sur austral la encargada de Ciudadan\u00eda de Culturas Ays\u00e9n, Karla Achivare; la creadoras orfebres Carol Epuyao y Yorka Cheuquian; y Nieves Nitor, artesana en lana de Puerto Cisnes.<\/p>\n<p style=\"text-align: justify;\">El encuentro contempl\u00f3 4 d\u00edas de actividades con m\u00e1s de 100 cultoras y cultores; hubo mediaciones en establecimientos educacionales, muestras y degustaciones de productos, adem\u00e1s de una feria ciudadana. La programaci\u00f3n sumo actividades de artesan\u00eda, danza, m\u00fasica, gastronom\u00eda, medicina ancestral, tradiciones y saberes ancestrales de los pueblos Aymara, Quechua, Lickanantay, Diaguita, Colla, y Chango.<\/p>\n<p style=\"text-align: justify;\">Para la artesana mapuche Yorka Cheuquian, \u201cfue una gran experiencia donde pudimos mostrar nuestro arte y compartir con otros exponentes ind\u00edgenas de otros pueblos como los Aymaras, Atacame\u00f1os y Colla. Se agradece la invitaci\u00f3n y esperamos que en el pr\u00f3ximo encuentro en la Regi\u00f3n de Atacama puedan participar otros exponentes ind\u00edgenas de la regi\u00f3n\u201d.<\/p>\n<p style=\"text-align: justify;\">El seremi de Culturas Ays\u00e9n, Felipe Quiroz, dijo que \u201cel a\u00f1o pasado dimos los primeros pasos de este intercambio entre las regiones de Ays\u00e9n y Arica y Parinacota, abriendo un camino de di\u00e1logo entre territorios extremos y distantes. Hoy, con Tarapac\u00e1 como sede, consolidamos este esfuerzo con un intercambio por segundo a\u00f1o consecutivo. Estas instancias que impulsamos desde el Ministerio de las Culturas son m\u00e1s que encuentros: son actos concretos de descentralizaci\u00f3n, que nos permiten reconocernos en nuestras diferencias y en nuestras similitudes, y proyectar un trabajo com\u00fan de largo aliento. Porque construir un pa\u00eds m\u00e1s justo tambi\u00e9n significa que la cultura se viva, se piense y se decida desde todos los territorios, no solo desde el centro\u201d.<\/p>\n<\/div><\/section><\/div><div  style='height:50px' class='hr hr-invisible   avia-builder-el-6  el_after_av_one_full  el_before_av_social_share '><span class='hr-inner ' ><span class='hr-inner-style'><\/span><\/span><\/div><\/p>\n<div  class='av-social-sharing-box  avia-builder-el-7  el_after_av_hr  el_before_av_hr  '><div class='av-share-box'><h5 class='av-share-link-description av-no-toc '>Compartir esta noticia<\/h5><ul class='av-share-box-list noLightbox'><li class='av-share-link av-social-link-facebook' ><a target=\"_blank\" aria-label=\"Compartir en Facebook\" href='https:\/\/www.facebook.com\/sharer.php?u=https:\/\/radiorevelacionfm.cl\/?p=58929&#038;t=Ays%C3%A9n%20presente%20en%20el%20XVIII%20Encuentro%20de%20Cultoras%20y%20Cultores%20Ind%C3%ADgenas%20y%20Afrodescendientes%20en%20Iquique' aria-hidden='false' data-av_icon='\ue8f3' data-av_iconfont='entypo-fontello' title='' data-avia-related-tooltip='Compartir en Facebook' rel=\"noopener\"><span class='avia_hidden_link_text'>Compartir en Facebook<\/span><\/a><\/li><li class='av-share-link av-social-link-twitter' ><a target=\"_blank\" aria-label=\"Compartir en Twitter\" href='https:\/\/twitter.com\/share?text=Ays%C3%A9n%20presente%20en%20el%20XVIII%20Encuentro%20de%20Cultoras%20y%20Cultores%20Ind%C3%ADgenas%20y%20Afrodescendientes%20en%20Iquique&#038;url=https:\/\/radiorevelacionfm.cl\/?p=58929' aria-hidden='false' data-av_icon='\ue8f1' data-av_iconfont='entypo-fontello' title='' data-avia-related-tooltip='Compartir en Twitter' rel=\"noopener\"><span class='avia_hidden_link_text'>Compartir en Twitter<\/span><\/a><\/li><li class='av-share-link av-social-link-whatsapp' ><a target=\"_blank\" aria-label=\"Compartir en Whatsapp\" href='https:\/\/api.whatsapp.com\/send?text=https:\/\/radiorevelacionfm.cl\/?p=58929' aria-hidden='false' data-av_icon='\uf232' data-av_iconfont='entypo-fontello' title='' data-avia-related-tooltip='Compartir en Whatsapp' rel=\"noopener\"><span class='avia_hidden_link_text'>Compartir en Whatsapp<\/span><\/a><\/li><li class='av-share-link av-social-link-linkedin' ><a target=\"_blank\" aria-label=\"Compartir en LinkedIn\" href='https:\/\/linkedin.com\/shareArticle?mini=true&#038;title=Ays%C3%A9n%20presente%20en%20el%20XVIII%20Encuentro%20de%20Cultoras%20y%20Cultores%20Ind%C3%ADgenas%20y%20Afrodescendientes%20en%20Iquique&#038;url=https:\/\/radiorevelacionfm.cl\/?p=58929' aria-hidden='false' data-av_icon='\ue8fc' data-av_iconfont='entypo-fontello' title='' data-avia-related-tooltip='Compartir en LinkedIn' rel=\"noopener\"><span class='avia_hidden_link_text'>Compartir en LinkedIn<\/span><\/a><\/li><li class='av-share-link av-social-link-mail' ><a  aria-label=\"Compartir por correo\" href='mailto:?subject=Ays%C3%A9n%20presente%20en%20el%20XVIII%20Encuentro%20de%20Cultoras%20y%20Cultores%20Ind%C3%ADgenas%20y%20Afrodescendientes%20en%20Iquique&#038;body=https:\/\/radiorevelacionfm.cl\/?p=58929' aria-hidden='false' data-av_icon='\ue805' data-av_iconfont='entypo-fontello' title='' data-avia-related-tooltip='Compartir por correo'><span class='avia_hidden_link_text'>Compartir por correo<\/span><\/a><\/li><\/ul><\/div><\/div>\n<div  style='height:50px' class='hr hr-invisible   avia-builder-el-8  el_after_av_social_share  el_before_av_comments_list '><span class='hr-inner ' ><span class='hr-inner-style'><\/span><\/span><\/div>\n<div  class='av-buildercomment  av-blog-meta-html-info-disabled av-blog-meta-tag-disabled  '><\/div>\n","protected":false},"excerpt":{"rendered":"","protected":false},"author":1,"featured_media":58930,"comment_status":"closed","ping_status":"closed","sticky":false,"template":"","format":"standard","meta":{"footnotes":""},"categories":[52],"tags":[],"class_list":["post-58929","post","type-post","status-publish","format-standard","has-post-thumbnail","hentry","category-cultura"],"jetpack_featured_media_url":"https:\/\/radiorevelacionfm.cl\/wp-content\/uploads\/2025\/09\/encuentro-iqq2-1-1_optimized.jpg","_links":{"self":[{"href":"https:\/\/radiorevelacionfm.cl\/index.php?rest_route=\/wp\/v2\/posts\/58929","targetHints":{"allow":["GET"]}}],"collection":[{"href":"https:\/\/radiorevelacionfm.cl\/index.php?rest_route=\/wp\/v2\/posts"}],"about":[{"href":"https:\/\/radiorevelacionfm.cl\/index.php?rest_route=\/wp\/v2\/types\/post"}],"author":[{"embeddable":true,"href":"https:\/\/radiorevelacionfm.cl\/index.php?rest_route=\/wp\/v2\/users\/1"}],"replies":[{"embeddable":true,"href":"https:\/\/radiorevelacionfm.cl\/index.php?rest_route=%2Fwp%2Fv2%2Fcomments&post=58929"}],"version-history":[{"count":2,"href":"https:\/\/radiorevelacionfm.cl\/index.php?rest_route=\/wp\/v2\/posts\/58929\/revisions"}],"predecessor-version":[{"id":58933,"href":"https:\/\/radiorevelacionfm.cl\/index.php?rest_route=\/wp\/v2\/posts\/58929\/revisions\/58933"}],"wp:featuredmedia":[{"embeddable":true,"href":"https:\/\/radiorevelacionfm.cl\/index.php?rest_route=\/wp\/v2\/media\/58930"}],"wp:attachment":[{"href":"https:\/\/radiorevelacionfm.cl\/index.php?rest_route=%2Fwp%2Fv2%2Fmedia&parent=58929"}],"wp:term":[{"taxonomy":"category","embeddable":true,"href":"https:\/\/radiorevelacionfm.cl\/index.php?rest_route=%2Fwp%2Fv2%2Fcategories&post=58929"},{"taxonomy":"post_tag","embeddable":true,"href":"https:\/\/radiorevelacionfm.cl\/index.php?rest_route=%2Fwp%2Fv2%2Ftags&post=58929"}],"curies":[{"name":"wp","href":"https:\/\/api.w.org\/{rel}","templated":true}]}}