{"id":58927,"date":"2025-09-12T14:40:36","date_gmt":"2025-09-12T17:40:36","guid":{"rendered":"https:\/\/radiorevelacionfm.cl\/?p=58927"},"modified":"2025-09-12T14:40:36","modified_gmt":"2025-09-12T17:40:36","slug":"columna-de-opinion-la-desinformacion-socava-la-democracia","status":"publish","type":"post","link":"https:\/\/radiorevelacionfm.cl\/?p=58927","title":{"rendered":"Columna de Opini\u00f3n: \u201cLa Desinformaci\u00f3n socava la Democracia\u201d"},"content":{"rendered":"<div class=\"flex_column av_one_full  flex_column_div av-zero-column-padding first  avia-builder-el-0  el_before_av_one_full  avia-builder-el-first  \" style='border-radius:0px; '><div  class='avia-image-container  av-styling-    avia-builder-el-1  avia-builder-el-no-sibling  avia-align-center '  itemprop=\"image\" itemscope=\"itemscope\" itemtype=\"https:\/\/schema.org\/ImageObject\"  ><div class='avia-image-container-inner'><div class='avia-image-overlay-wrap'><img decoding=\"async\" class='wp-image-55530 avia-img-lazy-loading-not-55530 avia_image' src=\"https:\/\/radiorevelacionfm.cl\/wp-content\/uploads\/2025\/06\/seremi-gobierno_columna20_optimized.06-1.jpeg\" alt='' title='seremi-gobierno_columna20_optimized.06-(1)' height=\"675\" width=\"800\"  itemprop=\"thumbnailUrl\" srcset=\"https:\/\/radiorevelacionfm.cl\/wp-content\/uploads\/2025\/06\/seremi-gobierno_columna20_optimized.06-1.jpeg 800w, https:\/\/radiorevelacionfm.cl\/wp-content\/uploads\/2025\/06\/seremi-gobierno_columna20_optimized.06-1-300x253.jpeg 300w, https:\/\/radiorevelacionfm.cl\/wp-content\/uploads\/2025\/06\/seremi-gobierno_columna20_optimized.06-1-768x648.jpeg 768w, https:\/\/radiorevelacionfm.cl\/wp-content\/uploads\/2025\/06\/seremi-gobierno_columna20_optimized.06-1-705x595.jpeg 705w, https:\/\/radiorevelacionfm.cl\/wp-content\/uploads\/2025\/06\/seremi-gobierno_columna20_optimized.06-1-450x380.jpeg 450w, https:\/\/radiorevelacionfm.cl\/wp-content\/uploads\/2025\/06\/seremi-gobierno_columna20_optimized.06-1-600x506.jpeg 600w\" sizes=\"(max-width: 800px) 100vw, 800px\" \/><\/div><\/div><\/div><\/div><div class=\"flex_column av_one_full  flex_column_div av-zero-column-padding first  avia-builder-el-2  el_after_av_one_full  el_before_av_one_full  column-top-margin\" style='border-radius:0px; '><section class=\"av_textblock_section \"  itemscope=\"itemscope\" itemtype=\"https:\/\/schema.org\/BlogPosting\" itemprop=\"blogPost\" ><div class='avia_textblock  '   itemprop=\"text\" ><p style=\"text-align: center;\"><strong><span style=\"font-size: 18pt;\">Columna de Opini\u00f3n: \u201cLa Desinformaci\u00f3n socava la Democracia\u201d<\/span><\/strong><\/p>\n<div id=\"gtx-trans\" style=\"position: absolute; left: -50px; top: 4.31534px;\">\n<div class=\"gtx-trans-icon\"><\/div>\n<\/div>\n<\/div><\/section><\/div><div class=\"flex_column av_one_full  flex_column_div av-zero-column-padding first  avia-builder-el-4  el_after_av_one_full  el_before_av_hr  column-top-margin\" style='border-radius:0px; '><section class=\"av_textblock_section \"  itemscope=\"itemscope\" itemtype=\"https:\/\/schema.org\/BlogPosting\" itemprop=\"blogPost\" ><div class='avia_textblock  '   itemprop=\"text\" ><p style=\"text-align: justify;\"><em>Por \u00darsula Mix, Seremi de Gobierno de Ays\u00e9n<\/em><\/p>\n<p style=\"text-align: justify;\">En los \u00faltimos d\u00edas, un reportaje televisivo revel\u00f3 la existencia de una red de cuentas falsas y bots en redes sociales, cuyo objetivo es difundir noticias falsas y manipular la opini\u00f3n p\u00fablica. Este hecho encendi\u00f3 las alarmas a nivel nacional, porque nos recuerda lo vulnerable que puede ser nuestra democracia frente a la desinformaci\u00f3n, especialmente en un contexto electoral.<\/p>\n<p style=\"text-align: justify;\">Hoy las noticias falsas se propagan m\u00e1s r\u00e1pido que nunca. Basta con un par de clics para que una informaci\u00f3n err\u00f3nea llegue a miles de personas en cuesti\u00f3n de minutos, afectando la confianza ciudadana y generando miedo o confusi\u00f3n. En tiempos donde la inmediatez parece ser m\u00e1s importante que la veracidad, resulta urgente detenerse y reflexionar.<\/p>\n<p style=\"text-align: justify;\">Nuestra Subsecretar\u00eda General de Gobierno ha impulsado la campa\u00f1a nacional \u201cAguanta, Chequea, Comparte\u201d, que busca entregar a la ciudadan\u00eda herramientas simples para identificar y verificar los contenidos que circulan en redes sociales. Esta campa\u00f1a no solo se trata de un llamado a la responsabilidad individual, sino tambi\u00e9n de un esfuerzo colectivo por proteger la democracia y el derecho de todas y todos a acceder a informaci\u00f3n veraz.<\/p>\n<p style=\"text-align: justify;\">La investigaci\u00f3n period\u00edstica mostr\u00f3 con claridad c\u00f3mo funcionan los llamados bots: programas inform\u00e1ticos dise\u00f1ados para realizar acciones autom\u00e1ticas que imitan a personas reales en redes sociales. Estos bots pueden ser utilizados con fines leg\u00edtimos, pero en muchos casos son empleados para difundir desinformaci\u00f3n, atacar a periodistas, organizaciones o l\u00edderes sociales, e incluso para sembrar discordia en los debates p\u00fablicos.<\/p>\n<p style=\"text-align: justify;\">No se trata de un problema ajeno a nuestra regi\u00f3n. En Ays\u00e9n tambi\u00e9n hemos visto c\u00f3mo, a trav\u00e9s de cadenas de WhatsApp, p\u00e1ginas an\u00f3nimas o perfiles falsos, circulan rumores que generan desconfianza entre vecinos y vecinas. La desinformaci\u00f3n no solo da\u00f1a la convivencia, tambi\u00e9n erosiona la democracia, porque atenta contra el derecho de las personas a decidir con informaci\u00f3n clara y honesta.<\/p>\n<p style=\"text-align: justify;\">Como Gobierno queremos ser enf\u00e1ticos: la democracia se construye sobre la base de la verdad, la transparencia y el respeto. Por eso, el llamado es claro: antes de compartir una noticia, aguanta, verifica y luego comparte. La participaci\u00f3n informada y responsable es clave para cuidar nuestra democracia, y ese es un compromiso que debemos asumir entre todas y todos.<\/p>\n<\/div><\/section><\/div><div  style='height:50px' class='hr hr-invisible   avia-builder-el-6  el_after_av_one_full  el_before_av_social_share '><span class='hr-inner ' ><span class='hr-inner-style'><\/span><\/span><\/div><\/p>\n<div  class='av-social-sharing-box  avia-builder-el-7  el_after_av_hr  el_before_av_hr  '><div class='av-share-box'><h5 class='av-share-link-description av-no-toc '>Compartir esta noticia<\/h5><ul class='av-share-box-list noLightbox'><li class='av-share-link av-social-link-facebook' ><a target=\"_blank\" aria-label=\"Compartir en Facebook\" href='https:\/\/www.facebook.com\/sharer.php?u=https:\/\/radiorevelacionfm.cl\/?p=58927&#038;t=Columna%20de%20Opini%C3%B3n%3A%20%E2%80%9CLa%20Desinformaci%C3%B3n%20socava%20la%20Democracia%E2%80%9D' aria-hidden='false' data-av_icon='\ue8f3' data-av_iconfont='entypo-fontello' title='' data-avia-related-tooltip='Compartir en Facebook' rel=\"noopener\"><span class='avia_hidden_link_text'>Compartir en Facebook<\/span><\/a><\/li><li class='av-share-link av-social-link-twitter' ><a target=\"_blank\" aria-label=\"Compartir en Twitter\" href='https:\/\/twitter.com\/share?text=Columna%20de%20Opini%C3%B3n%3A%20%E2%80%9CLa%20Desinformaci%C3%B3n%20socava%20la%20Democracia%E2%80%9D&#038;url=https:\/\/radiorevelacionfm.cl\/?p=58927' aria-hidden='false' data-av_icon='\ue8f1' data-av_iconfont='entypo-fontello' title='' data-avia-related-tooltip='Compartir en Twitter' rel=\"noopener\"><span class='avia_hidden_link_text'>Compartir en Twitter<\/span><\/a><\/li><li class='av-share-link av-social-link-whatsapp' ><a target=\"_blank\" aria-label=\"Compartir en Whatsapp\" href='https:\/\/api.whatsapp.com\/send?text=https:\/\/radiorevelacionfm.cl\/?p=58927' aria-hidden='false' data-av_icon='\uf232' data-av_iconfont='entypo-fontello' title='' data-avia-related-tooltip='Compartir en Whatsapp' rel=\"noopener\"><span class='avia_hidden_link_text'>Compartir en Whatsapp<\/span><\/a><\/li><li class='av-share-link av-social-link-linkedin' ><a target=\"_blank\" aria-label=\"Compartir en LinkedIn\" href='https:\/\/linkedin.com\/shareArticle?mini=true&#038;title=Columna%20de%20Opini%C3%B3n%3A%20%E2%80%9CLa%20Desinformaci%C3%B3n%20socava%20la%20Democracia%E2%80%9D&#038;url=https:\/\/radiorevelacionfm.cl\/?p=58927' aria-hidden='false' data-av_icon='\ue8fc' data-av_iconfont='entypo-fontello' title='' data-avia-related-tooltip='Compartir en LinkedIn' rel=\"noopener\"><span class='avia_hidden_link_text'>Compartir en LinkedIn<\/span><\/a><\/li><li class='av-share-link av-social-link-mail' ><a  aria-label=\"Compartir por correo\" href='mailto:?subject=Columna%20de%20Opini%C3%B3n%3A%20%E2%80%9CLa%20Desinformaci%C3%B3n%20socava%20la%20Democracia%E2%80%9D&#038;body=https:\/\/radiorevelacionfm.cl\/?p=58927' aria-hidden='false' data-av_icon='\ue805' data-av_iconfont='entypo-fontello' title='' data-avia-related-tooltip='Compartir por correo'><span class='avia_hidden_link_text'>Compartir por correo<\/span><\/a><\/li><\/ul><\/div><\/div>\n<div  style='height:50px' class='hr hr-invisible   avia-builder-el-8  el_after_av_social_share  el_before_av_comments_list '><span class='hr-inner ' ><span class='hr-inner-style'><\/span><\/span><\/div>\n<div  class='av-buildercomment  av-blog-meta-html-info-disabled av-blog-meta-tag-disabled  '><\/div>\n","protected":false},"excerpt":{"rendered":"","protected":false},"author":1,"featured_media":55530,"comment_status":"closed","ping_status":"closed","sticky":false,"template":"","format":"standard","meta":{"footnotes":""},"categories":[50],"tags":[],"class_list":["post-58927","post","type-post","status-publish","format-standard","has-post-thumbnail","hentry","category-cartas-y-opinion"],"jetpack_featured_media_url":"https:\/\/radiorevelacionfm.cl\/wp-content\/uploads\/2025\/06\/seremi-gobierno_columna20_optimized.06-1.jpeg","_links":{"self":[{"href":"https:\/\/radiorevelacionfm.cl\/index.php?rest_route=\/wp\/v2\/posts\/58927","targetHints":{"allow":["GET"]}}],"collection":[{"href":"https:\/\/radiorevelacionfm.cl\/index.php?rest_route=\/wp\/v2\/posts"}],"about":[{"href":"https:\/\/radiorevelacionfm.cl\/index.php?rest_route=\/wp\/v2\/types\/post"}],"author":[{"embeddable":true,"href":"https:\/\/radiorevelacionfm.cl\/index.php?rest_route=\/wp\/v2\/users\/1"}],"replies":[{"embeddable":true,"href":"https:\/\/radiorevelacionfm.cl\/index.php?rest_route=%2Fwp%2Fv2%2Fcomments&post=58927"}],"version-history":[{"count":2,"href":"https:\/\/radiorevelacionfm.cl\/index.php?rest_route=\/wp\/v2\/posts\/58927\/revisions"}],"predecessor-version":[{"id":59137,"href":"https:\/\/radiorevelacionfm.cl\/index.php?rest_route=\/wp\/v2\/posts\/58927\/revisions\/59137"}],"wp:featuredmedia":[{"embeddable":true,"href":"https:\/\/radiorevelacionfm.cl\/index.php?rest_route=\/wp\/v2\/media\/55530"}],"wp:attachment":[{"href":"https:\/\/radiorevelacionfm.cl\/index.php?rest_route=%2Fwp%2Fv2%2Fmedia&parent=58927"}],"wp:term":[{"taxonomy":"category","embeddable":true,"href":"https:\/\/radiorevelacionfm.cl\/index.php?rest_route=%2Fwp%2Fv2%2Fcategories&post=58927"},{"taxonomy":"post_tag","embeddable":true,"href":"https:\/\/radiorevelacionfm.cl\/index.php?rest_route=%2Fwp%2Fv2%2Ftags&post=58927"}],"curies":[{"name":"wp","href":"https:\/\/api.w.org\/{rel}","templated":true}]}}